{"id":1530,"date":"2023-04-30T22:39:04","date_gmt":"2023-04-30T20:39:04","guid":{"rendered":"https:\/\/leseffrontes.fr\/?p=1530"},"modified":"2025-10-31T16:38:43","modified_gmt":"2025-10-31T15:38:43","slug":"leffrontee-du-mois-davril-2023-helene","status":"publish","type":"post","link":"https:\/\/leseffrontes.fr\/index.php\/2023\/04\/30\/leffrontee-du-mois-davril-2023-helene\/","title":{"rendered":"L&rsquo;Effront\u00e9e du mois d&rsquo;avril 2023\u00a0: H\u00e9l\u00e8ne"},"content":{"rendered":"\n<blockquote class=\"wp-block-quote is-layout-flow wp-block-quote-is-layout-flow\">\n<p>Brrr\u2026 L\u2019eau est encore froide&nbsp;! Mais c\u2019est un avant-go\u00fbt de l\u2019\u00e9t\u00e9, quand nous serons toutes dor\u00e9es et belles comme des Afghanes ou des Iraniennes. Elle est fra\u00eeche quand m\u00eame\u2026 Je vais t\u00e2cher d\u2019immerger mon popotin, \u00e7a draine les toxines (d\u2019apr\u00e8s Sant\u00e9 Magazine). Cette ann\u00e9e, je ne fais plus le r\u00e9gime concombre-salade-haricots-verts (recommand\u00e9 par Femme Actuelle). Ni le r\u00e9gime soupe-aux-choux, qui \u00e9tait bien meilleur mais me donnait des gaz (il ne l\u2019avait pas dit dans le Journal des Femmes). Ni le r\u00e9gime saumon-avocat-omega-3, c\u2019est devenu trop cher (ils ne se rendent pas compte chez Cosmo). Tous ces efforts, d\u00e8s que l\u2019\u00e9t\u00e9 approchait \u00e0 l\u2019horizon \u2014 enfin, avec trois ou quatre mois d\u2019avance\u2026 \u2014 finis&nbsp;!<\/p>\n\n\n\n<p>C\u2019est un mec qui m\u2019a tout fait comprendre. Julien&#8230; Non, Adrien. C\u2019\u00e9tait \u00e0 la soir\u00e9e chez Lucie. On parlait de l\u2019emprise patriarcale sur notre corps, l\u2019obligation d\u2019\u00eatre belle, le maillot de l\u2019ann\u00e9e derni\u00e8re de plus en plus \u00e9chancr\u00e9 sur mes fesses alors que c\u2019est cens\u00e9 \u00eatre du <em>stretch<\/em>, tout \u00e7a\u2026 Lucie commen\u00e7ait un super r\u00e9gime \u00e0 base de yaourt au lait de soja sugg\u00e9r\u00e9 par son prof de yoga ayurv\u00e9dique. Moi, j\u2019\u00e9tais dans un terrible r\u00e9gime hypoglyc\u00e9mique sans sel contre les peaux d\u2019orange, mais je n\u2019en pouvais plus. J\u2019\u00e9tais au bord des larmes d\u00e8s que je passais devant un <em>kebab<\/em>, alors que je n\u2019en mange jamais&nbsp;! Adrien revenait de la cuisine avec une bi\u00e8re et des chips au vinaigre. Adrien\u2026 Ou Lucien&nbsp;? Je crois que c\u2019\u00e9tait Lucien. Et alors, Lucien, qui \u00e9tait d\u00e9j\u00e0 bien bourr\u00e9, \u00e9clate de rire et nous dit&nbsp;: \u00ab&nbsp;Les meufs&nbsp;! LES MEUFS&nbsp;! Nan mais s\u00e9rieux\u2026 Les meufs, l\u00e0. Vous me faites trop marrer. Toujours pareil. Et le r\u00e9gime de Marie Claire, et le r\u00e9gime de Elle, et le r\u00e9gime de Closer ou de Gala, et le r\u00e9gime de ceci, de cela\u2026 Toujours pareil. Et \u00e7a rentre pas dans son froc, et \u00e7a rentre plus dans sa robe, et \u00e7a fait craquer son <em>string<\/em>&#8230;&nbsp;\u00bb \u00c0 ce moment il a repris une pleine poign\u00e9e de chips croustillantes et dor\u00e9es \u00e0 souhait\u2026 Je voulais le mordre&nbsp;! \u00ab&nbsp;Les meufs\u2026 Quoi&nbsp;? Faut arr\u00eater de vous prendre la t\u00eate pour votre boule. Regarde, tu tournes les pages, c\u2019est que de la pub&nbsp;! De la pub, de la pub, de la pub\u2026 Les filles qui posent, l\u00e0, elles ont dix-huit ans max. Et elles ont \u00e9t\u00e9 choisie pour avoir l\u2019air de ce que la plupart des meufs ne sont pas. Meufs, vos magazines, l\u00e0\u2026 C\u2019est fait pour vous faire acheter des trucs. Des fringues trop moulantes, des r\u00e9gimes \u00e0 la con, des bouquins \u00e0 la con sur des r\u00e9gimes \u00e0 la con, des kilos de maquillage, tout \u00e7a&#8230; m\u00eame de la chirurgie ou je ne sais pas quoi. Et vous, vous achetez, comme des connes. Et vous vous privez. Et apr\u00e8s c\u2019est&nbsp;: \u201cOuin, ouin, le regard-des-zommes\u201d, \u201cOuin, ouin, l\u2019oppression des injonctions du truc patriarcal, l\u00e0\u201d. Mais qu\u2019est-ce qu\u2019on s\u2019en fout&nbsp;?&nbsp;\u00bb (Il a ponctu\u00e9 d\u2019un petit rot.) \u00ab&nbsp;Laissez tomber, quoi. Lais-sez tom-ber.&nbsp;\u00bb Je n\u2019\u00e9coutais d\u00e9j\u00e0 plus Aur\u00e9lien. Je m\u2019\u00e9tais ru\u00e9e sur la pizza que Caro avait sorti du four pour la distribuer. J\u2019ai pris trois parts, j\u2019ai tout goinfr\u00e9 en quelques secondes.<\/p>\n\n\n\n<p>Ce type m\u2019avait fait prendre conscience de mon conditionnement&nbsp;: si je m\u2019\u00e9tais tant priv\u00e9e chaque ann\u00e9e pour \u00eatre sexy, ce n\u2019\u00e9tait pas seulement \u00e0 cause du poids du regard lubrique des machos phallocrates sur mes rondeurs de femme forc\u00e9ment belle \u2014 car toutes les femmes sont belles \u2014 non, il y avait un autre ennemi qui complotait contre l\u2019\u00e9mancipation de notre f\u00e9minit\u00e9 naturelle pour faire du profit&nbsp;: les fabricants de maillots de bain. C\u2019est \u00e0 cause d\u2019eux, \u00e0 cause de leurs tissus trop serr\u00e9s, trop moulants (surtout quand ils sont mouill\u00e9s), que nous souffrons toutes de la faim, en 2023, alors que pendant ce temps des enfants meurent de faim aussi mais ailleurs. Alors j\u2019ai d\u00e9cid\u00e9 que cette ann\u00e9e je ne ferai plus de r\u00e9gime et je ne mettrai plus de maillot. J\u2019ai d\u00e9j\u00e0 pos\u00e9 mes r\u00e9servations dans des camping naturistes. L\u2019\u00e9t\u00e9 sera lib\u00e9r\u00e9 et je ne manquerai plus le buffet. Je serai belle et \u00e0 poil au soleil&nbsp;! En attendant, il faut vraiment que j\u2019arrive \u00e0 mettre le ventre dans l\u2019eau, \u00e7a retend les bourrelets (je l\u2019ai lu sur Doctissimo). Brrr&nbsp;! C\u2019est glaciaaaaal&nbsp;!<\/p>\n<\/blockquote>\n\n\n\n<p>Illustration\u00a0: <em>Dans l\u2019eau<\/em>, par Eugene de Blaas, 1914<\/p>","protected":false},"excerpt":{"rendered":"<p>Brrr\u2026 L\u2019eau est encore froide&nbsp;! Mais c\u2019est un avant-go\u00fbt de l\u2019\u00e9t\u00e9, quand nous serons toutes dor\u00e9es et belles comme des Afghanes ou des Iraniennes. Elle est fra\u00eeche quand m\u00eame\u2026 Je vais t\u00e2cher d\u2019immerger mon popotin, \u00e7a draine les toxines (d\u2019apr\u00e8s Sant\u00e9 Magazine). Cette ann\u00e9e, je ne fais plus le r\u00e9gime&hellip;<\/p>\n<p><a class=\"excerpt-readmore\" href=\"https:\/\/leseffrontes.fr\/index.php\/2023\/04\/30\/leffrontee-du-mois-davril-2023-helene\/\">Read More<\/a><\/p>","protected":false},"author":2,"featured_media":1531,"comment_status":"open","ping_status":"open","sticky":false,"template":"","format":"standard","meta":{"twitterCardType":"","cardImageID":0,"cardImage":"","cardTitle":"","cardDesc":"","cardImageAlt":"","cardPlayer":"","cardPlayerWidth":0,"cardPlayerHeight":0,"cardPlayerStream":"","cardPlayerCodec":"","footnotes":""},"categories":[8],"tags":[64,79],"class_list":["post-1530","post","type-post","status-publish","format-standard","has-post-thumbnail","hentry","category-effronteedumois","tag-effrontee","tag-eugene-de-blaas","odd"],"_links":{"self":[{"href":"https:\/\/leseffrontes.fr\/index.php\/wp-json\/wp\/v2\/posts\/1530","targetHints":{"allow":["GET"]}}],"collection":[{"href":"https:\/\/leseffrontes.fr\/index.php\/wp-json\/wp\/v2\/posts"}],"about":[{"href":"https:\/\/leseffrontes.fr\/index.php\/wp-json\/wp\/v2\/types\/post"}],"author":[{"embeddable":true,"href":"https:\/\/leseffrontes.fr\/index.php\/wp-json\/wp\/v2\/users\/2"}],"replies":[{"embeddable":true,"href":"https:\/\/leseffrontes.fr\/index.php\/wp-json\/wp\/v2\/comments?post=1530"}],"version-history":[{"count":6,"href":"https:\/\/leseffrontes.fr\/index.php\/wp-json\/wp\/v2\/posts\/1530\/revisions"}],"predecessor-version":[{"id":1971,"href":"https:\/\/leseffrontes.fr\/index.php\/wp-json\/wp\/v2\/posts\/1530\/revisions\/1971"}],"wp:featuredmedia":[{"embeddable":true,"href":"https:\/\/leseffrontes.fr\/index.php\/wp-json\/wp\/v2\/media\/1531"}],"wp:attachment":[{"href":"https:\/\/leseffrontes.fr\/index.php\/wp-json\/wp\/v2\/media?parent=1530"}],"wp:term":[{"taxonomy":"category","embeddable":true,"href":"https:\/\/leseffrontes.fr\/index.php\/wp-json\/wp\/v2\/categories?post=1530"},{"taxonomy":"post_tag","embeddable":true,"href":"https:\/\/leseffrontes.fr\/index.php\/wp-json\/wp\/v2\/tags?post=1530"}],"curies":[{"name":"wp","href":"https:\/\/api.w.org\/{rel}","templated":true}]}}