{"id":1707,"date":"2023-08-06T20:55:41","date_gmt":"2023-08-06T18:55:41","guid":{"rendered":"https:\/\/leseffrontes.fr\/?p=1707"},"modified":"2024-03-31T16:57:08","modified_gmt":"2024-03-31T14:57:08","slug":"leffrontee-du-mois-de-juillet-2023-marina","status":"publish","type":"post","link":"https:\/\/leseffrontes.fr\/index.php\/2023\/08\/06\/leffrontee-du-mois-de-juillet-2023-marina\/","title":{"rendered":"L\u2019Effront\u00e9e du mois de juillet 2023\u00a0: Marina"},"content":{"rendered":"\n<blockquote class=\"wp-block-quote is-layout-flow wp-block-quote-is-layout-flow\">\n<p>Vous \u00eates s\u00fbr que c\u2019est un temps de saison\u00a0? Certains jours, j\u2019ai du mal \u00e0 croire que c\u2019est l\u2019\u00e9t\u00e9. Un coup il y a du soleil, un coup il fait gris. Ensuite il pleut, ensuite il y a du vent\u2026 parfois de l\u2019orage, puis du soleil \u00e0 nouveau. Ce n\u2019est pas que j\u2019ai peur de l\u2019eau, mais j\u2019esp\u00e9rais rencontrer du monde. Les beaux jours, il y a quelques familles. Des jeunes hommes parfois, mais ils sont fluets, timides et un peu niais. Ils passent leur temps \u00e0 papoter entre gar\u00e7ons et regarder leur t\u00e9l\u00e9phone. Quand ils se trempent les pieds dans l\u2019eau, ils la trouvent un peu froide et h\u00e9sitent \u00e0 s\u2019immerger au dessus de la taille. Quelques-uns sont app\u00e9tissants, j\u2019aimerais les entra\u00eener avec moi. Leur faire perdre pied \u2014 cela m\u2019\u00e9tait si facile avant \u2014 mais on dirait que je leur fais peur \u00e0 pr\u00e9sent. C\u2019est frustrant. Pour ne pas \u00eatre compl\u00e8tement ignor\u00e9e, j\u2019ai m\u00eame d\u00fb faire <a href=\"https:\/\/leseffrontes.fr\/index.php\/2021\/09\/24\/pourquoi-les-francaises-ne-font-pas-le-premier-pas\/\">le premier pas<\/a>\u00a0: \u00ab\u00a0Saluuuut\u00a0! Moi c\u2019est Marina. Tu viens souvent ici\u00a0? H\u00e9\u00e9\u00e9\u00a0! All\u00f4\u00a0? Reviens, quoi\u2026 \u00a0\u00bb<\/p>\n\n\n\n<p>J\u2019ai tout essay\u00e9 pour ne pas les effrayer. Je suis rest\u00e9e dans l\u2019eau pour ne pas laisser voir le bas de mon corps. J\u2019ai pris un accent provincial pour ne pas \u00eatre prise pour une Parisienne. J\u2019ai enlev\u00e9 mes perles pour ne pas faire bourgeoise et bross\u00e9 mes cheveux pour ne pas faire n\u00e9glig\u00e9e&nbsp;; je suis rest\u00e9e seins nus pour ne pas avoir l\u2019air coinc\u00e9e. Je n\u2019ai pas parl\u00e9 de f\u00e9minisme, ni de climat, ni d\u2019immigration, ni de vaccins, ni de la guerre en Ukraine, ni d\u2019\u00e9meutes. Que des choses positives&nbsp;: les vacances, la mer, les jeux qu\u2019on pourrait faire\u2026 Je me suis prise vent sur vent.<\/p>\n\n\n\n<p>Et puis je me suis faite surprendre&nbsp;: il faisait moche, il n\u2019y avait personne, je me suis assoupie sur le sable, la queue dissimul\u00e9e sous une grande serviette. Quand l\u2019\u00e9claircie m\u2019a r\u00e9veill\u00e9e, je l\u2019ai vu \u00e0 deux pas de moi. Plus possible de me glisser discr\u00e8tement dans l\u2019eau&nbsp;! Je lui dis bonjour avec une voix aussi douce que possible et je me dis&nbsp;: \u00ab&nbsp;Si je ne l\u2019effraie pas, il va peut-\u00eatre me parler. Et s\u2019il s\u2019enhardit, nous pourrions flirter un peu&#8230;&nbsp;\u00bb Et l\u00e0, catastrophe&nbsp;! Une rafale emporte ma serviette, je me retrouve toute enti\u00e8re visible, les \u00e9cailles luisantes comme des paillettes sous le soleil. Le type se retrouve m\u00e2choire pendante, les yeux exorbit\u00e9s par la surprise&nbsp;: \u00ab&nbsp;Une\u2026 une&#8230;&nbsp;\u00bb Je me dis&nbsp;: \u00ab&nbsp;Tout est fichu&nbsp;: il va s\u2019enfuir en hurlant, rameuter je ne sais pas qui, il va falloir que je fasse des miles et des miles \u00e0 contre-courant pour trouver un autre lieu de vacances encore plus morne. \u00ab&nbsp;T\u2019es&#8230; T\u2019es une SIR\u00c8NE&nbsp;!&nbsp;\u00bb C\u2019est g\u00e9n\u00e9ralement \u00e0 ce moment que les d\u00e9fenseurs du m\u00e9tissage r\u00e9alisent que certains m\u00e9langes ne fonctionnent pas. Ou que l\u2019on essaye de m\u2019\u00e9ventrer mentalement en se demandant combien de citrons et de beurre il faudrait pour me cuisiner en papillote. Bref, je suis dans la sauce\u2026<\/p>\n\n\n\n<p>\u00ab&nbsp;T\u2019es une VRAIE sir\u00e8ne&nbsp;! Ah, \u00e7a me rassure\u2026<\/p>\n\n\n\n<p>\u2014 Pardon&nbsp;?<\/p>\n\n\n\n<p>\u2014 J\u2019ai cru que t\u2019\u00e9tais une meuf. Ah, mais c\u2019est trop cool, \u00e7a&nbsp;! Je m\u2019appelle Samuel, et toi&nbsp;?<\/p>\n\n\n\n<p>\u2014 Marina.<\/p>\n\n\n\n<p>\u2014 Mais c\u2019est trop mimi&nbsp;! Je peux m\u2019installer \u00e0 c\u00f4t\u00e9 de toi&nbsp;? Tu viens souvent ici&nbsp;?&nbsp;\u00bb<\/p>\n\n\n\n<p>Et voil\u00e0 comment Sam est devenu mon pote tout le reste de l\u2019\u00e9t\u00e9.<\/p>\n<\/blockquote>\n\n\n\n<p>Illustration&nbsp;: <em>La Sir\u00e8ne<\/em>, par John William Waterhouse, 1900<\/p>","protected":false},"excerpt":{"rendered":"<p>Vous \u00eates s\u00fbr que c\u2019est un temps de saison\u00a0? Certains jours, j\u2019ai du mal \u00e0 croire que c\u2019est l\u2019\u00e9t\u00e9. Un coup il y a du soleil, un coup il fait gris. Ensuite il pleut, ensuite il y a du vent\u2026 parfois de l\u2019orage, puis du soleil \u00e0 nouveau. Ce n\u2019est&hellip;<\/p>\n<p><a class=\"excerpt-readmore\" href=\"https:\/\/leseffrontes.fr\/index.php\/2023\/08\/06\/leffrontee-du-mois-de-juillet-2023-marina\/\">Read More<\/a><\/p>","protected":false},"author":2,"featured_media":1708,"comment_status":"open","ping_status":"open","sticky":false,"template":"","format":"standard","meta":{"twitterCardType":"","cardImageID":0,"cardImage":"","cardTitle":"","cardDesc":"","cardImageAlt":"","cardPlayer":"","cardPlayerWidth":0,"cardPlayerHeight":0,"cardPlayerStream":"","cardPlayerCodec":"","footnotes":""},"categories":[8],"tags":[64,55],"class_list":["post-1707","post","type-post","status-publish","format-standard","has-post-thumbnail","hentry","category-effronteedumois","tag-effrontee","tag-john-william-waterhouse","odd"],"_links":{"self":[{"href":"https:\/\/leseffrontes.fr\/index.php\/wp-json\/wp\/v2\/posts\/1707","targetHints":{"allow":["GET"]}}],"collection":[{"href":"https:\/\/leseffrontes.fr\/index.php\/wp-json\/wp\/v2\/posts"}],"about":[{"href":"https:\/\/leseffrontes.fr\/index.php\/wp-json\/wp\/v2\/types\/post"}],"author":[{"embeddable":true,"href":"https:\/\/leseffrontes.fr\/index.php\/wp-json\/wp\/v2\/users\/2"}],"replies":[{"embeddable":true,"href":"https:\/\/leseffrontes.fr\/index.php\/wp-json\/wp\/v2\/comments?post=1707"}],"version-history":[{"count":7,"href":"https:\/\/leseffrontes.fr\/index.php\/wp-json\/wp\/v2\/posts\/1707\/revisions"}],"predecessor-version":[{"id":1969,"href":"https:\/\/leseffrontes.fr\/index.php\/wp-json\/wp\/v2\/posts\/1707\/revisions\/1969"}],"wp:featuredmedia":[{"embeddable":true,"href":"https:\/\/leseffrontes.fr\/index.php\/wp-json\/wp\/v2\/media\/1708"}],"wp:attachment":[{"href":"https:\/\/leseffrontes.fr\/index.php\/wp-json\/wp\/v2\/media?parent=1707"}],"wp:term":[{"taxonomy":"category","embeddable":true,"href":"https:\/\/leseffrontes.fr\/index.php\/wp-json\/wp\/v2\/categories?post=1707"},{"taxonomy":"post_tag","embeddable":true,"href":"https:\/\/leseffrontes.fr\/index.php\/wp-json\/wp\/v2\/tags?post=1707"}],"curies":[{"name":"wp","href":"https:\/\/api.w.org\/{rel}","templated":true}]}}