{"id":1919,"date":"2023-11-03T16:12:03","date_gmt":"2023-11-03T15:12:03","guid":{"rendered":"https:\/\/leseffrontes.fr\/?p=1919"},"modified":"2025-05-09T15:01:03","modified_gmt":"2025-05-09T13:01:03","slug":"les-violences-sexuelles-en-europe-occidentale-etat-des-lieux-et-origine-des-mis-en-cause","status":"publish","type":"post","link":"https:\/\/leseffrontes.fr\/index.php\/2023\/11\/03\/les-violences-sexuelles-en-europe-occidentale-etat-des-lieux-et-origine-des-mis-en-cause\/","title":{"rendered":"Les violences sexuelles en Europe occidentale\u00a0: \u00e9tat des lieux et origine des mis en cause"},"content":{"rendered":"\n<p><em>Marc Vanguard diffuse sur Twitter des \u00e9l\u00e9ments de statistique mettant en rapport criminalit\u00e9 et immigration. Nous republions son travail sur les Effront\u00e9s dans l\u2019espoir que cela nourrisse chez le lecteur une r\u00e9flexion raisonnable et mesur\u00e9e, au lieu des r\u00e9actions \u00e9motionnelles si fr\u00e9quentes sur ce sujet. \u2014 TB<\/em><\/p>\n\n\n\n<h2 class=\"wp-block-heading\">Analyse des statistiques officielles de quatre pays europ\u00e9ens<\/h2>\n\n\n\n<p>L&rsquo;\u00e9tat des lieux des violences sexuelles est alarmant. Dans les quatre principaux pays occidentaux de l&rsquo;Union europ\u00e9enne (Allemagne, France, Italie, Espagne), on peut estimer \u00e0 environ 100.000 les victimes de viols en 2021. 30% des mis en cause sont \u00e9trangers, alors qu&rsquo;ils repr\u00e9sentent 11% de la population, soit un taux de mis en cause 4 fois plus \u00e9lev\u00e9 que les nationaux.<\/p>\n\n\n\n<figure data-wp-context=\"{&quot;imageId&quot;:&quot;69f2b2bab1fab&quot;}\" data-wp-interactive=\"core\/image\" data-wp-key=\"69f2b2bab1fab\" class=\"wp-block-image size-large wp-lightbox-container\"><img loading=\"lazy\" decoding=\"async\" width=\"1024\" height=\"707\" data-wp-class--hide=\"state.isContentHidden\" data-wp-class--show=\"state.isContentVisible\" data-wp-init=\"callbacks.setButtonStyles\" data-wp-on--click=\"actions.showLightbox\" data-wp-on--load=\"callbacks.setButtonStyles\" data-wp-on-window--resize=\"callbacks.setButtonStyles\" src=\"https:\/\/leseffrontes.fr\/wp-content\/uploads\/2023\/11\/05_01_violences_sexuelles_chiffres_cles-1024x707.jpeg\" alt=\"Les violences sexuelles en Europe occidentale, chiffres cl\u00e9s en 2021\" class=\"wp-image-1920\" title=\"Les violences sexuelles en Europe occidentale, chiffres cl\u00e9s en 2021\" srcset=\"https:\/\/leseffrontes.fr\/wp-content\/uploads\/2023\/11\/05_01_violences_sexuelles_chiffres_cles-1024x707.jpeg 1024w, https:\/\/leseffrontes.fr\/wp-content\/uploads\/2023\/11\/05_01_violences_sexuelles_chiffres_cles-300x207.jpeg 300w, https:\/\/leseffrontes.fr\/wp-content\/uploads\/2023\/11\/05_01_violences_sexuelles_chiffres_cles-768x531.jpeg 768w, https:\/\/leseffrontes.fr\/wp-content\/uploads\/2023\/11\/05_01_violences_sexuelles_chiffres_cles.jpeg 1200w\" sizes=\"auto, (max-width: 1024px) 100vw, 1024px\" \/><button\n\t\t\tclass=\"lightbox-trigger\"\n\t\t\ttype=\"button\"\n\t\t\taria-haspopup=\"dialog\"\n\t\t\taria-label=\"Agrandir\"\n\t\t\tdata-wp-init=\"callbacks.initTriggerButton\"\n\t\t\tdata-wp-on--click=\"actions.showLightbox\"\n\t\t\tdata-wp-style--right=\"state.imageButtonRight\"\n\t\t\tdata-wp-style--top=\"state.imageButtonTop\"\n\t\t>\n\t\t\t\n<svg xmlns=\"http:\/\/www.w3.org\/2000\/svg\" width=\"12\" height=\"12\" fill=\"none\" viewBox=\"0 0 12 12\">\n\t\t\t\t<path fill=\"#fff\" d=\"M2 0a2 2 0 0 0-2 2v2h1.5V2a.5.5 0 0 1 .5-.5h2V0H2Zm2 10.5H2a.5.5 0 0 1-.5-.5V8H0v2a2 2 0 0 0 2 2h2v-1.5ZM8 12v-1.5h2a.5.5 0 0 0 .5-.5V8H12v2a2 2 0 0 1-2 2H8Zm2-12a2 2 0 0 1 2 2v2h-1.5V2a.5.5 0 0 0-.5-.5H8V0h2Z\" \/>\n\t\t\t<\/svg>\n\t\t<\/button><\/figure>\n\n\n\n<p>La situation actuelle est h\u00e9rit\u00e9e d&rsquo;une d\u00e9cennie d&rsquo;augmentation des violences sexuelles, qui ont en moyenne doubl\u00e9 entre 2012 et 2021 sur les quatre pays \u00e9tudi\u00e9s. Le cas de la France montre qu&rsquo;avant l&rsquo;effet de lib\u00e9ration de la parole \u00ab&nbsp;me too&nbsp;\u00bb, l&rsquo;augmentation \u00e9tait d\u00e9j\u00e0 de +50%.<\/p>\n\n\n\n<figure data-wp-context=\"{&quot;imageId&quot;:&quot;69f2b2bab2440&quot;}\" data-wp-interactive=\"core\/image\" data-wp-key=\"69f2b2bab2440\" class=\"wp-block-image size-large wp-lightbox-container\"><img loading=\"lazy\" decoding=\"async\" width=\"1024\" height=\"707\" data-wp-class--hide=\"state.isContentHidden\" data-wp-class--show=\"state.isContentVisible\" data-wp-init=\"callbacks.setButtonStyles\" data-wp-on--click=\"actions.showLightbox\" data-wp-on--load=\"callbacks.setButtonStyles\" data-wp-on-window--resize=\"callbacks.setButtonStyles\" src=\"https:\/\/leseffrontes.fr\/wp-content\/uploads\/2023\/11\/05_02_chiffres_cles_france_augmentation-1024x707.jpeg\" alt=\"L'augmentation des violences sexuelles en France depuis 2012\" class=\"wp-image-1921\" title=\"L'augmentation des violences sexuelles en France depuis 2012\" srcset=\"https:\/\/leseffrontes.fr\/wp-content\/uploads\/2023\/11\/05_02_chiffres_cles_france_augmentation-1024x707.jpeg 1024w, https:\/\/leseffrontes.fr\/wp-content\/uploads\/2023\/11\/05_02_chiffres_cles_france_augmentation-300x207.jpeg 300w, https:\/\/leseffrontes.fr\/wp-content\/uploads\/2023\/11\/05_02_chiffres_cles_france_augmentation-768x531.jpeg 768w, https:\/\/leseffrontes.fr\/wp-content\/uploads\/2023\/11\/05_02_chiffres_cles_france_augmentation.jpeg 1200w\" sizes=\"auto, (max-width: 1024px) 100vw, 1024px\" \/><button\n\t\t\tclass=\"lightbox-trigger\"\n\t\t\ttype=\"button\"\n\t\t\taria-haspopup=\"dialog\"\n\t\t\taria-label=\"Agrandir\"\n\t\t\tdata-wp-init=\"callbacks.initTriggerButton\"\n\t\t\tdata-wp-on--click=\"actions.showLightbox\"\n\t\t\tdata-wp-style--right=\"state.imageButtonRight\"\n\t\t\tdata-wp-style--top=\"state.imageButtonTop\"\n\t\t>\n\t\t\t\n<svg xmlns=\"http:\/\/www.w3.org\/2000\/svg\" width=\"12\" height=\"12\" fill=\"none\" viewBox=\"0 0 12 12\">\n\t\t\t\t<path fill=\"#fff\" d=\"M2 0a2 2 0 0 0-2 2v2h1.5V2a.5.5 0 0 1 .5-.5h2V0H2Zm2 10.5H2a.5.5 0 0 1-.5-.5V8H0v2a2 2 0 0 0 2 2h2v-1.5ZM8 12v-1.5h2a.5.5 0 0 0 .5-.5V8H12v2a2 2 0 0 1-2 2H8Zm2-12a2 2 0 0 1 2 2v2h-1.5V2a.5.5 0 0 0-.5-.5H8V0h2Z\" \/>\n\t\t\t<\/svg>\n\t\t<\/button><\/figure>\n\n\n\n<p>En France, bien que les \u00e9trangers soient minoritaires parmi les mis en cause pour violences sexuelles, ils sont assez clairement sur-repr\u00e9sent\u00e9s. En particulier les Africains, proportionnellement 3 fois plus mis en cause que les Fran\u00e7ais.<\/p>\n\n\n\n<figure data-wp-context=\"{&quot;imageId&quot;:&quot;69f2b2bab28a2&quot;}\" data-wp-interactive=\"core\/image\" data-wp-key=\"69f2b2bab28a2\" class=\"wp-block-image size-large wp-lightbox-container\"><img loading=\"lazy\" decoding=\"async\" width=\"1024\" height=\"707\" data-wp-class--hide=\"state.isContentHidden\" data-wp-class--show=\"state.isContentVisible\" data-wp-init=\"callbacks.setButtonStyles\" data-wp-on--click=\"actions.showLightbox\" data-wp-on--load=\"callbacks.setButtonStyles\" data-wp-on-window--resize=\"callbacks.setButtonStyles\" src=\"https:\/\/leseffrontes.fr\/wp-content\/uploads\/2023\/11\/05_03_chiffres_cles_france_mis_en_cause_africains_sur_representes-1024x707.jpeg\" alt=\"En France, les \u00e9trangers sont sur-repr\u00e9sent\u00e9s dans les mis en cause pour violences sexuelles\" class=\"wp-image-1923\" title=\"En France, les \u00e9trangers sont sur-repr\u00e9sent\u00e9s dans les mis en cause pour violences sexuelles\" srcset=\"https:\/\/leseffrontes.fr\/wp-content\/uploads\/2023\/11\/05_03_chiffres_cles_france_mis_en_cause_africains_sur_representes-1024x707.jpeg 1024w, https:\/\/leseffrontes.fr\/wp-content\/uploads\/2023\/11\/05_03_chiffres_cles_france_mis_en_cause_africains_sur_representes-300x207.jpeg 300w, https:\/\/leseffrontes.fr\/wp-content\/uploads\/2023\/11\/05_03_chiffres_cles_france_mis_en_cause_africains_sur_representes-768x531.jpeg 768w, https:\/\/leseffrontes.fr\/wp-content\/uploads\/2023\/11\/05_03_chiffres_cles_france_mis_en_cause_africains_sur_representes.jpeg 1200w\" sizes=\"auto, (max-width: 1024px) 100vw, 1024px\" \/><button\n\t\t\tclass=\"lightbox-trigger\"\n\t\t\ttype=\"button\"\n\t\t\taria-haspopup=\"dialog\"\n\t\t\taria-label=\"Agrandir\"\n\t\t\tdata-wp-init=\"callbacks.initTriggerButton\"\n\t\t\tdata-wp-on--click=\"actions.showLightbox\"\n\t\t\tdata-wp-style--right=\"state.imageButtonRight\"\n\t\t\tdata-wp-style--top=\"state.imageButtonTop\"\n\t\t>\n\t\t\t\n<svg xmlns=\"http:\/\/www.w3.org\/2000\/svg\" width=\"12\" height=\"12\" fill=\"none\" viewBox=\"0 0 12 12\">\n\t\t\t\t<path fill=\"#fff\" d=\"M2 0a2 2 0 0 0-2 2v2h1.5V2a.5.5 0 0 1 .5-.5h2V0H2Zm2 10.5H2a.5.5 0 0 1-.5-.5V8H0v2a2 2 0 0 0 2 2h2v-1.5ZM8 12v-1.5h2a.5.5 0 0 0 .5-.5V8H12v2a2 2 0 0 1-2 2H8Zm2-12a2 2 0 0 1 2 2v2h-1.5V2a.5.5 0 0 0-.5-.5H8V0h2Z\" \/>\n\t\t\t<\/svg>\n\t\t<\/button><\/figure>\n\n\n\n<p>Chez nos voisins europ\u00e9ens, la sur-repr\u00e9sentation des \u00e9trangers dans les mis en cause pour viols est alarmante&nbsp;:<\/p>\n\n\n\n<ul class=\"wp-block-list\">\n<li>Les \u00e9trangers repr\u00e9sentent environ 40% des mis en cause.<\/li>\n\n\n\n<li>Les ressortissants africains sont proportionnellement environ 10 fois plus mis en cause que les nationaux&nbsp;!<\/li>\n<\/ul>\n\n\n\n<figure data-wp-context=\"{&quot;imageId&quot;:&quot;69f2b2bab2c83&quot;}\" data-wp-interactive=\"core\/image\" data-wp-key=\"69f2b2bab2c83\" class=\"wp-block-image size-large wp-lightbox-container\"><img loading=\"lazy\" decoding=\"async\" width=\"1024\" height=\"710\" data-wp-class--hide=\"state.isContentHidden\" data-wp-class--show=\"state.isContentVisible\" data-wp-init=\"callbacks.setButtonStyles\" data-wp-on--click=\"actions.showLightbox\" data-wp-on--load=\"callbacks.setButtonStyles\" data-wp-on-window--resize=\"callbacks.setButtonStyles\" src=\"https:\/\/leseffrontes.fr\/wp-content\/uploads\/2023\/11\/05_04_chiffres_cles_allemagne_italie_espagne-1024x710.jpeg\" alt=\"En Allemagne, Italie et Espagne, les \u00e9trangers sont sur-repr\u00e9sent\u00e9s dans les mis en cause pour violences sexuelles\" class=\"wp-image-1925\" title=\"En Allemagne, Italie et Espagne, les \u00e9trangers sont sur-repr\u00e9sent\u00e9s dans les mis en cause pour violences sexuelles\" srcset=\"https:\/\/leseffrontes.fr\/wp-content\/uploads\/2023\/11\/05_04_chiffres_cles_allemagne_italie_espagne-1024x710.jpeg 1024w, https:\/\/leseffrontes.fr\/wp-content\/uploads\/2023\/11\/05_04_chiffres_cles_allemagne_italie_espagne-300x208.jpeg 300w, https:\/\/leseffrontes.fr\/wp-content\/uploads\/2023\/11\/05_04_chiffres_cles_allemagne_italie_espagne-768x532.jpeg 768w, https:\/\/leseffrontes.fr\/wp-content\/uploads\/2023\/11\/05_04_chiffres_cles_allemagne_italie_espagne.jpeg 1200w\" sizes=\"auto, (max-width: 1024px) 100vw, 1024px\" \/><button\n\t\t\tclass=\"lightbox-trigger\"\n\t\t\ttype=\"button\"\n\t\t\taria-haspopup=\"dialog\"\n\t\t\taria-label=\"Agrandir\"\n\t\t\tdata-wp-init=\"callbacks.initTriggerButton\"\n\t\t\tdata-wp-on--click=\"actions.showLightbox\"\n\t\t\tdata-wp-style--right=\"state.imageButtonRight\"\n\t\t\tdata-wp-style--top=\"state.imageButtonTop\"\n\t\t>\n\t\t\t\n<svg xmlns=\"http:\/\/www.w3.org\/2000\/svg\" width=\"12\" height=\"12\" fill=\"none\" viewBox=\"0 0 12 12\">\n\t\t\t\t<path fill=\"#fff\" d=\"M2 0a2 2 0 0 0-2 2v2h1.5V2a.5.5 0 0 1 .5-.5h2V0H2Zm2 10.5H2a.5.5 0 0 1-.5-.5V8H0v2a2 2 0 0 0 2 2h2v-1.5ZM8 12v-1.5h2a.5.5 0 0 0 .5-.5V8H12v2a2 2 0 0 1-2 2H8Zm2-12a2 2 0 0 1 2 2v2h-1.5V2a.5.5 0 0 0-.5-.5H8V0h2Z\" \/>\n\t\t\t<\/svg>\n\t\t<\/button><\/figure>\n\n\n\n<p>Certaines nationalit\u00e9s sont bien plus sur-repr\u00e9sent\u00e9es que les autres parmi les mis en cause pour viols. Cette carte issue des 42.800 mises en cause pour viols r\u00e9pertori\u00e9es en cinq ans dans les donn\u00e9es polici\u00e8res allemandes l&rsquo;atteste clairement&nbsp;:<\/p>\n\n\n\n<figure data-wp-context=\"{&quot;imageId&quot;:&quot;69f2b2bab302c&quot;}\" data-wp-interactive=\"core\/image\" data-wp-key=\"69f2b2bab302c\" class=\"wp-block-image size-large wp-lightbox-container\"><img loading=\"lazy\" decoding=\"async\" width=\"1024\" height=\"707\" data-wp-class--hide=\"state.isContentHidden\" data-wp-class--show=\"state.isContentVisible\" data-wp-init=\"callbacks.setButtonStyles\" data-wp-on--click=\"actions.showLightbox\" data-wp-on--load=\"callbacks.setButtonStyles\" data-wp-on-window--resize=\"callbacks.setButtonStyles\" src=\"https:\/\/leseffrontes.fr\/wp-content\/uploads\/2023\/08\/02_11_viols_agressions_et_abus_sexuels_par_nationalite_en_allemagne-1024x707.jpeg\" alt=\"Agressions sexuelles en Allemagne par nationalit\u00e9 du mis en cause\" class=\"wp-image-1725\" srcset=\"https:\/\/leseffrontes.fr\/wp-content\/uploads\/2023\/08\/02_11_viols_agressions_et_abus_sexuels_par_nationalite_en_allemagne-1024x707.jpeg 1024w, https:\/\/leseffrontes.fr\/wp-content\/uploads\/2023\/08\/02_11_viols_agressions_et_abus_sexuels_par_nationalite_en_allemagne-300x207.jpeg 300w, https:\/\/leseffrontes.fr\/wp-content\/uploads\/2023\/08\/02_11_viols_agressions_et_abus_sexuels_par_nationalite_en_allemagne-768x531.jpeg 768w, https:\/\/leseffrontes.fr\/wp-content\/uploads\/2023\/08\/02_11_viols_agressions_et_abus_sexuels_par_nationalite_en_allemagne.jpeg 1200w\" sizes=\"auto, (max-width: 1024px) 100vw, 1024px\" \/><button\n\t\t\tclass=\"lightbox-trigger\"\n\t\t\ttype=\"button\"\n\t\t\taria-haspopup=\"dialog\"\n\t\t\taria-label=\"Agrandir\"\n\t\t\tdata-wp-init=\"callbacks.initTriggerButton\"\n\t\t\tdata-wp-on--click=\"actions.showLightbox\"\n\t\t\tdata-wp-style--right=\"state.imageButtonRight\"\n\t\t\tdata-wp-style--top=\"state.imageButtonTop\"\n\t\t>\n\t\t\t\n<svg xmlns=\"http:\/\/www.w3.org\/2000\/svg\" width=\"12\" height=\"12\" fill=\"none\" viewBox=\"0 0 12 12\">\n\t\t\t\t<path fill=\"#fff\" d=\"M2 0a2 2 0 0 0-2 2v2h1.5V2a.5.5 0 0 1 .5-.5h2V0H2Zm2 10.5H2a.5.5 0 0 1-.5-.5V8H0v2a2 2 0 0 0 2 2h2v-1.5ZM8 12v-1.5h2a.5.5 0 0 0 .5-.5V8H12v2a2 2 0 0 1-2 2H8Zm2-12a2 2 0 0 1 2 2v2h-1.5V2a.5.5 0 0 0-.5-.5H8V0h2Z\" \/>\n\t\t\t<\/svg>\n\t\t<\/button><\/figure>\n\n\n\n<p>Si les \u00e9trangers sont nettement sur-repr\u00e9sent\u00e9s parmi les auteurs d&rsquo;infractions sexuelles, c&rsquo;est moins le cas parmi les victimes. L&rsquo;exemple des transports franciliens (10 millions usagers) est parlant&nbsp;: 61% des mis en cause sont \u00e9trangers alors que 83% des victimes sont fran\u00e7aises.<\/p>\n\n\n\n<figure data-wp-context=\"{&quot;imageId&quot;:&quot;69f2b2bab3399&quot;}\" data-wp-interactive=\"core\/image\" data-wp-key=\"69f2b2bab3399\" class=\"wp-block-image size-large wp-lightbox-container\"><img loading=\"lazy\" decoding=\"async\" width=\"1024\" height=\"707\" data-wp-class--hide=\"state.isContentHidden\" data-wp-class--show=\"state.isContentVisible\" data-wp-init=\"callbacks.setButtonStyles\" data-wp-on--click=\"actions.showLightbox\" data-wp-on--load=\"callbacks.setButtonStyles\" data-wp-on-window--resize=\"callbacks.setButtonStyles\" src=\"https:\/\/leseffrontes.fr\/wp-content\/uploads\/2023\/11\/05_05_chiffres_cles_france_victimes-1024x707.jpeg\" alt=\"La majorit\u00e9 des mis en cause pour violences sexuelles sont \u00e9trangers, la majorit\u00e9 des victimes sont fran\u00e7aises\" class=\"wp-image-1926\" title=\"La majorit\u00e9 des mis en cause pour violences sexuelles sont \u00e9trangers, la majorit\u00e9 des victimes sont fran\u00e7aises\" srcset=\"https:\/\/leseffrontes.fr\/wp-content\/uploads\/2023\/11\/05_05_chiffres_cles_france_victimes-1024x707.jpeg 1024w, https:\/\/leseffrontes.fr\/wp-content\/uploads\/2023\/11\/05_05_chiffres_cles_france_victimes-300x207.jpeg 300w, https:\/\/leseffrontes.fr\/wp-content\/uploads\/2023\/11\/05_05_chiffres_cles_france_victimes-768x531.jpeg 768w, https:\/\/leseffrontes.fr\/wp-content\/uploads\/2023\/11\/05_05_chiffres_cles_france_victimes.jpeg 1200w\" sizes=\"auto, (max-width: 1024px) 100vw, 1024px\" \/><button\n\t\t\tclass=\"lightbox-trigger\"\n\t\t\ttype=\"button\"\n\t\t\taria-haspopup=\"dialog\"\n\t\t\taria-label=\"Agrandir\"\n\t\t\tdata-wp-init=\"callbacks.initTriggerButton\"\n\t\t\tdata-wp-on--click=\"actions.showLightbox\"\n\t\t\tdata-wp-style--right=\"state.imageButtonRight\"\n\t\t\tdata-wp-style--top=\"state.imageButtonTop\"\n\t\t>\n\t\t\t\n<svg xmlns=\"http:\/\/www.w3.org\/2000\/svg\" width=\"12\" height=\"12\" fill=\"none\" viewBox=\"0 0 12 12\">\n\t\t\t\t<path fill=\"#fff\" d=\"M2 0a2 2 0 0 0-2 2v2h1.5V2a.5.5 0 0 1 .5-.5h2V0H2Zm2 10.5H2a.5.5 0 0 1-.5-.5V8H0v2a2 2 0 0 0 2 2h2v-1.5ZM8 12v-1.5h2a.5.5 0 0 0 .5-.5V8H12v2a2 2 0 0 1-2 2H8Zm2-12a2 2 0 0 1 2 2v2h-1.5V2a.5.5 0 0 0-.5-.5H8V0h2Z\" \/>\n\t\t\t<\/svg>\n\t\t<\/button><\/figure>\n\n\n\n<p>Les violences faites aux femmes, ce sont aussi les mariages forc\u00e9s. Seule l&rsquo;Allemagne publie sur cette infraction&nbsp;: 85% des mis en cause y sont \u00e9trangers. Les \u00e9trangers issus de pays \u00e0 majorit\u00e9 musulmane sont proportionnellement 100 fois plus mis en cause que les Allemands&nbsp;!<\/p>\n\n\n\n<figure data-wp-context=\"{&quot;imageId&quot;:&quot;69f2b2bab370e&quot;}\" data-wp-interactive=\"core\/image\" data-wp-key=\"69f2b2bab370e\" class=\"wp-block-image size-large wp-lightbox-container\"><img loading=\"lazy\" decoding=\"async\" width=\"1024\" height=\"707\" data-wp-class--hide=\"state.isContentHidden\" data-wp-class--show=\"state.isContentVisible\" data-wp-init=\"callbacks.setButtonStyles\" data-wp-on--click=\"actions.showLightbox\" data-wp-on--load=\"callbacks.setButtonStyles\" data-wp-on-window--resize=\"callbacks.setButtonStyles\" src=\"https:\/\/leseffrontes.fr\/wp-content\/uploads\/2023\/11\/05_06_chiffres_cles_allemagne_mariages_forces-1024x707.jpeg\" alt=\"Mis en cause pour mariages forc\u00e9s en Allemagne\" class=\"wp-image-1927\" title=\"Mis en cause pour mariages forc\u00e9s en Allemagne\" srcset=\"https:\/\/leseffrontes.fr\/wp-content\/uploads\/2023\/11\/05_06_chiffres_cles_allemagne_mariages_forces-1024x707.jpeg 1024w, https:\/\/leseffrontes.fr\/wp-content\/uploads\/2023\/11\/05_06_chiffres_cles_allemagne_mariages_forces-300x207.jpeg 300w, https:\/\/leseffrontes.fr\/wp-content\/uploads\/2023\/11\/05_06_chiffres_cles_allemagne_mariages_forces-768x531.jpeg 768w, https:\/\/leseffrontes.fr\/wp-content\/uploads\/2023\/11\/05_06_chiffres_cles_allemagne_mariages_forces.jpeg 1200w\" sizes=\"auto, (max-width: 1024px) 100vw, 1024px\" \/><button\n\t\t\tclass=\"lightbox-trigger\"\n\t\t\ttype=\"button\"\n\t\t\taria-haspopup=\"dialog\"\n\t\t\taria-label=\"Agrandir\"\n\t\t\tdata-wp-init=\"callbacks.initTriggerButton\"\n\t\t\tdata-wp-on--click=\"actions.showLightbox\"\n\t\t\tdata-wp-style--right=\"state.imageButtonRight\"\n\t\t\tdata-wp-style--top=\"state.imageButtonTop\"\n\t\t>\n\t\t\t\n<svg xmlns=\"http:\/\/www.w3.org\/2000\/svg\" width=\"12\" height=\"12\" fill=\"none\" viewBox=\"0 0 12 12\">\n\t\t\t\t<path fill=\"#fff\" d=\"M2 0a2 2 0 0 0-2 2v2h1.5V2a.5.5 0 0 1 .5-.5h2V0H2Zm2 10.5H2a.5.5 0 0 1-.5-.5V8H0v2a2 2 0 0 0 2 2h2v-1.5ZM8 12v-1.5h2a.5.5 0 0 0 .5-.5V8H12v2a2 2 0 0 1-2 2H8Zm2-12a2 2 0 0 1 2 2v2h-1.5V2a.5.5 0 0 0-.5-.5H8V0h2Z\" \/>\n\t\t\t<\/svg>\n\t\t<\/button><\/figure>\n\n\n\n<p>Les mineurs sont aussi touch\u00e9s par les violences sexuelles. Selon les pays, les \u00e9trangers repr\u00e9sentent environ 20 \u00e0 30% des mis en cause dans la p\u00e9docriminalit\u00e9. En Allemagne, le taux de mis en cause des Afghans et des Pakistanais est 6 fois plus \u00e9lev\u00e9 que celui des Allemands.<\/p>\n\n\n\n<figure data-wp-context=\"{&quot;imageId&quot;:&quot;69f2b2bab3a3e&quot;}\" data-wp-interactive=\"core\/image\" data-wp-key=\"69f2b2bab3a3e\" class=\"wp-block-image size-large wp-lightbox-container\"><img loading=\"lazy\" decoding=\"async\" width=\"1024\" height=\"714\" data-wp-class--hide=\"state.isContentHidden\" data-wp-class--show=\"state.isContentVisible\" data-wp-init=\"callbacks.setButtonStyles\" data-wp-on--click=\"actions.showLightbox\" data-wp-on--load=\"callbacks.setButtonStyles\" data-wp-on-window--resize=\"callbacks.setButtonStyles\" src=\"https:\/\/leseffrontes.fr\/wp-content\/uploads\/2023\/11\/05_07_chiffres_cles_allemagne_afghans_pakistanais-1024x714.jpeg\" alt=\"Les Afghans et les Pakistanais sont sur-repr\u00e9sent\u00e9s dans les affaires de p\u00e9docriminalit\u00e9\" class=\"wp-image-1928\" title=\"Les Afghans et les Pakistanais sont sur-repr\u00e9sent\u00e9s dans les affaires de p\u00e9docriminalit\u00e9\" srcset=\"https:\/\/leseffrontes.fr\/wp-content\/uploads\/2023\/11\/05_07_chiffres_cles_allemagne_afghans_pakistanais-1024x714.jpeg 1024w, https:\/\/leseffrontes.fr\/wp-content\/uploads\/2023\/11\/05_07_chiffres_cles_allemagne_afghans_pakistanais-300x209.jpeg 300w, https:\/\/leseffrontes.fr\/wp-content\/uploads\/2023\/11\/05_07_chiffres_cles_allemagne_afghans_pakistanais-768x536.jpeg 768w, https:\/\/leseffrontes.fr\/wp-content\/uploads\/2023\/11\/05_07_chiffres_cles_allemagne_afghans_pakistanais.jpeg 1200w\" sizes=\"auto, (max-width: 1024px) 100vw, 1024px\" \/><button\n\t\t\tclass=\"lightbox-trigger\"\n\t\t\ttype=\"button\"\n\t\t\taria-haspopup=\"dialog\"\n\t\t\taria-label=\"Agrandir\"\n\t\t\tdata-wp-init=\"callbacks.initTriggerButton\"\n\t\t\tdata-wp-on--click=\"actions.showLightbox\"\n\t\t\tdata-wp-style--right=\"state.imageButtonRight\"\n\t\t\tdata-wp-style--top=\"state.imageButtonTop\"\n\t\t>\n\t\t\t\n<svg xmlns=\"http:\/\/www.w3.org\/2000\/svg\" width=\"12\" height=\"12\" fill=\"none\" viewBox=\"0 0 12 12\">\n\t\t\t\t<path fill=\"#fff\" d=\"M2 0a2 2 0 0 0-2 2v2h1.5V2a.5.5 0 0 1 .5-.5h2V0H2Zm2 10.5H2a.5.5 0 0 1-.5-.5V8H0v2a2 2 0 0 0 2 2h2v-1.5ZM8 12v-1.5h2a.5.5 0 0 0 .5-.5V8H12v2a2 2 0 0 1-2 2H8Zm2-12a2 2 0 0 1 2 2v2h-1.5V2a.5.5 0 0 0-.5-.5H8V0h2Z\" \/>\n\t\t\t<\/svg>\n\t\t<\/button><\/figure>\n\n\n\n<p>Les chiffres pr\u00e9-cit\u00e9s reposent sur la nationalit\u00e9 des mis en cause (\u00e9trangers ou non). Or, les donn\u00e9es de diff\u00e9rents pays montrent que les descendants d&rsquo;immigr\u00e9s extra-europ\u00e9ens seraient encore plus impliqu\u00e9s dans la criminalit\u00e9 d&rsquo;ensemble que la g\u00e9n\u00e9ration de leurs parents (voir le billet&nbsp;: <a href=\"https:\/\/leseffrontes.fr\/index.php\/2023\/10\/02\/combien-y-a-t-il-dimmigres-et-de-descendants-directs-dimmigres-dans-les-prisons-francaises\/\" data-type=\"link\" data-id=\"https:\/\/leseffrontes.fr\/index.php\/2023\/10\/02\/combien-y-a-t-il-dimmigres-et-de-descendants-directs-dimmigres-dans-les-prisons-francaises\/\">Combien y a-t-il d\u2019immigr\u00e9s et de descendants directs d\u2019immigr\u00e9s dans les prisons fran\u00e7aises&nbsp;?<\/a>).<\/p>\n\n\n\n<p>La France est le pays le plus opaque en termes de donn\u00e9es, elle ne publie aucun tableur des mis en cause par nationalit\u00e9 contrairement \u00e0 ses voisins (Allemagne, Italie, Espagne&#8230;)<\/p>\n\n\n\n<h2 class=\"wp-block-heading\">Conclusion<\/h2>\n\n\n\n<p>Avec 75.000 victimes de violences sexuelles en 2021 (+170% en 10 ans), la France doit r\u00e9agir. Les chiffres europ\u00e9ens \u00e9tablissent la corr\u00e9lation entre certaines immigrations et les violences sexuelles. Face \u00e0 cette r\u00e9alit\u00e9, peut-on encore accueillir 300.000 immigr\u00e9s par an&nbsp;? Alors qu&rsquo;environ 1 mis en cause sur 3 pour agression sexuelle dans les principaux pays occidentaux de l&rsquo;UE est \u00e9tranger, il est temps de passer d&rsquo;une immigration subie \u00e0 une immigration choisie.<\/p>\n\n\n\n<hr class=\"wp-block-separator has-alpha-channel-opacity\"\/>\n\n\n\n<h2 class=\"wp-block-heading\">Compl\u00e9ment&nbsp;: les ressortissants europ\u00e9ens sont-ils particuli\u00e8rement impliqu\u00e9s dans les abus sur mineurs&nbsp;?<\/h2>\n\n\n\n<p>Les statistiques de divers pays europ\u00e9ens montrent que non \u2014 exemple de l&rsquo;Allemagne ci-dessous&nbsp;:<\/p>\n\n\n\n<figure data-wp-context=\"{&quot;imageId&quot;:&quot;69f2b2bab3e1f&quot;}\" data-wp-interactive=\"core\/image\" data-wp-key=\"69f2b2bab3e1f\" class=\"wp-block-image size-large wp-lightbox-container\"><img loading=\"lazy\" decoding=\"async\" width=\"742\" height=\"1024\" data-wp-class--hide=\"state.isContentHidden\" data-wp-class--show=\"state.isContentVisible\" data-wp-init=\"callbacks.setButtonStyles\" data-wp-on--click=\"actions.showLightbox\" data-wp-on--load=\"callbacks.setButtonStyles\" data-wp-on-window--resize=\"callbacks.setButtonStyles\" src=\"https:\/\/leseffrontes.fr\/wp-content\/uploads\/2023\/11\/05_08_mis_en_cause_pour_agressions_sexuelles_sur_mineur_en_allemagne-742x1024.jpeg\" alt=\"Top 10 des mis en cause pour agression sexuelle sur mineur en Allemagne\" class=\"wp-image-1929\" title=\"Top 10 des mis en cause pour agression sexuelle sur mineur en Allemagne\" srcset=\"https:\/\/leseffrontes.fr\/wp-content\/uploads\/2023\/11\/05_08_mis_en_cause_pour_agressions_sexuelles_sur_mineur_en_allemagne-742x1024.jpeg 742w, https:\/\/leseffrontes.fr\/wp-content\/uploads\/2023\/11\/05_08_mis_en_cause_pour_agressions_sexuelles_sur_mineur_en_allemagne-217x300.jpeg 217w, https:\/\/leseffrontes.fr\/wp-content\/uploads\/2023\/11\/05_08_mis_en_cause_pour_agressions_sexuelles_sur_mineur_en_allemagne-768x1061.jpeg 768w, https:\/\/leseffrontes.fr\/wp-content\/uploads\/2023\/11\/05_08_mis_en_cause_pour_agressions_sexuelles_sur_mineur_en_allemagne.jpeg 869w\" sizes=\"auto, (max-width: 742px) 100vw, 742px\" \/><button\n\t\t\tclass=\"lightbox-trigger\"\n\t\t\ttype=\"button\"\n\t\t\taria-haspopup=\"dialog\"\n\t\t\taria-label=\"Agrandir\"\n\t\t\tdata-wp-init=\"callbacks.initTriggerButton\"\n\t\t\tdata-wp-on--click=\"actions.showLightbox\"\n\t\t\tdata-wp-style--right=\"state.imageButtonRight\"\n\t\t\tdata-wp-style--top=\"state.imageButtonTop\"\n\t\t>\n\t\t\t\n<svg xmlns=\"http:\/\/www.w3.org\/2000\/svg\" width=\"12\" height=\"12\" fill=\"none\" viewBox=\"0 0 12 12\">\n\t\t\t\t<path fill=\"#fff\" d=\"M2 0a2 2 0 0 0-2 2v2h1.5V2a.5.5 0 0 1 .5-.5h2V0H2Zm2 10.5H2a.5.5 0 0 1-.5-.5V8H0v2a2 2 0 0 0 2 2h2v-1.5ZM8 12v-1.5h2a.5.5 0 0 0 .5-.5V8H12v2a2 2 0 0 1-2 2H8Zm2-12a2 2 0 0 1 2 2v2h-1.5V2a.5.5 0 0 0-.5-.5H8V0h2Z\" \/>\n\t\t\t<\/svg>\n\t\t<\/button><\/figure>\n\n\n\n<p>Dans l&rsquo;ensemble, les chiffres de la police allemande d\u00e9montrent une forte sur-repr\u00e9sentation des ressortissants d&rsquo;Afghanistan + Pakistan.<\/p>\n\n\n\n<figure data-wp-context=\"{&quot;imageId&quot;:&quot;69f2b2bab479c&quot;}\" data-wp-interactive=\"core\/image\" data-wp-key=\"69f2b2bab479c\" class=\"wp-block-image size-large wp-lightbox-container\"><img loading=\"lazy\" decoding=\"async\" width=\"1024\" height=\"707\" data-wp-class--hide=\"state.isContentHidden\" data-wp-class--show=\"state.isContentVisible\" data-wp-init=\"callbacks.setButtonStyles\" data-wp-on--click=\"actions.showLightbox\" data-wp-on--load=\"callbacks.setButtonStyles\" data-wp-on-window--resize=\"callbacks.setButtonStyles\" src=\"https:\/\/leseffrontes.fr\/wp-content\/uploads\/2023\/08\/02_13_afghans_et_pakistanais_plus_impliques_dans_les_agressions_sur_mineurs_en_allemagne-1024x707.jpeg\" alt=\"Les Afghans et les Pakistanais sont sur-repr\u00e9sent\u00e9s dans les agressions sexuelles sur mineurs en Allemagne\" class=\"wp-image-1727\" title=\"Les Afghans et les Pakistanais sont sur-repr\u00e9sent\u00e9s dans les agressions sexuelles sur mineurs en Allemagne\" srcset=\"https:\/\/leseffrontes.fr\/wp-content\/uploads\/2023\/08\/02_13_afghans_et_pakistanais_plus_impliques_dans_les_agressions_sur_mineurs_en_allemagne-1024x707.jpeg 1024w, https:\/\/leseffrontes.fr\/wp-content\/uploads\/2023\/08\/02_13_afghans_et_pakistanais_plus_impliques_dans_les_agressions_sur_mineurs_en_allemagne-300x207.jpeg 300w, https:\/\/leseffrontes.fr\/wp-content\/uploads\/2023\/08\/02_13_afghans_et_pakistanais_plus_impliques_dans_les_agressions_sur_mineurs_en_allemagne-768x531.jpeg 768w, https:\/\/leseffrontes.fr\/wp-content\/uploads\/2023\/08\/02_13_afghans_et_pakistanais_plus_impliques_dans_les_agressions_sur_mineurs_en_allemagne.jpeg 1200w\" sizes=\"auto, (max-width: 1024px) 100vw, 1024px\" \/><button\n\t\t\tclass=\"lightbox-trigger\"\n\t\t\ttype=\"button\"\n\t\t\taria-haspopup=\"dialog\"\n\t\t\taria-label=\"Agrandir\"\n\t\t\tdata-wp-init=\"callbacks.initTriggerButton\"\n\t\t\tdata-wp-on--click=\"actions.showLightbox\"\n\t\t\tdata-wp-style--right=\"state.imageButtonRight\"\n\t\t\tdata-wp-style--top=\"state.imageButtonTop\"\n\t\t>\n\t\t\t\n<svg xmlns=\"http:\/\/www.w3.org\/2000\/svg\" width=\"12\" height=\"12\" fill=\"none\" viewBox=\"0 0 12 12\">\n\t\t\t\t<path fill=\"#fff\" d=\"M2 0a2 2 0 0 0-2 2v2h1.5V2a.5.5 0 0 1 .5-.5h2V0H2Zm2 10.5H2a.5.5 0 0 1-.5-.5V8H0v2a2 2 0 0 0 2 2h2v-1.5ZM8 12v-1.5h2a.5.5 0 0 0 .5-.5V8H12v2a2 2 0 0 1-2 2H8Zm2-12a2 2 0 0 1 2 2v2h-1.5V2a.5.5 0 0 0-.5-.5H8V0h2Z\" \/>\n\t\t\t<\/svg>\n\t\t<\/button><\/figure>\n\n\n\n<p>Les infractions connexes confirment cette tendance&nbsp;:<\/p>\n\n\n\n<figure data-wp-context=\"{&quot;imageId&quot;:&quot;69f2b2bab4e78&quot;}\" data-wp-interactive=\"core\/image\" data-wp-key=\"69f2b2bab4e78\" class=\"wp-block-image size-large wp-lightbox-container\"><img loading=\"lazy\" decoding=\"async\" width=\"1024\" height=\"707\" data-wp-class--hide=\"state.isContentHidden\" data-wp-class--show=\"state.isContentVisible\" data-wp-init=\"callbacks.setButtonStyles\" data-wp-on--click=\"actions.showLightbox\" data-wp-on--load=\"callbacks.setButtonStyles\" data-wp-on-window--resize=\"callbacks.setButtonStyles\" src=\"https:\/\/leseffrontes.fr\/wp-content\/uploads\/2023\/08\/02_14_afghans_et_pakistanais_plus_impliques_dans_les_affaires_de_pornographie_en_allemagne-1024x707.jpeg\" alt=\"Les Afghans et les Pakistanais sont plus impliqu\u00e9s que les nationaux dans les affaires de p\u00e9dopornographie en Allemagne\" class=\"wp-image-1728\" title=\"Les Afghans et les Pakistanais sont plus impliqu\u00e9s que les nationaux dans les affaires de p\u00e9dopornographie en Allemagne\" srcset=\"https:\/\/leseffrontes.fr\/wp-content\/uploads\/2023\/08\/02_14_afghans_et_pakistanais_plus_impliques_dans_les_affaires_de_pornographie_en_allemagne-1024x707.jpeg 1024w, https:\/\/leseffrontes.fr\/wp-content\/uploads\/2023\/08\/02_14_afghans_et_pakistanais_plus_impliques_dans_les_affaires_de_pornographie_en_allemagne-300x207.jpeg 300w, https:\/\/leseffrontes.fr\/wp-content\/uploads\/2023\/08\/02_14_afghans_et_pakistanais_plus_impliques_dans_les_affaires_de_pornographie_en_allemagne-768x531.jpeg 768w, https:\/\/leseffrontes.fr\/wp-content\/uploads\/2023\/08\/02_14_afghans_et_pakistanais_plus_impliques_dans_les_affaires_de_pornographie_en_allemagne.jpeg 1200w\" sizes=\"auto, (max-width: 1024px) 100vw, 1024px\" \/><button\n\t\t\tclass=\"lightbox-trigger\"\n\t\t\ttype=\"button\"\n\t\t\taria-haspopup=\"dialog\"\n\t\t\taria-label=\"Agrandir\"\n\t\t\tdata-wp-init=\"callbacks.initTriggerButton\"\n\t\t\tdata-wp-on--click=\"actions.showLightbox\"\n\t\t\tdata-wp-style--right=\"state.imageButtonRight\"\n\t\t\tdata-wp-style--top=\"state.imageButtonTop\"\n\t\t>\n\t\t\t\n<svg xmlns=\"http:\/\/www.w3.org\/2000\/svg\" width=\"12\" height=\"12\" fill=\"none\" viewBox=\"0 0 12 12\">\n\t\t\t\t<path fill=\"#fff\" d=\"M2 0a2 2 0 0 0-2 2v2h1.5V2a.5.5 0 0 1 .5-.5h2V0H2Zm2 10.5H2a.5.5 0 0 1-.5-.5V8H0v2a2 2 0 0 0 2 2h2v-1.5ZM8 12v-1.5h2a.5.5 0 0 0 .5-.5V8H12v2a2 2 0 0 1-2 2H8Zm2-12a2 2 0 0 1 2 2v2h-1.5V2a.5.5 0 0 0-.5-.5H8V0h2Z\" \/>\n\t\t\t<\/svg>\n\t\t<\/button><\/figure>\n\n\n\n<p>La sur-repr\u00e9sentation observ\u00e9e est d&rsquo;autant plus frappante que dans l&rsquo;ensemble de la criminalit\u00e9, les Afghans et Pakistanais semblent bien moins impliqu\u00e9s. Exemple ici avec les vols violents&nbsp;:<\/p>\n\n\n\n<figure data-wp-context=\"{&quot;imageId&quot;:&quot;69f2b2bab51bc&quot;}\" data-wp-interactive=\"core\/image\" data-wp-key=\"69f2b2bab51bc\" class=\"wp-block-image size-large wp-lightbox-container\"><img loading=\"lazy\" decoding=\"async\" width=\"1024\" height=\"707\" data-wp-class--hide=\"state.isContentHidden\" data-wp-class--show=\"state.isContentVisible\" data-wp-init=\"callbacks.setButtonStyles\" data-wp-on--click=\"actions.showLightbox\" data-wp-on--load=\"callbacks.setButtonStyles\" data-wp-on-window--resize=\"callbacks.setButtonStyles\" src=\"https:\/\/leseffrontes.fr\/wp-content\/uploads\/2023\/08\/02_17_les_maghrebins_plus_impliques_dans_les_vols_violents_en_allemagne-1024x707.jpeg\" alt=\"Les Maghr\u00e9bins sont plus impliqu\u00e9s que les nationaux dans les vols avec violence\" class=\"wp-image-1731\" srcset=\"https:\/\/leseffrontes.fr\/wp-content\/uploads\/2023\/08\/02_17_les_maghrebins_plus_impliques_dans_les_vols_violents_en_allemagne-1024x707.jpeg 1024w, https:\/\/leseffrontes.fr\/wp-content\/uploads\/2023\/08\/02_17_les_maghrebins_plus_impliques_dans_les_vols_violents_en_allemagne-300x207.jpeg 300w, https:\/\/leseffrontes.fr\/wp-content\/uploads\/2023\/08\/02_17_les_maghrebins_plus_impliques_dans_les_vols_violents_en_allemagne-768x531.jpeg 768w, https:\/\/leseffrontes.fr\/wp-content\/uploads\/2023\/08\/02_17_les_maghrebins_plus_impliques_dans_les_vols_violents_en_allemagne.jpeg 1200w\" sizes=\"auto, (max-width: 1024px) 100vw, 1024px\" \/><button\n\t\t\tclass=\"lightbox-trigger\"\n\t\t\ttype=\"button\"\n\t\t\taria-haspopup=\"dialog\"\n\t\t\taria-label=\"Agrandir\"\n\t\t\tdata-wp-init=\"callbacks.initTriggerButton\"\n\t\t\tdata-wp-on--click=\"actions.showLightbox\"\n\t\t\tdata-wp-style--right=\"state.imageButtonRight\"\n\t\t\tdata-wp-style--top=\"state.imageButtonTop\"\n\t\t>\n\t\t\t\n<svg xmlns=\"http:\/\/www.w3.org\/2000\/svg\" width=\"12\" height=\"12\" fill=\"none\" viewBox=\"0 0 12 12\">\n\t\t\t\t<path fill=\"#fff\" d=\"M2 0a2 2 0 0 0-2 2v2h1.5V2a.5.5 0 0 1 .5-.5h2V0H2Zm2 10.5H2a.5.5 0 0 1-.5-.5V8H0v2a2 2 0 0 0 2 2h2v-1.5ZM8 12v-1.5h2a.5.5 0 0 0 .5-.5V8H12v2a2 2 0 0 1-2 2H8Zm2-12a2 2 0 0 1 2 2v2h-1.5V2a.5.5 0 0 0-.5-.5H8V0h2Z\" \/>\n\t\t\t<\/svg>\n\t\t<\/button><\/figure>\n\n\n\n<p>L&rsquo;Allemagne n&rsquo;est pas un cas isol\u00e9, on retrouve les m\u00eames tendances dans les autres pays qui publient des statistiques d\u00e9taill\u00e9es. Exemple en Italie&nbsp;:<\/p>\n\n\n\n<figure data-wp-context=\"{&quot;imageId&quot;:&quot;69f2b2bab58a8&quot;}\" data-wp-interactive=\"core\/image\" data-wp-key=\"69f2b2bab58a8\" class=\"wp-block-image size-large wp-lightbox-container\"><img loading=\"lazy\" decoding=\"async\" width=\"1024\" height=\"707\" data-wp-class--hide=\"state.isContentHidden\" data-wp-class--show=\"state.isContentVisible\" data-wp-init=\"callbacks.setButtonStyles\" data-wp-on--click=\"actions.showLightbox\" data-wp-on--load=\"callbacks.setButtonStyles\" data-wp-on-window--resize=\"callbacks.setButtonStyles\" src=\"https:\/\/leseffrontes.fr\/wp-content\/uploads\/2023\/11\/05_09_afghans_et_pakistanais_plus_impliques_dans_les_agressions_sur_mineurs_en_italie-1024x707.jpeg\" alt=\"Les Afghans et les Pakistanais sont sur-repr\u00e9sent\u00e9s dans les agressions sexuelles sur mineurs en Italie\" class=\"wp-image-1930\" title=\"Les Afghans et les Pakistanais sont sur-repr\u00e9sent\u00e9s dans les agressions sexuelles sur mineurs en Italie\" srcset=\"https:\/\/leseffrontes.fr\/wp-content\/uploads\/2023\/11\/05_09_afghans_et_pakistanais_plus_impliques_dans_les_agressions_sur_mineurs_en_italie-1024x707.jpeg 1024w, https:\/\/leseffrontes.fr\/wp-content\/uploads\/2023\/11\/05_09_afghans_et_pakistanais_plus_impliques_dans_les_agressions_sur_mineurs_en_italie-300x207.jpeg 300w, https:\/\/leseffrontes.fr\/wp-content\/uploads\/2023\/11\/05_09_afghans_et_pakistanais_plus_impliques_dans_les_agressions_sur_mineurs_en_italie-768x531.jpeg 768w, https:\/\/leseffrontes.fr\/wp-content\/uploads\/2023\/11\/05_09_afghans_et_pakistanais_plus_impliques_dans_les_agressions_sur_mineurs_en_italie.jpeg 1200w\" sizes=\"auto, (max-width: 1024px) 100vw, 1024px\" \/><button\n\t\t\tclass=\"lightbox-trigger\"\n\t\t\ttype=\"button\"\n\t\t\taria-haspopup=\"dialog\"\n\t\t\taria-label=\"Agrandir\"\n\t\t\tdata-wp-init=\"callbacks.initTriggerButton\"\n\t\t\tdata-wp-on--click=\"actions.showLightbox\"\n\t\t\tdata-wp-style--right=\"state.imageButtonRight\"\n\t\t\tdata-wp-style--top=\"state.imageButtonTop\"\n\t\t>\n\t\t\t\n<svg xmlns=\"http:\/\/www.w3.org\/2000\/svg\" width=\"12\" height=\"12\" fill=\"none\" viewBox=\"0 0 12 12\">\n\t\t\t\t<path fill=\"#fff\" d=\"M2 0a2 2 0 0 0-2 2v2h1.5V2a.5.5 0 0 1 .5-.5h2V0H2Zm2 10.5H2a.5.5 0 0 1-.5-.5V8H0v2a2 2 0 0 0 2 2h2v-1.5ZM8 12v-1.5h2a.5.5 0 0 0 .5-.5V8H12v2a2 2 0 0 1-2 2H8Zm2-12a2 2 0 0 1 2 2v2h-1.5V2a.5.5 0 0 0-.5-.5H8V0h2Z\" \/>\n\t\t\t<\/svg>\n\t\t<\/button><\/figure>\n\n\n\n<p>En Italie aussi, la sur-repr\u00e9sentation ne se limite pas aux agressions, mais \u00e9galement aux infractions connexes&nbsp;:<\/p>\n\n\n\n<figure data-wp-context=\"{&quot;imageId&quot;:&quot;69f2b2bab5c08&quot;}\" data-wp-interactive=\"core\/image\" data-wp-key=\"69f2b2bab5c08\" class=\"wp-block-image size-large wp-lightbox-container\"><img loading=\"lazy\" decoding=\"async\" width=\"1024\" height=\"707\" data-wp-class--hide=\"state.isContentHidden\" data-wp-class--show=\"state.isContentVisible\" data-wp-init=\"callbacks.setButtonStyles\" data-wp-on--click=\"actions.showLightbox\" data-wp-on--load=\"callbacks.setButtonStyles\" data-wp-on-window--resize=\"callbacks.setButtonStyles\" src=\"https:\/\/leseffrontes.fr\/wp-content\/uploads\/2023\/11\/05_10_afghans_et_pakistanais_plus_impliques_dans_les_affaires_de_pornographie_en_italie-1024x707.jpeg\" alt=\"Les Afghans et les Pakistanais sont plus impliqu\u00e9s que les nationaux dans les affaires de p\u00e9dopornographie en Allemagne\" class=\"wp-image-1931\" title=\"Les Afghans et les Pakistanais sont plus impliqu\u00e9s que les nationaux dans les affaires de p\u00e9dopornographie en Allemagne\" srcset=\"https:\/\/leseffrontes.fr\/wp-content\/uploads\/2023\/11\/05_10_afghans_et_pakistanais_plus_impliques_dans_les_affaires_de_pornographie_en_italie-1024x707.jpeg 1024w, https:\/\/leseffrontes.fr\/wp-content\/uploads\/2023\/11\/05_10_afghans_et_pakistanais_plus_impliques_dans_les_affaires_de_pornographie_en_italie-300x207.jpeg 300w, https:\/\/leseffrontes.fr\/wp-content\/uploads\/2023\/11\/05_10_afghans_et_pakistanais_plus_impliques_dans_les_affaires_de_pornographie_en_italie-768x531.jpeg 768w, https:\/\/leseffrontes.fr\/wp-content\/uploads\/2023\/11\/05_10_afghans_et_pakistanais_plus_impliques_dans_les_affaires_de_pornographie_en_italie.jpeg 1200w\" sizes=\"auto, (max-width: 1024px) 100vw, 1024px\" \/><button\n\t\t\tclass=\"lightbox-trigger\"\n\t\t\ttype=\"button\"\n\t\t\taria-haspopup=\"dialog\"\n\t\t\taria-label=\"Agrandir\"\n\t\t\tdata-wp-init=\"callbacks.initTriggerButton\"\n\t\t\tdata-wp-on--click=\"actions.showLightbox\"\n\t\t\tdata-wp-style--right=\"state.imageButtonRight\"\n\t\t\tdata-wp-style--top=\"state.imageButtonTop\"\n\t\t>\n\t\t\t\n<svg xmlns=\"http:\/\/www.w3.org\/2000\/svg\" width=\"12\" height=\"12\" fill=\"none\" viewBox=\"0 0 12 12\">\n\t\t\t\t<path fill=\"#fff\" d=\"M2 0a2 2 0 0 0-2 2v2h1.5V2a.5.5 0 0 1 .5-.5h2V0H2Zm2 10.5H2a.5.5 0 0 1-.5-.5V8H0v2a2 2 0 0 0 2 2h2v-1.5ZM8 12v-1.5h2a.5.5 0 0 0 .5-.5V8H12v2a2 2 0 0 1-2 2H8Zm2-12a2 2 0 0 1 2 2v2h-1.5V2a.5.5 0 0 0-.5-.5H8V0h2Z\" \/>\n\t\t\t<\/svg>\n\t\t<\/button><\/figure>\n\n\n\n<p>La similarit\u00e9 des comportements criminels de populations de m\u00eames origines est stup\u00e9fiante, bien qu&rsquo;on ait un \u00e9chantillon habitant dans un pays latin, et un autre dans un pays germanique. Il suffit de mettre les infographies l&rsquo;une \u00e0 c\u00f4t\u00e9 de l&rsquo;autre pour s&rsquo;en rendre compte<\/p>\n\n\n\n<p>Les statistiques espagnoles sont moins d\u00e9taill\u00e9es, mais elles font \u00e9galement appara\u00eetre une sur-repr\u00e9sentation d&rsquo;ensemble des \u00e9trangers dans ce type d&rsquo;affaires. Ils repr\u00e9sentent 25% des mis en cause contre 14% de la population (cat\u00e9gorie \u00ab&nbsp;Corrupci\u00f3n de menores o incapacitados&nbsp;\u00bb, 2021).<\/p>\n\n\n\n<p>Bien entendu, cette sur-repr\u00e9sentation ne veut pas dire que tous les \u00e9trangers sont des criminels, loin de l\u00e0. Les populations europ\u00e9ennes sont elles-aussi mises en cause et comptent \u00e0 leur actif des criminels embl\u00e9matiques bien connus.<\/p>","protected":false},"excerpt":{"rendered":"<p>Marc Vanguard diffuse sur Twitter des \u00e9l\u00e9ments de statistique mettant en rapport criminalit\u00e9 et immigration. Nous republions son travail sur les Effront\u00e9s dans l\u2019espoir que cela nourrisse chez le lecteur une r\u00e9flexion raisonnable et mesur\u00e9e, au lieu des r\u00e9actions \u00e9motionnelles si fr\u00e9quentes sur ce sujet. \u2014 TB Analyse des statistiques&hellip;<\/p>\n<p><a class=\"excerpt-readmore\" href=\"https:\/\/leseffrontes.fr\/index.php\/2023\/11\/03\/les-violences-sexuelles-en-europe-occidentale-etat-des-lieux-et-origine-des-mis-en-cause\/\">Read More<\/a><\/p>","protected":false},"author":2,"featured_media":1934,"comment_status":"open","ping_status":"open","sticky":false,"template":"","format":"standard","meta":{"twitterCardType":"","cardImageID":0,"cardImage":"","cardTitle":"","cardDesc":"","cardImageAlt":"","cardPlayer":"","cardPlayerWidth":0,"cardPlayerHeight":0,"cardPlayerStream":"","cardPlayerCodec":"","footnotes":""},"categories":[7],"tags":[38,37],"class_list":["post-1919","post","type-post","status-publish","format-standard","has-post-thumbnail","hentry","category-faits","tag-criminalite","tag-marc-vanguard","odd"],"_links":{"self":[{"href":"https:\/\/leseffrontes.fr\/index.php\/wp-json\/wp\/v2\/posts\/1919","targetHints":{"allow":["GET"]}}],"collection":[{"href":"https:\/\/leseffrontes.fr\/index.php\/wp-json\/wp\/v2\/posts"}],"about":[{"href":"https:\/\/leseffrontes.fr\/index.php\/wp-json\/wp\/v2\/types\/post"}],"author":[{"embeddable":true,"href":"https:\/\/leseffrontes.fr\/index.php\/wp-json\/wp\/v2\/users\/2"}],"replies":[{"embeddable":true,"href":"https:\/\/leseffrontes.fr\/index.php\/wp-json\/wp\/v2\/comments?post=1919"}],"version-history":[{"count":5,"href":"https:\/\/leseffrontes.fr\/index.php\/wp-json\/wp\/v2\/posts\/1919\/revisions"}],"predecessor-version":[{"id":3000,"href":"https:\/\/leseffrontes.fr\/index.php\/wp-json\/wp\/v2\/posts\/1919\/revisions\/3000"}],"wp:featuredmedia":[{"embeddable":true,"href":"https:\/\/leseffrontes.fr\/index.php\/wp-json\/wp\/v2\/media\/1934"}],"wp:attachment":[{"href":"https:\/\/leseffrontes.fr\/index.php\/wp-json\/wp\/v2\/media?parent=1919"}],"wp:term":[{"taxonomy":"category","embeddable":true,"href":"https:\/\/leseffrontes.fr\/index.php\/wp-json\/wp\/v2\/categories?post=1919"},{"taxonomy":"post_tag","embeddable":true,"href":"https:\/\/leseffrontes.fr\/index.php\/wp-json\/wp\/v2\/tags?post=1919"}],"curies":[{"name":"wp","href":"https:\/\/api.w.org\/{rel}","templated":true}]}}