{"id":2013,"date":"2023-12-24T08:23:27","date_gmt":"2023-12-24T07:23:27","guid":{"rendered":"https:\/\/leseffrontes.fr\/?p=2013"},"modified":"2023-12-28T12:06:27","modified_gmt":"2023-12-28T11:06:27","slug":"au-service-de-sa-majeste","status":"publish","type":"post","link":"https:\/\/leseffrontes.fr\/index.php\/2023\/12\/24\/au-service-de-sa-majeste\/","title":{"rendered":"Au service de sa majest\u00e9"},"content":{"rendered":"\n<p>Dans un billet pr\u00e9c\u00e9dent, je donnais <a href=\"https:\/\/leseffrontes.fr\/index.php\/2023\/05\/08\/le-secret-dun-mariage-reussi-le-divorce\/\">le secret d\u2019un mariage r\u00e9ussi\u00a0: Le divorce\u202f!<\/a> Pr\u00e9parer la fin d\u00e8s le d\u00e9but, penser que le mariage est mort et l\u2019achever. En tirer le meilleur, tout, et partir. Suite \u00e0 quoi, je me suis trouv\u00e9 derri\u00e8re un horizon statistique\u00a0: celui d\u2019un p\u00e8re ayant demand\u00e9 <em>et<\/em> obtenu la garde de son enfant\u202f!<\/p>\n\n\n\n<p>De cette position, j\u2019ai pu voir et entendre des choses. D\u00e9j\u00e0, le jugement qui m\u2019accordait la garde de ma fille, alors \u00e2g\u00e9e de 3 ans et demi, \u00e9tait un mod\u00e8le de pragmatisme et de logique \u2014 \u00e9tait-ce qu\u2019il avait \u00e9t\u00e9 rendu par un homme\u202f? \u00c7a a donn\u00e9 \u00e7a&nbsp;:<\/p>\n\n\n\n<ul class=\"wp-block-list\">\n<li>Les parents sont fonctionnels tous les deux&nbsp;: 1 &#8211; 1.<\/li>\n\n\n\n<li>La science nous recommande la fixation de l\u2019enfant chez la m\u00e8re tant qu\u2019il a moins de 3 ans. \u00c7a n\u2019est pas le cas&nbsp;: 2 &#8211; 2.<\/li>\n\n\n\n<li>Celui qui a le plus de temps est le p\u00e8re, <em>dont acte<\/em>&nbsp;: 3 &#8211; 2.<\/li>\n<\/ul>\n\n\n\n<p>J\u2019ai donc obtenu la garde de mon enfant, parce que je l\u2019ai demand\u00e9 <em>et<\/em> parce que je travaillais moins.<\/p>\n\n\n\n<p>Suite \u00e0 quoi, j\u2019ai d\u00e9couvert le quotidien des familles monoparentales et des p\u00e8res c\u00e9libataires en m\u00eame temps. Ce qui concr\u00e8tement est tr\u00e8s simple&nbsp;: votre vie ne vous appartient plus\u202f! L\u2019existence et les demandes imp\u00e9rieuses de votre enfant doivent \u00eatre satisfaites \u2014 je ne parle pas de caprices, mais d\u2019horaires pr\u00e9cis pour l\u2019\u00e9cole, les repas et le bain.<\/p>\n\n\n\n<p>Du jour au lendemain, vous devenez un habitu\u00e9 des squares et des toboggans, un architecte de ch\u00e2teaux de sable, un logisticien de la pelle et du seau. Finies les sorties entre potes, les plans dragues, ce qui n\u2019emp\u00eache pas de rencontrer quelqu\u2019un, mais c\u2019est \u00e0 la sortie des classes que cela se passe, et c\u2019est en marge du go\u00fbter que vous pourrez conclure.<\/p>\n\n\n\n<p>Il y a les visites chez le p\u00e9diatre, l\u2019ophtalmologiste, le dentiste et tout l\u2019arsenal m\u00e9dical qui accompagne la naissance et la croissance d\u2019un m\u00f4me. Si, en ce qui vous concerne, vous \u00eates du genre \u00e0 voir le toubib une fois l\u2019an, voire moins, dor\u00e9navant vous ferez le pied de grue dans les salles d\u2019attente en lisant les aventures de l\u2019\u00e2ne Trotro.<\/p>\n\n\n\n<p>J\u2019y pense\u00a0: la lecture et les histoires du soir, \u00e9videmment. Vous n\u2019aimez pas lire\u202f? Ben\u2026 on s\u2019en fout de vous, non\u202f? Les anniversaires aussi, car une fois l\u2019an, c\u2019est une dizaine de gniares \u00e9nerv\u00e9s qui retourneront votre appartement. Et les responsabilit\u00e9s\u00a0: on vous le r\u00e9p\u00e8te, tout se joue avant 6 ans, la moindre de vos d\u00e9cisions aura des cons\u00e9quences sur une vie enti\u00e8re, mais pas la v\u00f4tre, pas seulement.<\/p>\n\n\n\n<p>Ce rapide inventaire \u00e0 la Pr\u00e9vert explique pourquoi beaucoup de p\u00e8res ne demandent pas la garde.<\/p>\n\n\n\n<p>Mais ce que vous obtiendrez, c\u2019est l\u2019amour inconditionnel de votre gamin, l\u2019apparition d\u2019un \u00eatre qui se construit sous vos yeux, en partie gr\u00e2ce \u00e0 vous, mais aussi sans vous. Il y aura des surprises, des moments qui vous mettront le c\u0153ur \u00e0 l\u2019envers, une existence qui sera la trace de votre passage dans ce monde. Vous ne serez plus jamais seul\u202f!<\/p>","protected":false},"excerpt":{"rendered":"<p>Dans un billet pr\u00e9c\u00e9dent, je donnais le secret d\u2019un mariage r\u00e9ussi\u00a0: Le divorce\u202f! Pr\u00e9parer la fin d\u00e8s le d\u00e9but, penser que le mariage est mort et l\u2019achever. En tirer le meilleur, tout, et partir. Suite \u00e0 quoi, je me suis trouv\u00e9 derri\u00e8re un horizon statistique\u00a0: celui d\u2019un p\u00e8re ayant demand\u00e9&hellip;<\/p>\n<p><a class=\"excerpt-readmore\" href=\"https:\/\/leseffrontes.fr\/index.php\/2023\/12\/24\/au-service-de-sa-majeste\/\">Read More<\/a><\/p>","protected":false},"author":3,"featured_media":2026,"comment_status":"open","ping_status":"open","sticky":false,"template":"","format":"standard","meta":{"twitterCardType":"","cardImageID":0,"cardImage":"","cardTitle":"","cardDesc":"","cardImageAlt":"","cardPlayer":"","cardPlayerWidth":0,"cardPlayerHeight":0,"cardPlayerStream":"","cardPlayerCodec":"","footnotes":""},"categories":[4],"tags":[36,50],"class_list":["post-2013","post","type-post","status-publish","format-standard","has-post-thumbnail","hentry","category-recit","tag-divorce","tag-enfance","odd"],"_links":{"self":[{"href":"https:\/\/leseffrontes.fr\/index.php\/wp-json\/wp\/v2\/posts\/2013","targetHints":{"allow":["GET"]}}],"collection":[{"href":"https:\/\/leseffrontes.fr\/index.php\/wp-json\/wp\/v2\/posts"}],"about":[{"href":"https:\/\/leseffrontes.fr\/index.php\/wp-json\/wp\/v2\/types\/post"}],"author":[{"embeddable":true,"href":"https:\/\/leseffrontes.fr\/index.php\/wp-json\/wp\/v2\/users\/3"}],"replies":[{"embeddable":true,"href":"https:\/\/leseffrontes.fr\/index.php\/wp-json\/wp\/v2\/comments?post=2013"}],"version-history":[{"count":9,"href":"https:\/\/leseffrontes.fr\/index.php\/wp-json\/wp\/v2\/posts\/2013\/revisions"}],"predecessor-version":[{"id":2040,"href":"https:\/\/leseffrontes.fr\/index.php\/wp-json\/wp\/v2\/posts\/2013\/revisions\/2040"}],"wp:featuredmedia":[{"embeddable":true,"href":"https:\/\/leseffrontes.fr\/index.php\/wp-json\/wp\/v2\/media\/2026"}],"wp:attachment":[{"href":"https:\/\/leseffrontes.fr\/index.php\/wp-json\/wp\/v2\/media?parent=2013"}],"wp:term":[{"taxonomy":"category","embeddable":true,"href":"https:\/\/leseffrontes.fr\/index.php\/wp-json\/wp\/v2\/categories?post=2013"},{"taxonomy":"post_tag","embeddable":true,"href":"https:\/\/leseffrontes.fr\/index.php\/wp-json\/wp\/v2\/tags?post=2013"}],"curies":[{"name":"wp","href":"https:\/\/api.w.org\/{rel}","templated":true}]}}