{"id":2140,"date":"2024-03-02T20:26:50","date_gmt":"2024-03-02T19:26:50","guid":{"rendered":"https:\/\/leseffrontes.fr\/?p=2140"},"modified":"2025-05-09T14:55:18","modified_gmt":"2025-05-09T12:55:18","slug":"les-regularisations-dimmigres-illegaux-en-france","status":"publish","type":"post","link":"https:\/\/leseffrontes.fr\/index.php\/2024\/03\/02\/les-regularisations-dimmigres-illegaux-en-france\/","title":{"rendered":"Les r\u00e9gularisations d&rsquo;immigr\u00e9s ill\u00e9gaux en France"},"content":{"rendered":"\n<p><em>Marc Vanguard diffuse sur Twitter des \u00e9l\u00e9ments de statistique sur l&rsquo;immigration. Nous republions son travail sur les Effront\u00e9s dans l\u2019espoir que cela nourrisse chez le lecteur une r\u00e9flexion raisonnable et mesur\u00e9e, au lieu des r\u00e9actions \u00e9motionnelles si fr\u00e9quentes sur ce sujet. \u2014 TB<\/em><\/p>\n\n\n\n<p>Le saviez-vous&nbsp;? 310.000 clandestins ont d\u00e9j\u00e0 \u00e9t\u00e9 r\u00e9gularis\u00e9s ces dix derni\u00e8res ann\u00e9es. C&rsquo;est probablement le plus gros \u00ab&nbsp;non-dit&nbsp;\u00bb dans les d\u00e9bats sur la Loi immigration. Je vous explique \u00e7a dans ce billet.<\/p>\n\n\n\n<p>Un peu plus de 30.000 immigr\u00e9s ill\u00e9gaux sont r\u00e9gularis\u00e9s chaque ann\u00e9e, avec une r\u00e9cente augmentation de 9% l&rsquo;an dernier. 170.000 r\u00e9gularisations ont d\u00e9j\u00e0 eu lieu rien que sous la pr\u00e9sidence d&rsquo;Emmanuel Macron. La loi pr\u00e9voit en effet plusieurs motifs de r\u00e9gularisation\u2026<\/p>\n\n\n\n<figure data-wp-context=\"{&quot;imageId&quot;:&quot;69f70e2194a58&quot;}\" data-wp-interactive=\"core\/image\" data-wp-key=\"69f70e2194a58\" class=\"wp-block-image size-large wp-lightbox-container\"><img loading=\"lazy\" decoding=\"async\" width=\"1024\" height=\"705\" data-wp-class--hide=\"state.isContentHidden\" data-wp-class--show=\"state.isContentVisible\" data-wp-init=\"callbacks.setButtonStyles\" data-wp-on--click=\"actions.showLightbox\" data-wp-on--load=\"callbacks.setButtonStyles\" data-wp-on-window--resize=\"callbacks.setButtonStyles\" src=\"https:\/\/leseffrontes.fr\/wp-content\/uploads\/2024\/03\/09_01_les_immigres_regularises_en_france_en_dix_ans-1024x705.jpeg\" alt=\"En 10 ans, 310.000 immigr\u00e9s ill\u00e9gaux ont \u00e9t\u00e9 r\u00e9gularis\u00e9s en France\" class=\"wp-image-2142\" title=\"En 10 ans, 310.000 immigr\u00e9s ill\u00e9gaux ont \u00e9t\u00e9 r\u00e9gularis\u00e9s en France\" srcset=\"https:\/\/leseffrontes.fr\/wp-content\/uploads\/2024\/03\/09_01_les_immigres_regularises_en_france_en_dix_ans-1024x705.jpeg 1024w, https:\/\/leseffrontes.fr\/wp-content\/uploads\/2024\/03\/09_01_les_immigres_regularises_en_france_en_dix_ans-300x207.jpeg 300w, https:\/\/leseffrontes.fr\/wp-content\/uploads\/2024\/03\/09_01_les_immigres_regularises_en_france_en_dix_ans-768x529.jpeg 768w, https:\/\/leseffrontes.fr\/wp-content\/uploads\/2024\/03\/09_01_les_immigres_regularises_en_france_en_dix_ans.jpeg 1200w\" sizes=\"auto, (max-width: 1024px) 100vw, 1024px\" \/><button\n\t\t\tclass=\"lightbox-trigger\"\n\t\t\ttype=\"button\"\n\t\t\taria-haspopup=\"dialog\"\n\t\t\taria-label=\"Agrandir\"\n\t\t\tdata-wp-init=\"callbacks.initTriggerButton\"\n\t\t\tdata-wp-on--click=\"actions.showLightbox\"\n\t\t\tdata-wp-style--right=\"state.imageButtonRight\"\n\t\t\tdata-wp-style--top=\"state.imageButtonTop\"\n\t\t>\n\t\t\t\n<svg xmlns=\"http:\/\/www.w3.org\/2000\/svg\" width=\"12\" height=\"12\" fill=\"none\" viewBox=\"0 0 12 12\">\n\t\t\t\t<path fill=\"#fff\" d=\"M2 0a2 2 0 0 0-2 2v2h1.5V2a.5.5 0 0 1 .5-.5h2V0H2Zm2 10.5H2a.5.5 0 0 1-.5-.5V8H0v2a2 2 0 0 0 2 2h2v-1.5ZM8 12v-1.5h2a.5.5 0 0 0 .5-.5V8H12v2a2 2 0 0 1-2 2H8Zm2-12a2 2 0 0 1 2 2v2h-1.5V2a.5.5 0 0 0-.5-.5H8V0h2Z\" \/>\n\t\t\t<\/svg>\n\t\t<\/button><\/figure>\n\n\n\n<p>Dans 70% des cas, ces r\u00e9gularisations se font pour motifs familiaux. Par exemple, les \u00e9trangers s\u00e9journant ill\u00e9galement en France depuis dix ans d\u00e9montrant qu&rsquo;ils ont tiss\u00e9 des liens familiaux importants peuvent obtenir des papiers.<\/p>\n\n\n\n<figure data-wp-context=\"{&quot;imageId&quot;:&quot;69f70e2194f01&quot;}\" data-wp-interactive=\"core\/image\" data-wp-key=\"69f70e2194f01\" class=\"wp-block-image size-large wp-lightbox-container\"><img loading=\"lazy\" decoding=\"async\" width=\"1024\" height=\"706\" data-wp-class--hide=\"state.isContentHidden\" data-wp-class--show=\"state.isContentVisible\" data-wp-init=\"callbacks.setButtonStyles\" data-wp-on--click=\"actions.showLightbox\" data-wp-on--load=\"callbacks.setButtonStyles\" data-wp-on-window--resize=\"callbacks.setButtonStyles\" src=\"https:\/\/leseffrontes.fr\/wp-content\/uploads\/2024\/03\/09_02_les_motifs_de_regularisation-1024x706.jpeg\" alt=\"Les motifs de r\u00e9gularisation sont \u00e0 70% des motifs familiaux\" class=\"wp-image-2143\" title=\"Les motifs de r\u00e9gularisation sont \u00e0 70% des motifs familiaux\" srcset=\"https:\/\/leseffrontes.fr\/wp-content\/uploads\/2024\/03\/09_02_les_motifs_de_regularisation-1024x706.jpeg 1024w, https:\/\/leseffrontes.fr\/wp-content\/uploads\/2024\/03\/09_02_les_motifs_de_regularisation-300x207.jpeg 300w, https:\/\/leseffrontes.fr\/wp-content\/uploads\/2024\/03\/09_02_les_motifs_de_regularisation-768x529.jpeg 768w, https:\/\/leseffrontes.fr\/wp-content\/uploads\/2024\/03\/09_02_les_motifs_de_regularisation.jpeg 1200w\" sizes=\"auto, (max-width: 1024px) 100vw, 1024px\" \/><button\n\t\t\tclass=\"lightbox-trigger\"\n\t\t\ttype=\"button\"\n\t\t\taria-haspopup=\"dialog\"\n\t\t\taria-label=\"Agrandir\"\n\t\t\tdata-wp-init=\"callbacks.initTriggerButton\"\n\t\t\tdata-wp-on--click=\"actions.showLightbox\"\n\t\t\tdata-wp-style--right=\"state.imageButtonRight\"\n\t\t\tdata-wp-style--top=\"state.imageButtonTop\"\n\t\t>\n\t\t\t\n<svg xmlns=\"http:\/\/www.w3.org\/2000\/svg\" width=\"12\" height=\"12\" fill=\"none\" viewBox=\"0 0 12 12\">\n\t\t\t\t<path fill=\"#fff\" d=\"M2 0a2 2 0 0 0-2 2v2h1.5V2a.5.5 0 0 1 .5-.5h2V0H2Zm2 10.5H2a.5.5 0 0 1-.5-.5V8H0v2a2 2 0 0 0 2 2h2v-1.5ZM8 12v-1.5h2a.5.5 0 0 0 .5-.5V8H12v2a2 2 0 0 1-2 2H8Zm2-12a2 2 0 0 1 2 2v2h-1.5V2a.5.5 0 0 0-.5-.5H8V0h2Z\" \/>\n\t\t\t<\/svg>\n\t\t<\/button><\/figure>\n\n\n\n<p>Les motifs familiaux ont pris une part encore plus importante depuis la \u00ab&nbsp;circulaire Valls&nbsp;\u00bb de 2012. Rappelons le d\u00e9bat de l&rsquo;\u00e9poque&nbsp;: des voix se font entendre en faveur d&rsquo;une r\u00e9gularisation massive, mais [le Ministre de l&rsquo;int\u00e9rieur] Manuel Valls s&rsquo;oppose \u00e0 toute r\u00e9gularisation de masse, expliquant que la France n&rsquo;aurait pas la capacit\u00e9 d&rsquo;en supporter les cons\u00e9quences. Pour satisfaire l&rsquo;aile gauche du Parti socialiste, il \u00e9largit alors les crit\u00e8res de r\u00e9gularisation. Ainsi, un mineur arriv\u00e9 clandestinement peut \u00eatre r\u00e9gularis\u00e9 lorsqu&rsquo;il devient majeur s&rsquo;il a \u00e9t\u00e9 scolaris\u00e9 et qu&rsquo;il a r\u00e9sid\u00e9 au moins 2 ans en France (ill\u00e9galement, donc). Les motifs pr\u00e9vus par la circulaire Valls repr\u00e9sentent environ 20-25% des r\u00e9gularisations.<\/p>\n\n\n\n<figure data-wp-context=\"{&quot;imageId&quot;:&quot;69f70e2195333&quot;}\" data-wp-interactive=\"core\/image\" data-wp-key=\"69f70e2195333\" class=\"wp-block-image size-large wp-lightbox-container\"><img loading=\"lazy\" decoding=\"async\" width=\"1024\" height=\"707\" data-wp-class--hide=\"state.isContentHidden\" data-wp-class--show=\"state.isContentVisible\" data-wp-init=\"callbacks.setButtonStyles\" data-wp-on--click=\"actions.showLightbox\" data-wp-on--load=\"callbacks.setButtonStyles\" data-wp-on-window--resize=\"callbacks.setButtonStyles\" src=\"https:\/\/leseffrontes.fr\/wp-content\/uploads\/2024\/03\/09_03_la_circulaire_valls_represente_un_quart_des_motifs_de_regularisation-1024x707.jpeg\" alt=\"Les motifs de la \u00ab&nbsp;circulaire Valls&nbsp;\u00bb repr\u00e9sentent 20-25% des r\u00e9gularisations\" class=\"wp-image-2144\" title=\"Les motifs de la \u00ab&nbsp;circulaire Valls&nbsp;\u00bb repr\u00e9sentent 20-25% des r\u00e9gularisations\" srcset=\"https:\/\/leseffrontes.fr\/wp-content\/uploads\/2024\/03\/09_03_la_circulaire_valls_represente_un_quart_des_motifs_de_regularisation-1024x707.jpeg 1024w, https:\/\/leseffrontes.fr\/wp-content\/uploads\/2024\/03\/09_03_la_circulaire_valls_represente_un_quart_des_motifs_de_regularisation-300x207.jpeg 300w, https:\/\/leseffrontes.fr\/wp-content\/uploads\/2024\/03\/09_03_la_circulaire_valls_represente_un_quart_des_motifs_de_regularisation-768x531.jpeg 768w, https:\/\/leseffrontes.fr\/wp-content\/uploads\/2024\/03\/09_03_la_circulaire_valls_represente_un_quart_des_motifs_de_regularisation.jpeg 1200w\" sizes=\"auto, (max-width: 1024px) 100vw, 1024px\" \/><button\n\t\t\tclass=\"lightbox-trigger\"\n\t\t\ttype=\"button\"\n\t\t\taria-haspopup=\"dialog\"\n\t\t\taria-label=\"Agrandir\"\n\t\t\tdata-wp-init=\"callbacks.initTriggerButton\"\n\t\t\tdata-wp-on--click=\"actions.showLightbox\"\n\t\t\tdata-wp-style--right=\"state.imageButtonRight\"\n\t\t\tdata-wp-style--top=\"state.imageButtonTop\"\n\t\t>\n\t\t\t\n<svg xmlns=\"http:\/\/www.w3.org\/2000\/svg\" width=\"12\" height=\"12\" fill=\"none\" viewBox=\"0 0 12 12\">\n\t\t\t\t<path fill=\"#fff\" d=\"M2 0a2 2 0 0 0-2 2v2h1.5V2a.5.5 0 0 1 .5-.5h2V0H2Zm2 10.5H2a.5.5 0 0 1-.5-.5V8H0v2a2 2 0 0 0 2 2h2v-1.5ZM8 12v-1.5h2a.5.5 0 0 0 .5-.5V8H12v2a2 2 0 0 1-2 2H8Zm2-12a2 2 0 0 1 2 2v2h-1.5V2a.5.5 0 0 0-.5-.5H8V0h2Z\" \/>\n\t\t\t<\/svg>\n\t\t<\/button><\/figure>\n\n\n\n<p>Quelles sont les nationalit\u00e9s les plus repr\u00e9sent\u00e9es parmi ces r\u00e9gularisations&nbsp;? Les donn\u00e9es 2016-2020 montrent 8 nationalit\u00e9s africaines dans le top 10, domin\u00e9 par le Maghreb.<\/p>\n\n\n<div class=\"wp-block-image\">\n<figure data-wp-context=\"{&quot;imageId&quot;:&quot;69f70e219578c&quot;}\" data-wp-interactive=\"core\/image\" data-wp-key=\"69f70e219578c\" class=\"aligncenter size-large wp-lightbox-container\"><img loading=\"lazy\" decoding=\"async\" width=\"740\" height=\"1024\" data-wp-class--hide=\"state.isContentHidden\" data-wp-class--show=\"state.isContentVisible\" data-wp-init=\"callbacks.setButtonStyles\" data-wp-on--click=\"actions.showLightbox\" data-wp-on--load=\"callbacks.setButtonStyles\" data-wp-on-window--resize=\"callbacks.setButtonStyles\" src=\"https:\/\/leseffrontes.fr\/wp-content\/uploads\/2024\/03\/09_04_l_afrique_domine_parmi_les_nationalites_les_plus_regularisees-740x1024.jpeg\" alt=\"L'Afrique domine le top 10 des nationalit\u00e9s les plus repr\u00e9sent\u00e9es dans les r\u00e9gularisations\" class=\"wp-image-2145\" title=\"L'Afrique domine le top 10 des nationalit\u00e9s les plus repr\u00e9sent\u00e9es dans les r\u00e9gularisations\" srcset=\"https:\/\/leseffrontes.fr\/wp-content\/uploads\/2024\/03\/09_04_l_afrique_domine_parmi_les_nationalites_les_plus_regularisees-740x1024.jpeg 740w, https:\/\/leseffrontes.fr\/wp-content\/uploads\/2024\/03\/09_04_l_afrique_domine_parmi_les_nationalites_les_plus_regularisees-217x300.jpeg 217w, https:\/\/leseffrontes.fr\/wp-content\/uploads\/2024\/03\/09_04_l_afrique_domine_parmi_les_nationalites_les_plus_regularisees-768x1063.jpeg 768w, https:\/\/leseffrontes.fr\/wp-content\/uploads\/2024\/03\/09_04_l_afrique_domine_parmi_les_nationalites_les_plus_regularisees.jpeg 867w\" sizes=\"auto, (max-width: 740px) 100vw, 740px\" \/><button\n\t\t\tclass=\"lightbox-trigger\"\n\t\t\ttype=\"button\"\n\t\t\taria-haspopup=\"dialog\"\n\t\t\taria-label=\"Agrandir\"\n\t\t\tdata-wp-init=\"callbacks.initTriggerButton\"\n\t\t\tdata-wp-on--click=\"actions.showLightbox\"\n\t\t\tdata-wp-style--right=\"state.imageButtonRight\"\n\t\t\tdata-wp-style--top=\"state.imageButtonTop\"\n\t\t>\n\t\t\t\n<svg xmlns=\"http:\/\/www.w3.org\/2000\/svg\" width=\"12\" height=\"12\" fill=\"none\" viewBox=\"0 0 12 12\">\n\t\t\t\t<path fill=\"#fff\" d=\"M2 0a2 2 0 0 0-2 2v2h1.5V2a.5.5 0 0 1 .5-.5h2V0H2Zm2 10.5H2a.5.5 0 0 1-.5-.5V8H0v2a2 2 0 0 0 2 2h2v-1.5ZM8 12v-1.5h2a.5.5 0 0 0 .5-.5V8H12v2a2 2 0 0 1-2 2H8Zm2-12a2 2 0 0 1 2 2v2h-1.5V2a.5.5 0 0 0-.5-.5H8V0h2Z\" \/>\n\t\t\t<\/svg>\n\t\t<\/button><\/figure>\n<\/div>\n\n\n<p>Comme d&rsquo;habitude, je m&rsquo;appuie sur des sources officielles, indiqu\u00e9es en bas de chaque visuel, que je vous invite \u00e0 consulter en cas de doute. Sous Emmanuel Macron, c&rsquo;est donc l&rsquo;\u00e9quivalent de la population du Havre, de Toulon ou de Dijon qui a \u00e9t\u00e9 r\u00e9gularis\u00e9e.<\/p>","protected":false},"excerpt":{"rendered":"<p>Marc Vanguard diffuse sur Twitter des \u00e9l\u00e9ments de statistique sur l&rsquo;immigration. Nous republions son travail sur les Effront\u00e9s dans l\u2019espoir que cela nourrisse chez le lecteur une r\u00e9flexion raisonnable et mesur\u00e9e, au lieu des r\u00e9actions \u00e9motionnelles si fr\u00e9quentes sur ce sujet. \u2014 TB Le saviez-vous&nbsp;? 310.000 clandestins ont d\u00e9j\u00e0 \u00e9t\u00e9&hellip;<\/p>\n<p><a class=\"excerpt-readmore\" href=\"https:\/\/leseffrontes.fr\/index.php\/2024\/03\/02\/les-regularisations-dimmigres-illegaux-en-france\/\">Read More<\/a><\/p>","protected":false},"author":2,"featured_media":2147,"comment_status":"open","ping_status":"open","sticky":false,"template":"","format":"standard","meta":{"twitterCardType":"","cardImageID":0,"cardImage":"","cardTitle":"","cardDesc":"","cardImageAlt":"","cardPlayer":"","cardPlayerWidth":0,"cardPlayerHeight":0,"cardPlayerStream":"","cardPlayerCodec":"","footnotes":""},"categories":[7],"tags":[75,33,39,37],"class_list":["post-2140","post","type-post","status-publish","format-standard","has-post-thumbnail","hentry","category-faits","tag-emmanuel-macron","tag-france","tag-immigration","tag-marc-vanguard","odd"],"_links":{"self":[{"href":"https:\/\/leseffrontes.fr\/index.php\/wp-json\/wp\/v2\/posts\/2140","targetHints":{"allow":["GET"]}}],"collection":[{"href":"https:\/\/leseffrontes.fr\/index.php\/wp-json\/wp\/v2\/posts"}],"about":[{"href":"https:\/\/leseffrontes.fr\/index.php\/wp-json\/wp\/v2\/types\/post"}],"author":[{"embeddable":true,"href":"https:\/\/leseffrontes.fr\/index.php\/wp-json\/wp\/v2\/users\/2"}],"replies":[{"embeddable":true,"href":"https:\/\/leseffrontes.fr\/index.php\/wp-json\/wp\/v2\/comments?post=2140"}],"version-history":[{"count":5,"href":"https:\/\/leseffrontes.fr\/index.php\/wp-json\/wp\/v2\/posts\/2140\/revisions"}],"predecessor-version":[{"id":2994,"href":"https:\/\/leseffrontes.fr\/index.php\/wp-json\/wp\/v2\/posts\/2140\/revisions\/2994"}],"wp:featuredmedia":[{"embeddable":true,"href":"https:\/\/leseffrontes.fr\/index.php\/wp-json\/wp\/v2\/media\/2147"}],"wp:attachment":[{"href":"https:\/\/leseffrontes.fr\/index.php\/wp-json\/wp\/v2\/media?parent=2140"}],"wp:term":[{"taxonomy":"category","embeddable":true,"href":"https:\/\/leseffrontes.fr\/index.php\/wp-json\/wp\/v2\/categories?post=2140"},{"taxonomy":"post_tag","embeddable":true,"href":"https:\/\/leseffrontes.fr\/index.php\/wp-json\/wp\/v2\/tags?post=2140"}],"curies":[{"name":"wp","href":"https:\/\/api.w.org\/{rel}","templated":true}]}}