{"id":2214,"date":"2024-05-08T17:18:32","date_gmt":"2024-05-08T15:18:32","guid":{"rendered":"https:\/\/leseffrontes.fr\/?p=2214"},"modified":"2025-05-09T14:52:22","modified_gmt":"2025-05-09T12:52:22","slug":"les-chiffres-de-limmigration-en-france-3","status":"publish","type":"post","link":"https:\/\/leseffrontes.fr\/index.php\/2024\/05\/08\/les-chiffres-de-limmigration-en-france-3\/","title":{"rendered":"Les chiffres de l\u2019immigration en France (3)"},"content":{"rendered":"\n<p><em>Marc Vanguard diffuse sur Twitter des \u00e9l\u00e9ments de statistique sur l\u2019immigration. Nous republions son travail sur les Effront\u00e9s dans l\u2019espoir que cela nourrisse chez le lecteur une r\u00e9flexion raisonnable et mesur\u00e9e, au lieu des r\u00e9actions \u00e9motionnelles si fr\u00e9quentes sur ce sujet. \u2014 TB<\/em><\/p>\n\n\n\n<h2 class=\"wp-block-heading\">La contribution \u00e9conomique des immigr\u00e9s<\/h2>\n\n\n\n<p>L&rsquo;immigration en France est tr\u00e8s familiale et peu \u00e9duqu\u00e9e, elle n&rsquo;est pas con\u00e7ue pour maximiser la contribution \u00e9conomique.<\/p>\n\n\n\n<ul class=\"wp-block-list\">\n<li>La France est le 1er pays occidental de l\u2019UE en mati\u00e8re d\u2019immigration familiale.<\/li>\n\n\n\n<li>30% des immigr\u00e9s en France n&rsquo;ont m\u00eame pas le niveau lyc\u00e9e.<\/li>\n<\/ul>\n\n\n\n<figure data-wp-context=\"{&quot;imageId&quot;:&quot;69f742d8d3060&quot;}\" data-wp-interactive=\"core\/image\" data-wp-key=\"69f742d8d3060\" class=\"wp-block-image size-large wp-lightbox-container\"><img loading=\"lazy\" decoding=\"async\" width=\"1024\" height=\"704\" data-wp-class--hide=\"state.isContentHidden\" data-wp-class--show=\"state.isContentVisible\" data-wp-init=\"callbacks.setButtonStyles\" data-wp-on--click=\"actions.showLightbox\" data-wp-on--load=\"callbacks.setButtonStyles\" data-wp-on-window--resize=\"callbacks.setButtonStyles\" src=\"https:\/\/leseffrontes.fr\/wp-content\/uploads\/2024\/05\/11_01_la_structure_de_l_immigration_en_france_est_unique_en_europe-1024x704.jpeg\" alt=\"La structure de l'immigration en France est unique en Europe&nbsp;: record de motifs familiaux, faible niveau d'\u00e9ducation\" class=\"wp-image-2216\" title=\"La structure de l'immigration en France est unique en Europe&nbsp;: record de motifs familiaux, faible niveau d'\u00e9ducation\" srcset=\"https:\/\/leseffrontes.fr\/wp-content\/uploads\/2024\/05\/11_01_la_structure_de_l_immigration_en_france_est_unique_en_europe-1024x704.jpeg 1024w, https:\/\/leseffrontes.fr\/wp-content\/uploads\/2024\/05\/11_01_la_structure_de_l_immigration_en_france_est_unique_en_europe-300x206.jpeg 300w, https:\/\/leseffrontes.fr\/wp-content\/uploads\/2024\/05\/11_01_la_structure_de_l_immigration_en_france_est_unique_en_europe-768x528.jpeg 768w, https:\/\/leseffrontes.fr\/wp-content\/uploads\/2024\/05\/11_01_la_structure_de_l_immigration_en_france_est_unique_en_europe.jpeg 1200w\" sizes=\"auto, (max-width: 1024px) 100vw, 1024px\" \/><button\n\t\t\tclass=\"lightbox-trigger\"\n\t\t\ttype=\"button\"\n\t\t\taria-haspopup=\"dialog\"\n\t\t\taria-label=\"Agrandir\"\n\t\t\tdata-wp-init=\"callbacks.initTriggerButton\"\n\t\t\tdata-wp-on--click=\"actions.showLightbox\"\n\t\t\tdata-wp-style--right=\"state.imageButtonRight\"\n\t\t\tdata-wp-style--top=\"state.imageButtonTop\"\n\t\t>\n\t\t\t\n<svg xmlns=\"http:\/\/www.w3.org\/2000\/svg\" width=\"12\" height=\"12\" fill=\"none\" viewBox=\"0 0 12 12\">\n\t\t\t\t<path fill=\"#fff\" d=\"M2 0a2 2 0 0 0-2 2v2h1.5V2a.5.5 0 0 1 .5-.5h2V0H2Zm2 10.5H2a.5.5 0 0 1-.5-.5V8H0v2a2 2 0 0 0 2 2h2v-1.5ZM8 12v-1.5h2a.5.5 0 0 0 .5-.5V8H12v2a2 2 0 0 1-2 2H8Zm2-12a2 2 0 0 1 2 2v2h-1.5V2a.5.5 0 0 0-.5-.5H8V0h2Z\" \/>\n\t\t\t<\/svg>\n\t\t<\/button><\/figure>\n\n\n\n<p>Dans ces conditions, il n&rsquo;est pas surprenant de voir que la contribution de l\u2019immigration au taux d\u2019activit\u00e9 en France est n\u00e9gative. C&rsquo;est m\u00eame la 39<sup>e<\/sup> plus mauvaise sur 45 pays class\u00e9s par l&rsquo;OCDE.<\/p>\n\n\n\n<figure data-wp-context=\"{&quot;imageId&quot;:&quot;69f742d8d350b&quot;}\" data-wp-interactive=\"core\/image\" data-wp-key=\"69f742d8d350b\" class=\"wp-block-image size-large wp-lightbox-container\"><img loading=\"lazy\" decoding=\"async\" width=\"745\" height=\"1024\" data-wp-class--hide=\"state.isContentHidden\" data-wp-class--show=\"state.isContentVisible\" data-wp-init=\"callbacks.setButtonStyles\" data-wp-on--click=\"actions.showLightbox\" data-wp-on--load=\"callbacks.setButtonStyles\" data-wp-on-window--resize=\"callbacks.setButtonStyles\" src=\"https:\/\/leseffrontes.fr\/wp-content\/uploads\/2024\/05\/11_02_la_contribution_de_l_immigration_au_taux_d_activtie_en_france-745x1024.jpeg\" alt=\"La contribution de l'immigration au taux d'activit\u00e9 en France est la 39e plus mauvaise sur 45 pays class\u00e9s\" class=\"wp-image-2218\" title=\"La contribution de l'immigration au taux d'activit\u00e9 en France est la 39e plus mauvaise sur 45 pays class\u00e9s\" srcset=\"https:\/\/leseffrontes.fr\/wp-content\/uploads\/2024\/05\/11_02_la_contribution_de_l_immigration_au_taux_d_activtie_en_france-745x1024.jpeg 745w, https:\/\/leseffrontes.fr\/wp-content\/uploads\/2024\/05\/11_02_la_contribution_de_l_immigration_au_taux_d_activtie_en_france-218x300.jpeg 218w, https:\/\/leseffrontes.fr\/wp-content\/uploads\/2024\/05\/11_02_la_contribution_de_l_immigration_au_taux_d_activtie_en_france-768x1056.jpeg 768w, https:\/\/leseffrontes.fr\/wp-content\/uploads\/2024\/05\/11_02_la_contribution_de_l_immigration_au_taux_d_activtie_en_france-400x550.jpeg 400w, https:\/\/leseffrontes.fr\/wp-content\/uploads\/2024\/05\/11_02_la_contribution_de_l_immigration_au_taux_d_activtie_en_france.jpeg 873w\" sizes=\"auto, (max-width: 745px) 100vw, 745px\" \/><button\n\t\t\tclass=\"lightbox-trigger\"\n\t\t\ttype=\"button\"\n\t\t\taria-haspopup=\"dialog\"\n\t\t\taria-label=\"Agrandir\"\n\t\t\tdata-wp-init=\"callbacks.initTriggerButton\"\n\t\t\tdata-wp-on--click=\"actions.showLightbox\"\n\t\t\tdata-wp-style--right=\"state.imageButtonRight\"\n\t\t\tdata-wp-style--top=\"state.imageButtonTop\"\n\t\t>\n\t\t\t\n<svg xmlns=\"http:\/\/www.w3.org\/2000\/svg\" width=\"12\" height=\"12\" fill=\"none\" viewBox=\"0 0 12 12\">\n\t\t\t\t<path fill=\"#fff\" d=\"M2 0a2 2 0 0 0-2 2v2h1.5V2a.5.5 0 0 1 .5-.5h2V0H2Zm2 10.5H2a.5.5 0 0 1-.5-.5V8H0v2a2 2 0 0 0 2 2h2v-1.5ZM8 12v-1.5h2a.5.5 0 0 0 .5-.5V8H12v2a2 2 0 0 1-2 2H8Zm2-12a2 2 0 0 1 2 2v2h-1.5V2a.5.5 0 0 0-.5-.5H8V0h2Z\" \/>\n\t\t\t<\/svg>\n\t\t<\/button><\/figure>\n\n\n\n<p>Les taux de ch\u00f4mage publi\u00e9s par l&rsquo;INSEE sont assez r\u00e9v\u00e9lateurs&nbsp;:<\/p>\n\n\n\n<ul class=\"wp-block-list\">\n<li>6% pour les Fran\u00e7ais autochtones<\/li>\n\n\n\n<li>12% pour les immigr\u00e9s (14% pour les Africains)<\/li>\n\n\n\n<li>11% pour les descendants d&rsquo;immigr\u00e9s (15% pour ceux ayant des origines africaines)<\/li>\n<\/ul>\n\n\n\n<figure data-wp-context=\"{&quot;imageId&quot;:&quot;69f742d8d3978&quot;}\" data-wp-interactive=\"core\/image\" data-wp-key=\"69f742d8d3978\" class=\"wp-block-image size-large wp-lightbox-container\"><img loading=\"lazy\" decoding=\"async\" width=\"1024\" height=\"705\" data-wp-class--hide=\"state.isContentHidden\" data-wp-class--show=\"state.isContentVisible\" data-wp-init=\"callbacks.setButtonStyles\" data-wp-on--click=\"actions.showLightbox\" data-wp-on--load=\"callbacks.setButtonStyles\" data-wp-on-window--resize=\"callbacks.setButtonStyles\" src=\"https:\/\/leseffrontes.fr\/wp-content\/uploads\/2024\/05\/11_03_le_taux_de_chomage_des_immigres_est_le_double_de_celui_des_autochtones-1024x705.jpeg\" alt=\"Le taux de ch\u00f4mage des immigr\u00e9s est le double de celui des autochtones\" class=\"wp-image-2219\" srcset=\"https:\/\/leseffrontes.fr\/wp-content\/uploads\/2024\/05\/11_03_le_taux_de_chomage_des_immigres_est_le_double_de_celui_des_autochtones-1024x705.jpeg 1024w, https:\/\/leseffrontes.fr\/wp-content\/uploads\/2024\/05\/11_03_le_taux_de_chomage_des_immigres_est_le_double_de_celui_des_autochtones-300x207.jpeg 300w, https:\/\/leseffrontes.fr\/wp-content\/uploads\/2024\/05\/11_03_le_taux_de_chomage_des_immigres_est_le_double_de_celui_des_autochtones-768x529.jpeg 768w, https:\/\/leseffrontes.fr\/wp-content\/uploads\/2024\/05\/11_03_le_taux_de_chomage_des_immigres_est_le_double_de_celui_des_autochtones.jpeg 1200w\" sizes=\"auto, (max-width: 1024px) 100vw, 1024px\" \/><button\n\t\t\tclass=\"lightbox-trigger\"\n\t\t\ttype=\"button\"\n\t\t\taria-haspopup=\"dialog\"\n\t\t\taria-label=\"Agrandir\"\n\t\t\tdata-wp-init=\"callbacks.initTriggerButton\"\n\t\t\tdata-wp-on--click=\"actions.showLightbox\"\n\t\t\tdata-wp-style--right=\"state.imageButtonRight\"\n\t\t\tdata-wp-style--top=\"state.imageButtonTop\"\n\t\t>\n\t\t\t\n<svg xmlns=\"http:\/\/www.w3.org\/2000\/svg\" width=\"12\" height=\"12\" fill=\"none\" viewBox=\"0 0 12 12\">\n\t\t\t\t<path fill=\"#fff\" d=\"M2 0a2 2 0 0 0-2 2v2h1.5V2a.5.5 0 0 1 .5-.5h2V0H2Zm2 10.5H2a.5.5 0 0 1-.5-.5V8H0v2a2 2 0 0 0 2 2h2v-1.5ZM8 12v-1.5h2a.5.5 0 0 0 .5-.5V8H12v2a2 2 0 0 1-2 2H8Zm2-12a2 2 0 0 1 2 2v2h-1.5V2a.5.5 0 0 0-.5-.5H8V0h2Z\" \/>\n\t\t\t<\/svg>\n\t\t<\/button><\/figure>\n\n\n\n<p>Sans surprise, la part des aides sociales dans les revenus des m\u00e9nages est contrast\u00e9e&nbsp;:<\/p>\n\n\n\n<ul class=\"wp-block-list\">\n<li>7% pour les non-immigr\u00e9s<\/li>\n\n\n\n<li>C&rsquo;est deux fois plus pour les immigr\u00e9s (14%)<\/li>\n\n\n\n<li>Et m\u00eame trois fois plus concernant les immigr\u00e9s africains (22%)<\/li>\n<\/ul>\n\n\n\n<figure data-wp-context=\"{&quot;imageId&quot;:&quot;69f742d8d3d78&quot;}\" data-wp-interactive=\"core\/image\" data-wp-key=\"69f742d8d3d78\" class=\"wp-block-image size-large wp-lightbox-container\"><img loading=\"lazy\" decoding=\"async\" width=\"1024\" height=\"704\" data-wp-class--hide=\"state.isContentHidden\" data-wp-class--show=\"state.isContentVisible\" data-wp-init=\"callbacks.setButtonStyles\" data-wp-on--click=\"actions.showLightbox\" data-wp-on--load=\"callbacks.setButtonStyles\" data-wp-on-window--resize=\"callbacks.setButtonStyles\" src=\"https:\/\/leseffrontes.fr\/wp-content\/uploads\/2024\/05\/11_04_la_part_des_prestations_sociales_dans_le_revenu_des_immigres-1024x704.jpeg\" alt=\"La part des prestations sociales dans le revenu des immigr\u00e9s africains est le triple des non-immigr\u00e9s\" class=\"wp-image-2220\" title=\"La part des prestations sociales dans le revenu des immigr\u00e9s africains est le triple des non-immigr\u00e9s\" srcset=\"https:\/\/leseffrontes.fr\/wp-content\/uploads\/2024\/05\/11_04_la_part_des_prestations_sociales_dans_le_revenu_des_immigres-1024x704.jpeg 1024w, https:\/\/leseffrontes.fr\/wp-content\/uploads\/2024\/05\/11_04_la_part_des_prestations_sociales_dans_le_revenu_des_immigres-300x206.jpeg 300w, https:\/\/leseffrontes.fr\/wp-content\/uploads\/2024\/05\/11_04_la_part_des_prestations_sociales_dans_le_revenu_des_immigres-768x528.jpeg 768w, https:\/\/leseffrontes.fr\/wp-content\/uploads\/2024\/05\/11_04_la_part_des_prestations_sociales_dans_le_revenu_des_immigres.jpeg 1200w\" sizes=\"auto, (max-width: 1024px) 100vw, 1024px\" \/><button\n\t\t\tclass=\"lightbox-trigger\"\n\t\t\ttype=\"button\"\n\t\t\taria-haspopup=\"dialog\"\n\t\t\taria-label=\"Agrandir\"\n\t\t\tdata-wp-init=\"callbacks.initTriggerButton\"\n\t\t\tdata-wp-on--click=\"actions.showLightbox\"\n\t\t\tdata-wp-style--right=\"state.imageButtonRight\"\n\t\t\tdata-wp-style--top=\"state.imageButtonTop\"\n\t\t>\n\t\t\t\n<svg xmlns=\"http:\/\/www.w3.org\/2000\/svg\" width=\"12\" height=\"12\" fill=\"none\" viewBox=\"0 0 12 12\">\n\t\t\t\t<path fill=\"#fff\" d=\"M2 0a2 2 0 0 0-2 2v2h1.5V2a.5.5 0 0 1 .5-.5h2V0H2Zm2 10.5H2a.5.5 0 0 1-.5-.5V8H0v2a2 2 0 0 0 2 2h2v-1.5ZM8 12v-1.5h2a.5.5 0 0 0 .5-.5V8H12v2a2 2 0 0 1-2 2H8Zm2-12a2 2 0 0 1 2 2v2h-1.5V2a.5.5 0 0 0-.5-.5H8V0h2Z\" \/>\n\t\t\t<\/svg>\n\t\t<\/button><\/figure>\n\n\n\n<p>De m\u00eame, une part importante des immigr\u00e9s vit en HLM, en lien avec leurs niveaux de pauvret\u00e9 et de ch\u00f4mage plus importants&nbsp;:<\/p>\n\n\n\n<ul class=\"wp-block-list\">\n<li>13% des non-immigr\u00e9s vivent en HLM<\/li>\n\n\n\n<li>C&rsquo;est deux fois plus concernant les immigr\u00e9s (31%)<\/li>\n\n\n\n<li>Et m\u00eame trois fois plus concernant les immigr\u00e9s africains (47%)<\/li>\n<\/ul>\n\n\n\n<figure data-wp-context=\"{&quot;imageId&quot;:&quot;69f742d8d4173&quot;}\" data-wp-interactive=\"core\/image\" data-wp-key=\"69f742d8d4173\" class=\"wp-block-image size-large wp-lightbox-container\"><img loading=\"lazy\" decoding=\"async\" width=\"1024\" height=\"704\" data-wp-class--hide=\"state.isContentHidden\" data-wp-class--show=\"state.isContentVisible\" data-wp-init=\"callbacks.setButtonStyles\" data-wp-on--click=\"actions.showLightbox\" data-wp-on--load=\"callbacks.setButtonStyles\" data-wp-on-window--resize=\"callbacks.setButtonStyles\" src=\"https:\/\/leseffrontes.fr\/wp-content\/uploads\/2024\/05\/11_05_les_menages_immigres_en_hlm-1024x704.jpeg\" alt=\"Pr\u00e9s de la moiti\u00e9 des m\u00e9nages immigr\u00e9s originaires d'Afrique vivent en HLM contre 13% des non-immigr\u00e9s\" class=\"wp-image-2222\" title=\"Pr\u00e9s de la moiti\u00e9 des m\u00e9nages immigr\u00e9s originaires d'Afrique vivent en HLM contre 13% des non-immigr\u00e9s\" srcset=\"https:\/\/leseffrontes.fr\/wp-content\/uploads\/2024\/05\/11_05_les_menages_immigres_en_hlm-1024x704.jpeg 1024w, https:\/\/leseffrontes.fr\/wp-content\/uploads\/2024\/05\/11_05_les_menages_immigres_en_hlm-300x206.jpeg 300w, https:\/\/leseffrontes.fr\/wp-content\/uploads\/2024\/05\/11_05_les_menages_immigres_en_hlm-768x528.jpeg 768w, https:\/\/leseffrontes.fr\/wp-content\/uploads\/2024\/05\/11_05_les_menages_immigres_en_hlm.jpeg 1200w\" sizes=\"auto, (max-width: 1024px) 100vw, 1024px\" \/><button\n\t\t\tclass=\"lightbox-trigger\"\n\t\t\ttype=\"button\"\n\t\t\taria-haspopup=\"dialog\"\n\t\t\taria-label=\"Agrandir\"\n\t\t\tdata-wp-init=\"callbacks.initTriggerButton\"\n\t\t\tdata-wp-on--click=\"actions.showLightbox\"\n\t\t\tdata-wp-style--right=\"state.imageButtonRight\"\n\t\t\tdata-wp-style--top=\"state.imageButtonTop\"\n\t\t>\n\t\t\t\n<svg xmlns=\"http:\/\/www.w3.org\/2000\/svg\" width=\"12\" height=\"12\" fill=\"none\" viewBox=\"0 0 12 12\">\n\t\t\t\t<path fill=\"#fff\" d=\"M2 0a2 2 0 0 0-2 2v2h1.5V2a.5.5 0 0 1 .5-.5h2V0H2Zm2 10.5H2a.5.5 0 0 1-.5-.5V8H0v2a2 2 0 0 0 2 2h2v-1.5ZM8 12v-1.5h2a.5.5 0 0 0 .5-.5V8H12v2a2 2 0 0 1-2 2H8Zm2-12a2 2 0 0 1 2 2v2h-1.5V2a.5.5 0 0 0-.5-.5H8V0h2Z\" \/>\n\t\t\t<\/svg>\n\t\t<\/button><\/figure>\n\n\n\n<p>Les immigr\u00e9s ayant des revenus plus faibles, ils paient en toute logique moins d&rsquo;imp\u00f4ts&nbsp;:<\/p>\n\n\n\n<ul class=\"wp-block-list\">\n<li>4.600\u20ac d&rsquo;imp\u00f4ts directs par an par m\u00e9nage non-immigr\u00e9<\/li>\n\n\n\n<li>30% de moins pour les immigr\u00e9s (3.200\u20ac)<\/li>\n\n\n\n<li>55% de moins pour les immigr\u00e9s africains (2.100\u20ac)<\/li>\n<\/ul>\n\n\n\n<figure data-wp-context=\"{&quot;imageId&quot;:&quot;69f742d8d4529&quot;}\" data-wp-interactive=\"core\/image\" data-wp-key=\"69f742d8d4529\" class=\"wp-block-image size-large wp-lightbox-container\"><img loading=\"lazy\" decoding=\"async\" width=\"1024\" height=\"704\" data-wp-class--hide=\"state.isContentHidden\" data-wp-class--show=\"state.isContentVisible\" data-wp-init=\"callbacks.setButtonStyles\" data-wp-on--click=\"actions.showLightbox\" data-wp-on--load=\"callbacks.setButtonStyles\" data-wp-on-window--resize=\"callbacks.setButtonStyles\" src=\"https:\/\/leseffrontes.fr\/wp-content\/uploads\/2024\/05\/11_06_les_menages_immigres_paient_moins_d_impots-1024x704.jpeg\" alt=\"Les m\u00e9nages immigr\u00e9s originaires d'Afrique paient moiti\u00e9 moins d'imp\u00f4ts que les m\u00e9nages autochtones ou immigr\u00e9s europ\u00e9ens\" class=\"wp-image-2224\" title=\"Les m\u00e9nages immigr\u00e9s originaires d'Afrique paient moiti\u00e9 moins d'imp\u00f4ts que les m\u00e9nages autochtones ou immigr\u00e9s europ\u00e9ens\" srcset=\"https:\/\/leseffrontes.fr\/wp-content\/uploads\/2024\/05\/11_06_les_menages_immigres_paient_moins_d_impots-1024x704.jpeg 1024w, https:\/\/leseffrontes.fr\/wp-content\/uploads\/2024\/05\/11_06_les_menages_immigres_paient_moins_d_impots-300x206.jpeg 300w, https:\/\/leseffrontes.fr\/wp-content\/uploads\/2024\/05\/11_06_les_menages_immigres_paient_moins_d_impots-768x528.jpeg 768w, https:\/\/leseffrontes.fr\/wp-content\/uploads\/2024\/05\/11_06_les_menages_immigres_paient_moins_d_impots.jpeg 1200w\" sizes=\"auto, (max-width: 1024px) 100vw, 1024px\" \/><button\n\t\t\tclass=\"lightbox-trigger\"\n\t\t\ttype=\"button\"\n\t\t\taria-haspopup=\"dialog\"\n\t\t\taria-label=\"Agrandir\"\n\t\t\tdata-wp-init=\"callbacks.initTriggerButton\"\n\t\t\tdata-wp-on--click=\"actions.showLightbox\"\n\t\t\tdata-wp-style--right=\"state.imageButtonRight\"\n\t\t\tdata-wp-style--top=\"state.imageButtonTop\"\n\t\t>\n\t\t\t\n<svg xmlns=\"http:\/\/www.w3.org\/2000\/svg\" width=\"12\" height=\"12\" fill=\"none\" viewBox=\"0 0 12 12\">\n\t\t\t\t<path fill=\"#fff\" d=\"M2 0a2 2 0 0 0-2 2v2h1.5V2a.5.5 0 0 1 .5-.5h2V0H2Zm2 10.5H2a.5.5 0 0 1-.5-.5V8H0v2a2 2 0 0 0 2 2h2v-1.5ZM8 12v-1.5h2a.5.5 0 0 0 .5-.5V8H12v2a2 2 0 0 1-2 2H8Zm2-12a2 2 0 0 1 2 2v2h-1.5V2a.5.5 0 0 0-.5-.5H8V0h2Z\" \/>\n\t\t\t<\/svg>\n\t\t<\/button><\/figure>\n\n\n\n<p>Bien s\u00fbr, tout cela est li\u00e9 au faible niveau d&rsquo;\u00e9ducation des immigr\u00e9s, \u00e0 leur taux de ch\u00f4mage \u00e9lev\u00e9, ainsi qu&rsquo;\u00e0 leurs cat\u00e9gories socio-professionnelles. Par exemple, les ouvriers sont&nbsp;:<\/p>\n\n\n\n<ul class=\"wp-block-list\">\n<li>18% parmi les non-immigr\u00e9s<\/li>\n\n\n\n<li>27% parmi les immigr\u00e9s<\/li>\n\n\n\n<li>30% parmi les immigr\u00e9s africains<\/li>\n<\/ul>\n\n\n\n<figure data-wp-context=\"{&quot;imageId&quot;:&quot;69f742d8d48f1&quot;}\" data-wp-interactive=\"core\/image\" data-wp-key=\"69f742d8d48f1\" class=\"wp-block-image size-large wp-lightbox-container\"><img loading=\"lazy\" decoding=\"async\" width=\"1024\" height=\"705\" data-wp-class--hide=\"state.isContentHidden\" data-wp-class--show=\"state.isContentVisible\" data-wp-init=\"callbacks.setButtonStyles\" data-wp-on--click=\"actions.showLightbox\" data-wp-on--load=\"callbacks.setButtonStyles\" data-wp-on-window--resize=\"callbacks.setButtonStyles\" src=\"https:\/\/leseffrontes.fr\/wp-content\/uploads\/2024\/05\/11_07_la_part_des_ouvriers_parmi_les_immigres-1024x705.jpeg\" alt=\"La part des ouvriers est plus \u00e9lev\u00e9e chez les immigr\u00e9s que chez les autochtones\" class=\"wp-image-2226\" title=\"La part des ouvriers est plus \u00e9lev\u00e9e chez les immigr\u00e9s que chez les autochtones\" srcset=\"https:\/\/leseffrontes.fr\/wp-content\/uploads\/2024\/05\/11_07_la_part_des_ouvriers_parmi_les_immigres-1024x705.jpeg 1024w, https:\/\/leseffrontes.fr\/wp-content\/uploads\/2024\/05\/11_07_la_part_des_ouvriers_parmi_les_immigres-300x207.jpeg 300w, https:\/\/leseffrontes.fr\/wp-content\/uploads\/2024\/05\/11_07_la_part_des_ouvriers_parmi_les_immigres-768x529.jpeg 768w, https:\/\/leseffrontes.fr\/wp-content\/uploads\/2024\/05\/11_07_la_part_des_ouvriers_parmi_les_immigres.jpeg 1200w\" sizes=\"auto, (max-width: 1024px) 100vw, 1024px\" \/><button\n\t\t\tclass=\"lightbox-trigger\"\n\t\t\ttype=\"button\"\n\t\t\taria-haspopup=\"dialog\"\n\t\t\taria-label=\"Agrandir\"\n\t\t\tdata-wp-init=\"callbacks.initTriggerButton\"\n\t\t\tdata-wp-on--click=\"actions.showLightbox\"\n\t\t\tdata-wp-style--right=\"state.imageButtonRight\"\n\t\t\tdata-wp-style--top=\"state.imageButtonTop\"\n\t\t>\n\t\t\t\n<svg xmlns=\"http:\/\/www.w3.org\/2000\/svg\" width=\"12\" height=\"12\" fill=\"none\" viewBox=\"0 0 12 12\">\n\t\t\t\t<path fill=\"#fff\" d=\"M2 0a2 2 0 0 0-2 2v2h1.5V2a.5.5 0 0 1 .5-.5h2V0H2Zm2 10.5H2a.5.5 0 0 1-.5-.5V8H0v2a2 2 0 0 0 2 2h2v-1.5ZM8 12v-1.5h2a.5.5 0 0 0 .5-.5V8H12v2a2 2 0 0 1-2 2H8Zm2-12a2 2 0 0 1 2 2v2h-1.5V2a.5.5 0 0 0-.5-.5H8V0h2Z\" \/>\n\t\t\t<\/svg>\n\t\t<\/button><\/figure>\n\n\n\n<p>Ainsi, d&rsquo;apr\u00e8s certains militants, \u00e9conomistes, ou repr\u00e9sentants d&rsquo;associations professionnelles, la France d\u00e9pend de l&rsquo;immigration, y compris clandestine, pour certains m\u00e9tiers peu qualifi\u00e9s. Des experts comme Maurice Allais (prix Nobel d&rsquo;\u00e9conomie) ont toutefois object\u00e9 que l&rsquo;immigration peu qualifi\u00e9e permettait de maintenir de faibles salaires. Une r\u00e9cente \u00e9tude publi\u00e9e par l&rsquo;OFCE et Sciences Po indique m\u00eame que l&rsquo;immigration tirerait les salaires \u00e0 la baisse.<\/p>\n\n\n\n<figure data-wp-context=\"{&quot;imageId&quot;:&quot;69f742d8d4cb6&quot;}\" data-wp-interactive=\"core\/image\" data-wp-key=\"69f742d8d4cb6\" class=\"wp-block-image size-large wp-lightbox-container\"><img loading=\"lazy\" decoding=\"async\" width=\"1024\" height=\"704\" data-wp-class--hide=\"state.isContentHidden\" data-wp-class--show=\"state.isContentVisible\" data-wp-init=\"callbacks.setButtonStyles\" data-wp-on--click=\"actions.showLightbox\" data-wp-on--load=\"callbacks.setButtonStyles\" data-wp-on-window--resize=\"callbacks.setButtonStyles\" src=\"https:\/\/leseffrontes.fr\/wp-content\/uploads\/2024\/05\/11_08_maurice_allais_salaires_et_immigres-1024x704.jpeg\" alt=\"L'immigration baisse le salaire moyen des ouvriers\" class=\"wp-image-2227\" title=\"L'immigration baisse le salaire moyen des ouvriers\" srcset=\"https:\/\/leseffrontes.fr\/wp-content\/uploads\/2024\/05\/11_08_maurice_allais_salaires_et_immigres-1024x704.jpeg 1024w, https:\/\/leseffrontes.fr\/wp-content\/uploads\/2024\/05\/11_08_maurice_allais_salaires_et_immigres-300x206.jpeg 300w, https:\/\/leseffrontes.fr\/wp-content\/uploads\/2024\/05\/11_08_maurice_allais_salaires_et_immigres-768x528.jpeg 768w, https:\/\/leseffrontes.fr\/wp-content\/uploads\/2024\/05\/11_08_maurice_allais_salaires_et_immigres.jpeg 1200w\" sizes=\"auto, (max-width: 1024px) 100vw, 1024px\" \/><button\n\t\t\tclass=\"lightbox-trigger\"\n\t\t\ttype=\"button\"\n\t\t\taria-haspopup=\"dialog\"\n\t\t\taria-label=\"Agrandir\"\n\t\t\tdata-wp-init=\"callbacks.initTriggerButton\"\n\t\t\tdata-wp-on--click=\"actions.showLightbox\"\n\t\t\tdata-wp-style--right=\"state.imageButtonRight\"\n\t\t\tdata-wp-style--top=\"state.imageButtonTop\"\n\t\t>\n\t\t\t\n<svg xmlns=\"http:\/\/www.w3.org\/2000\/svg\" width=\"12\" height=\"12\" fill=\"none\" viewBox=\"0 0 12 12\">\n\t\t\t\t<path fill=\"#fff\" d=\"M2 0a2 2 0 0 0-2 2v2h1.5V2a.5.5 0 0 1 .5-.5h2V0H2Zm2 10.5H2a.5.5 0 0 1-.5-.5V8H0v2a2 2 0 0 0 2 2h2v-1.5ZM8 12v-1.5h2a.5.5 0 0 0 .5-.5V8H12v2a2 2 0 0 1-2 2H8Zm2-12a2 2 0 0 1 2 2v2h-1.5V2a.5.5 0 0 0-.5-.5H8V0h2Z\" \/>\n\t\t\t<\/svg>\n\t\t<\/button><\/figure>\n\n\n\n<p>Comme dit plus haut, l&rsquo;un des sous-jacents de la faible contribution \u00e9conomique des immigr\u00e9s est leur faible niveau d&rsquo;\u00e9ducation. Cela se v\u00e9rifie dans les classements PISA&nbsp;: les immigr\u00e9s ont l&rsquo;\u00e9quivalent de plus d&rsquo;un an (60 points&nbsp;!) de retard scolaire en math\u00e9matiques.<\/p>\n\n\n\n<figure data-wp-context=\"{&quot;imageId&quot;:&quot;69f742d8d503d&quot;}\" data-wp-interactive=\"core\/image\" data-wp-key=\"69f742d8d503d\" class=\"wp-block-image size-large wp-lightbox-container\"><img loading=\"lazy\" decoding=\"async\" width=\"1024\" height=\"703\" data-wp-class--hide=\"state.isContentHidden\" data-wp-class--show=\"state.isContentVisible\" data-wp-init=\"callbacks.setButtonStyles\" data-wp-on--click=\"actions.showLightbox\" data-wp-on--load=\"callbacks.setButtonStyles\" data-wp-on-window--resize=\"callbacks.setButtonStyles\" src=\"https:\/\/leseffrontes.fr\/wp-content\/uploads\/2024\/05\/11_09_les_eleves_issus_de_l_immigration_ont_un_niveau_faible_en_mathematiques-1024x703.jpg\" alt=\"En France les \u00e9l\u00e8ves issus de l'immigration ont un niveau faible en math\u00e9matiques\" class=\"wp-image-2228\" title=\"En France les \u00e9l\u00e8ves issus de l'immigration ont un niveau faible en math\u00e9matiques\" srcset=\"https:\/\/leseffrontes.fr\/wp-content\/uploads\/2024\/05\/11_09_les_eleves_issus_de_l_immigration_ont_un_niveau_faible_en_mathematiques-1024x703.jpg 1024w, https:\/\/leseffrontes.fr\/wp-content\/uploads\/2024\/05\/11_09_les_eleves_issus_de_l_immigration_ont_un_niveau_faible_en_mathematiques-300x206.jpg 300w, https:\/\/leseffrontes.fr\/wp-content\/uploads\/2024\/05\/11_09_les_eleves_issus_de_l_immigration_ont_un_niveau_faible_en_mathematiques-768x527.jpg 768w, https:\/\/leseffrontes.fr\/wp-content\/uploads\/2024\/05\/11_09_les_eleves_issus_de_l_immigration_ont_un_niveau_faible_en_mathematiques.jpg 1200w\" sizes=\"auto, (max-width: 1024px) 100vw, 1024px\" \/><button\n\t\t\tclass=\"lightbox-trigger\"\n\t\t\ttype=\"button\"\n\t\t\taria-haspopup=\"dialog\"\n\t\t\taria-label=\"Agrandir\"\n\t\t\tdata-wp-init=\"callbacks.initTriggerButton\"\n\t\t\tdata-wp-on--click=\"actions.showLightbox\"\n\t\t\tdata-wp-style--right=\"state.imageButtonRight\"\n\t\t\tdata-wp-style--top=\"state.imageButtonTop\"\n\t\t>\n\t\t\t\n<svg xmlns=\"http:\/\/www.w3.org\/2000\/svg\" width=\"12\" height=\"12\" fill=\"none\" viewBox=\"0 0 12 12\">\n\t\t\t\t<path fill=\"#fff\" d=\"M2 0a2 2 0 0 0-2 2v2h1.5V2a.5.5 0 0 1 .5-.5h2V0H2Zm2 10.5H2a.5.5 0 0 1-.5-.5V8H0v2a2 2 0 0 0 2 2h2v-1.5ZM8 12v-1.5h2a.5.5 0 0 0 .5-.5V8H12v2a2 2 0 0 1-2 2H8Zm2-12a2 2 0 0 1 2 2v2h-1.5V2a.5.5 0 0 0-.5-.5H8V0h2Z\" \/>\n\t\t\t<\/svg>\n\t\t<\/button><\/figure>\n\n\n\n<p>Plus inqui\u00e9tant, les descendants d&rsquo;immigr\u00e9s, notamment africains, sont surrepr\u00e9sent\u00e9s dans les \u00e9l\u00e8ves en \u00e9chec scolaire. Regardons le&nbsp;% de gar\u00e7ons ayant redoubl\u00e9 une classe au primaire&nbsp;:<\/p>\n\n\n\n<ul class=\"wp-block-list\">\n<li>Autochtones&nbsp;: 16%<\/li>\n\n\n\n<li>Origines portugaises&nbsp;: 18%<\/li>\n\n\n\n<li>Origines subsahariennes&nbsp;: 40%<\/li>\n<\/ul>\n\n\n\n<figure data-wp-context=\"{&quot;imageId&quot;:&quot;69f742d8d5401&quot;}\" data-wp-interactive=\"core\/image\" data-wp-key=\"69f742d8d5401\" class=\"wp-block-image size-large wp-lightbox-container\"><img loading=\"lazy\" decoding=\"async\" width=\"1024\" height=\"705\" data-wp-class--hide=\"state.isContentHidden\" data-wp-class--show=\"state.isContentVisible\" data-wp-init=\"callbacks.setButtonStyles\" data-wp-on--click=\"actions.showLightbox\" data-wp-on--load=\"callbacks.setButtonStyles\" data-wp-on-window--resize=\"callbacks.setButtonStyles\" src=\"https:\/\/leseffrontes.fr\/wp-content\/uploads\/2024\/05\/11_10_les_eleves_issus_des_l_immigration_en_echec_scolaire-1024x705.jpeg\" alt=\"Les \u00e9l\u00e8ves issus de l'immigration sont surrepr\u00e9sent\u00e9s parmi les \u00e9l\u00e8ves en \u00e9chec scolaire\" class=\"wp-image-2229\" title=\"Les \u00e9l\u00e8ves issus de l'immigration sont surrepr\u00e9sent\u00e9s parmi les \u00e9l\u00e8ves en \u00e9chec scolaire\" srcset=\"https:\/\/leseffrontes.fr\/wp-content\/uploads\/2024\/05\/11_10_les_eleves_issus_des_l_immigration_en_echec_scolaire-1024x705.jpeg 1024w, https:\/\/leseffrontes.fr\/wp-content\/uploads\/2024\/05\/11_10_les_eleves_issus_des_l_immigration_en_echec_scolaire-300x207.jpeg 300w, https:\/\/leseffrontes.fr\/wp-content\/uploads\/2024\/05\/11_10_les_eleves_issus_des_l_immigration_en_echec_scolaire-768x529.jpeg 768w, https:\/\/leseffrontes.fr\/wp-content\/uploads\/2024\/05\/11_10_les_eleves_issus_des_l_immigration_en_echec_scolaire.jpeg 1200w\" sizes=\"auto, (max-width: 1024px) 100vw, 1024px\" \/><button\n\t\t\tclass=\"lightbox-trigger\"\n\t\t\ttype=\"button\"\n\t\t\taria-haspopup=\"dialog\"\n\t\t\taria-label=\"Agrandir\"\n\t\t\tdata-wp-init=\"callbacks.initTriggerButton\"\n\t\t\tdata-wp-on--click=\"actions.showLightbox\"\n\t\t\tdata-wp-style--right=\"state.imageButtonRight\"\n\t\t\tdata-wp-style--top=\"state.imageButtonTop\"\n\t\t>\n\t\t\t\n<svg xmlns=\"http:\/\/www.w3.org\/2000\/svg\" width=\"12\" height=\"12\" fill=\"none\" viewBox=\"0 0 12 12\">\n\t\t\t\t<path fill=\"#fff\" d=\"M2 0a2 2 0 0 0-2 2v2h1.5V2a.5.5 0 0 1 .5-.5h2V0H2Zm2 10.5H2a.5.5 0 0 1-.5-.5V8H0v2a2 2 0 0 0 2 2h2v-1.5ZM8 12v-1.5h2a.5.5 0 0 0 .5-.5V8H12v2a2 2 0 0 1-2 2H8Zm2-12a2 2 0 0 1 2 2v2h-1.5V2a.5.5 0 0 0-.5-.5H8V0h2Z\" \/>\n\t\t\t<\/svg>\n\t\t<\/button><\/figure>\n\n\n\n<p>L&rsquo;impact \u00e9conomique \u00e0 long-terme de l&rsquo;\u00e9cart de niveau scolaire entre autochtones et descendants d&rsquo;immigr\u00e9s est h\u00e9las m\u00e9connu, mais les chiffres semblent pr\u00e9occupants. Qu&rsquo;en pensent les Fran\u00e7ais&nbsp;? Ils sont 62% \u00e0 estimer que l\u2019immigration co\u00fbte plus \u00e0 la France qu\u2019elle ne lui rapporte. Mais est-ce que les \u00e9tudes \u00e9conomiques leur donnent raison&nbsp;?<\/p>\n\n\n\n<figure data-wp-context=\"{&quot;imageId&quot;:&quot;69f742d8d577c&quot;}\" data-wp-interactive=\"core\/image\" data-wp-key=\"69f742d8d577c\" class=\"wp-block-image size-large wp-lightbox-container\"><img loading=\"lazy\" decoding=\"async\" width=\"746\" height=\"1024\" data-wp-class--hide=\"state.isContentHidden\" data-wp-class--show=\"state.isContentVisible\" data-wp-init=\"callbacks.setButtonStyles\" data-wp-on--click=\"actions.showLightbox\" data-wp-on--load=\"callbacks.setButtonStyles\" data-wp-on-window--resize=\"callbacks.setButtonStyles\" src=\"https:\/\/leseffrontes.fr\/wp-content\/uploads\/2024\/05\/11_11_une_majorite_de_francais_estime_que_l_impact_economique_de_l_immigration_est_negatif-746x1024.jpeg\" alt=\"Une majorit\u00e9 de Fran\u00e7ais estime que l'impact \u00e9conomique de l'immigration est n\u00e9gatif\" class=\"wp-image-2230\" title=\"Une majorit\u00e9 de Fran\u00e7ais estime que l'impact \u00e9conomique de l'immigration est n\u00e9gatif\" srcset=\"https:\/\/leseffrontes.fr\/wp-content\/uploads\/2024\/05\/11_11_une_majorite_de_francais_estime_que_l_impact_economique_de_l_immigration_est_negatif-746x1024.jpeg 746w, https:\/\/leseffrontes.fr\/wp-content\/uploads\/2024\/05\/11_11_une_majorite_de_francais_estime_que_l_impact_economique_de_l_immigration_est_negatif-219x300.jpeg 219w, https:\/\/leseffrontes.fr\/wp-content\/uploads\/2024\/05\/11_11_une_majorite_de_francais_estime_que_l_impact_economique_de_l_immigration_est_negatif-768x1054.jpeg 768w, https:\/\/leseffrontes.fr\/wp-content\/uploads\/2024\/05\/11_11_une_majorite_de_francais_estime_que_l_impact_economique_de_l_immigration_est_negatif-400x550.jpeg 400w, https:\/\/leseffrontes.fr\/wp-content\/uploads\/2024\/05\/11_11_une_majorite_de_francais_estime_que_l_impact_economique_de_l_immigration_est_negatif.jpeg 874w\" sizes=\"auto, (max-width: 746px) 100vw, 746px\" \/><button\n\t\t\tclass=\"lightbox-trigger\"\n\t\t\ttype=\"button\"\n\t\t\taria-haspopup=\"dialog\"\n\t\t\taria-label=\"Agrandir\"\n\t\t\tdata-wp-init=\"callbacks.initTriggerButton\"\n\t\t\tdata-wp-on--click=\"actions.showLightbox\"\n\t\t\tdata-wp-style--right=\"state.imageButtonRight\"\n\t\t\tdata-wp-style--top=\"state.imageButtonTop\"\n\t\t>\n\t\t\t\n<svg xmlns=\"http:\/\/www.w3.org\/2000\/svg\" width=\"12\" height=\"12\" fill=\"none\" viewBox=\"0 0 12 12\">\n\t\t\t\t<path fill=\"#fff\" d=\"M2 0a2 2 0 0 0-2 2v2h1.5V2a.5.5 0 0 1 .5-.5h2V0H2Zm2 10.5H2a.5.5 0 0 1-.5-.5V8H0v2a2 2 0 0 0 2 2h2v-1.5ZM8 12v-1.5h2a.5.5 0 0 0 .5-.5V8H12v2a2 2 0 0 1-2 2H8Zm2-12a2 2 0 0 1 2 2v2h-1.5V2a.5.5 0 0 0-.5-.5H8V0h2Z\" \/>\n\t\t\t<\/svg>\n\t\t<\/button><\/figure>\n\n\n\n<p>Le consensus de la recherche est que la contribution \u00e9conomique de l&rsquo;immigration en France est n\u00e9gative. Ces derni\u00e8res ann\u00e9es, les diff\u00e9rentes \u00e9tudes convergent sur un co\u00fbt net de 30 \u00e0 50 Milliards d&rsquo;euros.<\/p>\n\n\n<div class=\"wp-block-image\">\n<figure data-wp-context=\"{&quot;imageId&quot;:&quot;69f742d8d5bcd&quot;}\" data-wp-interactive=\"core\/image\" data-wp-key=\"69f742d8d5bcd\" class=\"aligncenter size-large wp-lightbox-container\"><img loading=\"lazy\" decoding=\"async\" width=\"746\" height=\"1024\" data-wp-class--hide=\"state.isContentHidden\" data-wp-class--show=\"state.isContentVisible\" data-wp-init=\"callbacks.setButtonStyles\" data-wp-on--click=\"actions.showLightbox\" data-wp-on--load=\"callbacks.setButtonStyles\" data-wp-on-window--resize=\"callbacks.setButtonStyles\" src=\"https:\/\/leseffrontes.fr\/wp-content\/uploads\/2024\/05\/11_12_la_contribution_economique_de_l_immigration_en_france-746x1024.jpeg\" alt=\"La contribution \u00e9conomique de l'immigration en France est l'une des pires d'Europe occidentale\" class=\"wp-image-2231\" srcset=\"https:\/\/leseffrontes.fr\/wp-content\/uploads\/2024\/05\/11_12_la_contribution_economique_de_l_immigration_en_france-746x1024.jpeg 746w, https:\/\/leseffrontes.fr\/wp-content\/uploads\/2024\/05\/11_12_la_contribution_economique_de_l_immigration_en_france-219x300.jpeg 219w, https:\/\/leseffrontes.fr\/wp-content\/uploads\/2024\/05\/11_12_la_contribution_economique_de_l_immigration_en_france-768x1054.jpeg 768w, https:\/\/leseffrontes.fr\/wp-content\/uploads\/2024\/05\/11_12_la_contribution_economique_de_l_immigration_en_france-400x550.jpeg 400w, https:\/\/leseffrontes.fr\/wp-content\/uploads\/2024\/05\/11_12_la_contribution_economique_de_l_immigration_en_france.jpeg 874w\" sizes=\"auto, (max-width: 746px) 100vw, 746px\" \/><button\n\t\t\tclass=\"lightbox-trigger\"\n\t\t\ttype=\"button\"\n\t\t\taria-haspopup=\"dialog\"\n\t\t\taria-label=\"Agrandir\"\n\t\t\tdata-wp-init=\"callbacks.initTriggerButton\"\n\t\t\tdata-wp-on--click=\"actions.showLightbox\"\n\t\t\tdata-wp-style--right=\"state.imageButtonRight\"\n\t\t\tdata-wp-style--top=\"state.imageButtonTop\"\n\t\t>\n\t\t\t\n<svg xmlns=\"http:\/\/www.w3.org\/2000\/svg\" width=\"12\" height=\"12\" fill=\"none\" viewBox=\"0 0 12 12\">\n\t\t\t\t<path fill=\"#fff\" d=\"M2 0a2 2 0 0 0-2 2v2h1.5V2a.5.5 0 0 1 .5-.5h2V0H2Zm2 10.5H2a.5.5 0 0 1-.5-.5V8H0v2a2 2 0 0 0 2 2h2v-1.5ZM8 12v-1.5h2a.5.5 0 0 0 .5-.5V8H12v2a2 2 0 0 1-2 2H8Zm2-12a2 2 0 0 1 2 2v2h-1.5V2a.5.5 0 0 0-.5-.5H8V0h2Z\" \/>\n\t\t\t<\/svg>\n\t\t<\/button><\/figure>\n<\/div>\n\n\n<p>D&rsquo;apr\u00e8s une \u00e9tude OCDE parue en 2021, la France est l&rsquo;un des pays d&rsquo;Europe o\u00f9 la contribution \u00e9conomique de l&rsquo;immigration est la plus n\u00e9gative.<\/p>\n\n\n\n<ul class=\"wp-block-list\">\n<li>Italie&nbsp;: +0,2% du PIB<\/li>\n\n\n\n<li>Espagne&nbsp;: -0,5% du PIB<\/li>\n\n\n\n<li>Allemagne&nbsp;: -0,8% du PIB<\/li>\n\n\n\n<li>France&nbsp;: -1,4% du PIB<\/li>\n<\/ul>\n\n\n\n<figure data-wp-context=\"{&quot;imageId&quot;:&quot;69f742d8d5f9d&quot;}\" data-wp-interactive=\"core\/image\" data-wp-key=\"69f742d8d5f9d\" class=\"wp-block-image size-large wp-lightbox-container\"><img loading=\"lazy\" decoding=\"async\" width=\"1024\" height=\"705\" data-wp-class--hide=\"state.isContentHidden\" data-wp-class--show=\"state.isContentVisible\" data-wp-init=\"callbacks.setButtonStyles\" data-wp-on--click=\"actions.showLightbox\" data-wp-on--load=\"callbacks.setButtonStyles\" data-wp-on-window--resize=\"callbacks.setButtonStyles\" src=\"https:\/\/leseffrontes.fr\/wp-content\/uploads\/2024\/05\/11_13_le_cout_net_de_l_immigration-1024x705.jpeg\" alt=\"Diff\u00e9rentes \u00e9tudes estiment un co\u00fbt net de l'immigration en France autour de 30 \u00e0 50 milliards d'euros par an\" class=\"wp-image-2232\" title=\"Diff\u00e9rentes \u00e9tudes estiment un co\u00fbt net de l'immigration en France autour de 30 \u00e0 50 milliards d'euros par an\" srcset=\"https:\/\/leseffrontes.fr\/wp-content\/uploads\/2024\/05\/11_13_le_cout_net_de_l_immigration-1024x705.jpeg 1024w, https:\/\/leseffrontes.fr\/wp-content\/uploads\/2024\/05\/11_13_le_cout_net_de_l_immigration-300x207.jpeg 300w, https:\/\/leseffrontes.fr\/wp-content\/uploads\/2024\/05\/11_13_le_cout_net_de_l_immigration-768x529.jpeg 768w, https:\/\/leseffrontes.fr\/wp-content\/uploads\/2024\/05\/11_13_le_cout_net_de_l_immigration.jpeg 1200w\" sizes=\"auto, (max-width: 1024px) 100vw, 1024px\" \/><button\n\t\t\tclass=\"lightbox-trigger\"\n\t\t\ttype=\"button\"\n\t\t\taria-haspopup=\"dialog\"\n\t\t\taria-label=\"Agrandir\"\n\t\t\tdata-wp-init=\"callbacks.initTriggerButton\"\n\t\t\tdata-wp-on--click=\"actions.showLightbox\"\n\t\t\tdata-wp-style--right=\"state.imageButtonRight\"\n\t\t\tdata-wp-style--top=\"state.imageButtonTop\"\n\t\t>\n\t\t\t\n<svg xmlns=\"http:\/\/www.w3.org\/2000\/svg\" width=\"12\" height=\"12\" fill=\"none\" viewBox=\"0 0 12 12\">\n\t\t\t\t<path fill=\"#fff\" d=\"M2 0a2 2 0 0 0-2 2v2h1.5V2a.5.5 0 0 1 .5-.5h2V0H2Zm2 10.5H2a.5.5 0 0 1-.5-.5V8H0v2a2 2 0 0 0 2 2h2v-1.5ZM8 12v-1.5h2a.5.5 0 0 0 .5-.5V8H12v2a2 2 0 0 1-2 2H8Zm2-12a2 2 0 0 1 2 2v2h-1.5V2a.5.5 0 0 0-.5-.5H8V0h2Z\" \/>\n\t\t\t<\/svg>\n\t\t<\/button><\/figure>\n\n\n\n<p>En effet, chez nos voisins europ\u00e9ens, les \u00e9tudes montrent aussi que l&rsquo;impact \u00e9conomique de l&rsquo;immigration est n\u00e9gatif, en particulier concernant l&rsquo;immigration extra-europ\u00e9enne. Extraits bien connus de deux \u00e9tudes (Danemark et Pays-Bas) ci-dessous&nbsp;:<\/p>\n\n\n\n<figure data-wp-context=\"{&quot;imageId&quot;:&quot;69f742d8d630d&quot;}\" data-wp-interactive=\"core\/image\" data-wp-key=\"69f742d8d630d\" class=\"wp-block-image size-full wp-lightbox-container\"><img loading=\"lazy\" decoding=\"async\" width=\"874\" height=\"987\" data-wp-class--hide=\"state.isContentHidden\" data-wp-class--show=\"state.isContentVisible\" data-wp-init=\"callbacks.setButtonStyles\" data-wp-on--click=\"actions.showLightbox\" data-wp-on--load=\"callbacks.setButtonStyles\" data-wp-on-window--resize=\"callbacks.setButtonStyles\" src=\"https:\/\/leseffrontes.fr\/wp-content\/uploads\/2024\/05\/11_14_la_contribution_economique_de_l_immigration_au_danemark.jpeg\" alt=\"Au Danemark, la contribution des immigr\u00e9s africains aux finances publiques est n\u00e9gative\" class=\"wp-image-2233\" title=\"Au Danemark, la contribution des immigr\u00e9s africains aux finances publiques est n\u00e9gative\" srcset=\"https:\/\/leseffrontes.fr\/wp-content\/uploads\/2024\/05\/11_14_la_contribution_economique_de_l_immigration_au_danemark.jpeg 874w, https:\/\/leseffrontes.fr\/wp-content\/uploads\/2024\/05\/11_14_la_contribution_economique_de_l_immigration_au_danemark-266x300.jpeg 266w, https:\/\/leseffrontes.fr\/wp-content\/uploads\/2024\/05\/11_14_la_contribution_economique_de_l_immigration_au_danemark-768x867.jpeg 768w\" sizes=\"auto, (max-width: 874px) 100vw, 874px\" \/><button\n\t\t\tclass=\"lightbox-trigger\"\n\t\t\ttype=\"button\"\n\t\t\taria-haspopup=\"dialog\"\n\t\t\taria-label=\"Agrandir\"\n\t\t\tdata-wp-init=\"callbacks.initTriggerButton\"\n\t\t\tdata-wp-on--click=\"actions.showLightbox\"\n\t\t\tdata-wp-style--right=\"state.imageButtonRight\"\n\t\t\tdata-wp-style--top=\"state.imageButtonTop\"\n\t\t>\n\t\t\t\n<svg xmlns=\"http:\/\/www.w3.org\/2000\/svg\" width=\"12\" height=\"12\" fill=\"none\" viewBox=\"0 0 12 12\">\n\t\t\t\t<path fill=\"#fff\" d=\"M2 0a2 2 0 0 0-2 2v2h1.5V2a.5.5 0 0 1 .5-.5h2V0H2Zm2 10.5H2a.5.5 0 0 1-.5-.5V8H0v2a2 2 0 0 0 2 2h2v-1.5ZM8 12v-1.5h2a.5.5 0 0 0 .5-.5V8H12v2a2 2 0 0 1-2 2H8Zm2-12a2 2 0 0 1 2 2v2h-1.5V2a.5.5 0 0 0-.5-.5H8V0h2Z\" \/>\n\t\t\t<\/svg>\n\t\t<\/button><\/figure>\n\n\n\n<figure data-wp-context=\"{&quot;imageId&quot;:&quot;69f742d8d66f5&quot;}\" data-wp-interactive=\"core\/image\" data-wp-key=\"69f742d8d66f5\" class=\"wp-block-image size-full wp-lightbox-container\"><img loading=\"lazy\" decoding=\"async\" width=\"874\" height=\"987\" data-wp-class--hide=\"state.isContentHidden\" data-wp-class--show=\"state.isContentVisible\" data-wp-init=\"callbacks.setButtonStyles\" data-wp-on--click=\"actions.showLightbox\" data-wp-on--load=\"callbacks.setButtonStyles\" data-wp-on-window--resize=\"callbacks.setButtonStyles\" src=\"https:\/\/leseffrontes.fr\/wp-content\/uploads\/2024\/05\/11_15_la_contribution_economique_de_l_immigration_aux_pays_bas.jpeg\" alt=\"Aux Pays-Bas, la contribution \u00e9conomique des immigr\u00e9s non-occidentaux est n\u00e9gative\" class=\"wp-image-2234\" title=\"Aux Pays-Bas, la contribution \u00e9conomique des immigr\u00e9s non-occidentaux est n\u00e9gative\" srcset=\"https:\/\/leseffrontes.fr\/wp-content\/uploads\/2024\/05\/11_15_la_contribution_economique_de_l_immigration_aux_pays_bas.jpeg 874w, https:\/\/leseffrontes.fr\/wp-content\/uploads\/2024\/05\/11_15_la_contribution_economique_de_l_immigration_aux_pays_bas-266x300.jpeg 266w, https:\/\/leseffrontes.fr\/wp-content\/uploads\/2024\/05\/11_15_la_contribution_economique_de_l_immigration_aux_pays_bas-768x867.jpeg 768w\" sizes=\"auto, (max-width: 874px) 100vw, 874px\" \/><button\n\t\t\tclass=\"lightbox-trigger\"\n\t\t\ttype=\"button\"\n\t\t\taria-haspopup=\"dialog\"\n\t\t\taria-label=\"Agrandir\"\n\t\t\tdata-wp-init=\"callbacks.initTriggerButton\"\n\t\t\tdata-wp-on--click=\"actions.showLightbox\"\n\t\t\tdata-wp-style--right=\"state.imageButtonRight\"\n\t\t\tdata-wp-style--top=\"state.imageButtonTop\"\n\t\t>\n\t\t\t\n<svg xmlns=\"http:\/\/www.w3.org\/2000\/svg\" width=\"12\" height=\"12\" fill=\"none\" viewBox=\"0 0 12 12\">\n\t\t\t\t<path fill=\"#fff\" d=\"M2 0a2 2 0 0 0-2 2v2h1.5V2a.5.5 0 0 1 .5-.5h2V0H2Zm2 10.5H2a.5.5 0 0 1-.5-.5V8H0v2a2 2 0 0 0 2 2h2v-1.5ZM8 12v-1.5h2a.5.5 0 0 0 .5-.5V8H12v2a2 2 0 0 1-2 2H8Zm2-12a2 2 0 0 1 2 2v2h-1.5V2a.5.5 0 0 0-.5-.5H8V0h2Z\" \/>\n\t\t\t<\/svg>\n\t\t<\/button><\/figure>\n\n\n\n<p>L&rsquo;\u00e9tude n\u00e9erlandaise pointe ainsi des contributions \u00e9conomiques de l&rsquo;immigration tr\u00e8s contrast\u00e9es selon le pays d&rsquo;origine&nbsp;:<\/p>\n\n\n\n<ul class=\"wp-block-list\">\n<li>-260.000\u20ac par immigr\u00e9 marocain<\/li>\n\n\n\n<li>+200.000\u20ac par immigr\u00e9 scandinave<\/li>\n<\/ul>\n\n\n\n<figure data-wp-context=\"{&quot;imageId&quot;:&quot;69f742d8d6b67&quot;}\" data-wp-interactive=\"core\/image\" data-wp-key=\"69f742d8d6b67\" class=\"wp-block-image size-large wp-lightbox-container\"><img loading=\"lazy\" decoding=\"async\" width=\"1024\" height=\"705\" data-wp-class--hide=\"state.isContentHidden\" data-wp-class--show=\"state.isContentVisible\" data-wp-init=\"callbacks.setButtonStyles\" data-wp-on--click=\"actions.showLightbox\" data-wp-on--load=\"callbacks.setButtonStyles\" data-wp-on-window--resize=\"callbacks.setButtonStyles\" src=\"https:\/\/leseffrontes.fr\/wp-content\/uploads\/2024\/05\/11_16_des_contributions_economiques_contrastes_selon_le_pays_d_origine_des_immigres-1024x705.jpeg\" alt=\"Une \u00e9tude n\u00e9erlandaise r\u00e9v\u00e8le des contributions \u00e9conomiques contrast\u00e9es selon le pays d'origine des immigr\u00e9s\" class=\"wp-image-2235\" title=\"Une \u00e9tude n\u00e9erlandaise r\u00e9v\u00e8le des contributions \u00e9conomiques contrast\u00e9es selon le pays d'origine des immigr\u00e9s\" srcset=\"https:\/\/leseffrontes.fr\/wp-content\/uploads\/2024\/05\/11_16_des_contributions_economiques_contrastes_selon_le_pays_d_origine_des_immigres-1024x705.jpeg 1024w, https:\/\/leseffrontes.fr\/wp-content\/uploads\/2024\/05\/11_16_des_contributions_economiques_contrastes_selon_le_pays_d_origine_des_immigres-300x207.jpeg 300w, https:\/\/leseffrontes.fr\/wp-content\/uploads\/2024\/05\/11_16_des_contributions_economiques_contrastes_selon_le_pays_d_origine_des_immigres-768x529.jpeg 768w, https:\/\/leseffrontes.fr\/wp-content\/uploads\/2024\/05\/11_16_des_contributions_economiques_contrastes_selon_le_pays_d_origine_des_immigres.jpeg 1200w\" sizes=\"auto, (max-width: 1024px) 100vw, 1024px\" \/><button\n\t\t\tclass=\"lightbox-trigger\"\n\t\t\ttype=\"button\"\n\t\t\taria-haspopup=\"dialog\"\n\t\t\taria-label=\"Agrandir\"\n\t\t\tdata-wp-init=\"callbacks.initTriggerButton\"\n\t\t\tdata-wp-on--click=\"actions.showLightbox\"\n\t\t\tdata-wp-style--right=\"state.imageButtonRight\"\n\t\t\tdata-wp-style--top=\"state.imageButtonTop\"\n\t\t>\n\t\t\t\n<svg xmlns=\"http:\/\/www.w3.org\/2000\/svg\" width=\"12\" height=\"12\" fill=\"none\" viewBox=\"0 0 12 12\">\n\t\t\t\t<path fill=\"#fff\" d=\"M2 0a2 2 0 0 0-2 2v2h1.5V2a.5.5 0 0 1 .5-.5h2V0H2Zm2 10.5H2a.5.5 0 0 1-.5-.5V8H0v2a2 2 0 0 0 2 2h2v-1.5ZM8 12v-1.5h2a.5.5 0 0 0 .5-.5V8H12v2a2 2 0 0 1-2 2H8Zm2-12a2 2 0 0 1 2 2v2h-1.5V2a.5.5 0 0 0-.5-.5H8V0h2Z\" \/>\n\t\t\t<\/svg>\n\t\t<\/button><\/figure>\n\n\n\n<p>Plus inqui\u00e9tant, les contributions \u00e9conomiques des descendants d&rsquo;immigr\u00e9s restent elles-aussi tr\u00e8s contrast\u00e9es&nbsp;:<\/p>\n\n\n\n<ul class=\"wp-block-list\">\n<li>-480.000\u20ac par personne d&rsquo;origine marocaine<\/li>\n\n\n\n<li>+15-20.000\u20ac par personne d&rsquo;origine scandinave<\/li>\n<\/ul>\n\n\n\n<figure data-wp-context=\"{&quot;imageId&quot;:&quot;69f742d8d6fbc&quot;}\" data-wp-interactive=\"core\/image\" data-wp-key=\"69f742d8d6fbc\" class=\"wp-block-image size-large wp-lightbox-container\"><img loading=\"lazy\" decoding=\"async\" width=\"1024\" height=\"703\" data-wp-class--hide=\"state.isContentHidden\" data-wp-class--show=\"state.isContentVisible\" data-wp-init=\"callbacks.setButtonStyles\" data-wp-on--click=\"actions.showLightbox\" data-wp-on--load=\"callbacks.setButtonStyles\" data-wp-on-window--resize=\"callbacks.setButtonStyles\" src=\"https:\/\/leseffrontes.fr\/wp-content\/uploads\/2024\/05\/11_17_des_contributions_economiques_contrastes_selon_le_pays_d_origine_des_descendants_d_immigres-1024x703.jpeg\" alt=\"Une \u00e9tude n\u00e9erlandaise r\u00e9v\u00e8le des contributions \u00e9conomiques contrast\u00e9es selon le pays d'origine des descendants d'immigr\u00e9s\" class=\"wp-image-2237\" title=\"Une \u00e9tude n\u00e9erlandaise r\u00e9v\u00e8le des contributions \u00e9conomiques contrast\u00e9es selon le pays d'origine des descendants d'immigr\u00e9s\" srcset=\"https:\/\/leseffrontes.fr\/wp-content\/uploads\/2024\/05\/11_17_des_contributions_economiques_contrastes_selon_le_pays_d_origine_des_descendants_d_immigres-1024x703.jpeg 1024w, https:\/\/leseffrontes.fr\/wp-content\/uploads\/2024\/05\/11_17_des_contributions_economiques_contrastes_selon_le_pays_d_origine_des_descendants_d_immigres-300x206.jpeg 300w, https:\/\/leseffrontes.fr\/wp-content\/uploads\/2024\/05\/11_17_des_contributions_economiques_contrastes_selon_le_pays_d_origine_des_descendants_d_immigres-768x527.jpeg 768w, https:\/\/leseffrontes.fr\/wp-content\/uploads\/2024\/05\/11_17_des_contributions_economiques_contrastes_selon_le_pays_d_origine_des_descendants_d_immigres.jpeg 1200w\" sizes=\"auto, (max-width: 1024px) 100vw, 1024px\" \/><button\n\t\t\tclass=\"lightbox-trigger\"\n\t\t\ttype=\"button\"\n\t\t\taria-haspopup=\"dialog\"\n\t\t\taria-label=\"Agrandir\"\n\t\t\tdata-wp-init=\"callbacks.initTriggerButton\"\n\t\t\tdata-wp-on--click=\"actions.showLightbox\"\n\t\t\tdata-wp-style--right=\"state.imageButtonRight\"\n\t\t\tdata-wp-style--top=\"state.imageButtonTop\"\n\t\t>\n\t\t\t\n<svg xmlns=\"http:\/\/www.w3.org\/2000\/svg\" width=\"12\" height=\"12\" fill=\"none\" viewBox=\"0 0 12 12\">\n\t\t\t\t<path fill=\"#fff\" d=\"M2 0a2 2 0 0 0-2 2v2h1.5V2a.5.5 0 0 1 .5-.5h2V0H2Zm2 10.5H2a.5.5 0 0 1-.5-.5V8H0v2a2 2 0 0 0 2 2h2v-1.5ZM8 12v-1.5h2a.5.5 0 0 0 .5-.5V8H12v2a2 2 0 0 1-2 2H8Zm2-12a2 2 0 0 1 2 2v2h-1.5V2a.5.5 0 0 0-.5-.5H8V0h2Z\" \/>\n\t\t\t<\/svg>\n\t\t<\/button><\/figure>\n\n\n\n<p>L&rsquo;assimilation \u00e0 la population autochtone est donc un enjeu sur plusieurs g\u00e9n\u00e9rations. Les enfants d&rsquo;immigr\u00e9s ne comblent qu&rsquo;une partie de l&rsquo;\u00e9cart de niveau scolaire et de statut socio-\u00e9conomique.<\/p>","protected":false},"excerpt":{"rendered":"<p>Marc Vanguard diffuse sur Twitter des \u00e9l\u00e9ments de statistique sur l\u2019immigration. Nous republions son travail sur les Effront\u00e9s dans l\u2019espoir que cela nourrisse chez le lecteur une r\u00e9flexion raisonnable et mesur\u00e9e, au lieu des r\u00e9actions \u00e9motionnelles si fr\u00e9quentes sur ce sujet. \u2014 TB La contribution \u00e9conomique des immigr\u00e9s L&rsquo;immigration en&hellip;<\/p>\n<p><a class=\"excerpt-readmore\" href=\"https:\/\/leseffrontes.fr\/index.php\/2024\/05\/08\/les-chiffres-de-limmigration-en-france-3\/\">Read More<\/a><\/p>","protected":false},"author":2,"featured_media":2239,"comment_status":"open","ping_status":"open","sticky":false,"template":"","format":"standard","meta":{"twitterCardType":"","cardImageID":0,"cardImage":"","cardTitle":"","cardDesc":"","cardImageAlt":"","cardPlayer":"","cardPlayerWidth":0,"cardPlayerHeight":0,"cardPlayerStream":"","cardPlayerCodec":"","footnotes":""},"categories":[7],"tags":[33,39,37],"class_list":["post-2214","post","type-post","status-publish","format-standard","has-post-thumbnail","hentry","category-faits","tag-france","tag-immigration","tag-marc-vanguard","odd"],"_links":{"self":[{"href":"https:\/\/leseffrontes.fr\/index.php\/wp-json\/wp\/v2\/posts\/2214","targetHints":{"allow":["GET"]}}],"collection":[{"href":"https:\/\/leseffrontes.fr\/index.php\/wp-json\/wp\/v2\/posts"}],"about":[{"href":"https:\/\/leseffrontes.fr\/index.php\/wp-json\/wp\/v2\/types\/post"}],"author":[{"embeddable":true,"href":"https:\/\/leseffrontes.fr\/index.php\/wp-json\/wp\/v2\/users\/2"}],"replies":[{"embeddable":true,"href":"https:\/\/leseffrontes.fr\/index.php\/wp-json\/wp\/v2\/comments?post=2214"}],"version-history":[{"count":10,"href":"https:\/\/leseffrontes.fr\/index.php\/wp-json\/wp\/v2\/posts\/2214\/revisions"}],"predecessor-version":[{"id":2991,"href":"https:\/\/leseffrontes.fr\/index.php\/wp-json\/wp\/v2\/posts\/2214\/revisions\/2991"}],"wp:featuredmedia":[{"embeddable":true,"href":"https:\/\/leseffrontes.fr\/index.php\/wp-json\/wp\/v2\/media\/2239"}],"wp:attachment":[{"href":"https:\/\/leseffrontes.fr\/index.php\/wp-json\/wp\/v2\/media?parent=2214"}],"wp:term":[{"taxonomy":"category","embeddable":true,"href":"https:\/\/leseffrontes.fr\/index.php\/wp-json\/wp\/v2\/categories?post=2214"},{"taxonomy":"post_tag","embeddable":true,"href":"https:\/\/leseffrontes.fr\/index.php\/wp-json\/wp\/v2\/tags?post=2214"}],"curies":[{"name":"wp","href":"https:\/\/api.w.org\/{rel}","templated":true}]}}