{"id":2312,"date":"2024-06-15T15:48:56","date_gmt":"2024-06-15T13:48:56","guid":{"rendered":"https:\/\/leseffrontes.fr\/?p=2312"},"modified":"2025-05-09T14:49:42","modified_gmt":"2025-05-09T12:49:42","slug":"les-chiffres-de-limmigration-en-france-4","status":"publish","type":"post","link":"https:\/\/leseffrontes.fr\/index.php\/2024\/06\/15\/les-chiffres-de-limmigration-en-france-4\/","title":{"rendered":"Les chiffres de l\u2019immigration en France (4)"},"content":{"rendered":"\n<p><em>Marc Vanguard diffuse sur Twitter des \u00e9l\u00e9ments de statistique sur l\u2019immigration. Nous republions son travail sur les Effront\u00e9s dans l\u2019espoir que cela nourrisse chez le lecteur une r\u00e9flexion raisonnable et mesur\u00e9e, au lieu des r\u00e9actions \u00e9motionnelles si fr\u00e9quentes sur ce sujet. \u2014 TB<\/em><\/p>\n\n\n\n<h2 class=\"wp-block-heading\">L\u2019origine des immigr\u00e9s<\/h2>\n\n\n\n<p>L&rsquo;origine des immigr\u00e9s varie consid\u00e9rablement d&rsquo;un pays \u00e0 l&rsquo;autre au sein de l&rsquo;Union europ\u00e9enne. Ainsi, la France est de tr\u00e8s loin le premier pays d&rsquo;accueil des Africains en pourcentage de sa population immigr\u00e9e&nbsp;: France 61%, Portugal 35%, Belgique 28%&#8230;<\/p>\n\n\n\n<figure data-wp-context=\"{&quot;imageId&quot;:&quot;69f188bfef482&quot;}\" data-wp-interactive=\"core\/image\" data-wp-key=\"69f188bfef482\" class=\"wp-block-image size-large wp-lightbox-container\"><img loading=\"lazy\" decoding=\"async\" width=\"1024\" height=\"1024\" data-wp-class--hide=\"state.isContentHidden\" data-wp-class--show=\"state.isContentVisible\" data-wp-init=\"callbacks.setButtonStyles\" data-wp-on--click=\"actions.showLightbox\" data-wp-on--load=\"callbacks.setButtonStyles\" data-wp-on-window--resize=\"callbacks.setButtonStyles\" src=\"https:\/\/leseffrontes.fr\/wp-content\/uploads\/2024\/06\/12_01_le_pays_de_l_ue_avec_la_part_la_plus_elevee_d_africains-1024x1024.jpg\" alt=\"La France, pays de l'UE avec la part la plus \u00e9lev\u00e9e d'Africains dans sa population immigr\u00e9e\" class=\"wp-image-2313\" title=\"La France, pays de l'UE avec la part la plus \u00e9lev\u00e9e d'Africains dans sa population immigr\u00e9e\" srcset=\"https:\/\/leseffrontes.fr\/wp-content\/uploads\/2024\/06\/12_01_le_pays_de_l_ue_avec_la_part_la_plus_elevee_d_africains-1024x1024.jpg 1024w, https:\/\/leseffrontes.fr\/wp-content\/uploads\/2024\/06\/12_01_le_pays_de_l_ue_avec_la_part_la_plus_elevee_d_africains-300x300.jpg 300w, https:\/\/leseffrontes.fr\/wp-content\/uploads\/2024\/06\/12_01_le_pays_de_l_ue_avec_la_part_la_plus_elevee_d_africains-150x150.jpg 150w, https:\/\/leseffrontes.fr\/wp-content\/uploads\/2024\/06\/12_01_le_pays_de_l_ue_avec_la_part_la_plus_elevee_d_africains-768x769.jpg 768w, https:\/\/leseffrontes.fr\/wp-content\/uploads\/2024\/06\/12_01_le_pays_de_l_ue_avec_la_part_la_plus_elevee_d_africains.jpg 1200w\" sizes=\"auto, (max-width: 1024px) 100vw, 1024px\" \/><button\n\t\t\tclass=\"lightbox-trigger\"\n\t\t\ttype=\"button\"\n\t\t\taria-haspopup=\"dialog\"\n\t\t\taria-label=\"Agrandir\"\n\t\t\tdata-wp-init=\"callbacks.initTriggerButton\"\n\t\t\tdata-wp-on--click=\"actions.showLightbox\"\n\t\t\tdata-wp-style--right=\"state.imageButtonRight\"\n\t\t\tdata-wp-style--top=\"state.imageButtonTop\"\n\t\t>\n\t\t\t\n<svg xmlns=\"http:\/\/www.w3.org\/2000\/svg\" width=\"12\" height=\"12\" fill=\"none\" viewBox=\"0 0 12 12\">\n\t\t\t\t<path fill=\"#fff\" d=\"M2 0a2 2 0 0 0-2 2v2h1.5V2a.5.5 0 0 1 .5-.5h2V0H2Zm2 10.5H2a.5.5 0 0 1-.5-.5V8H0v2a2 2 0 0 0 2 2h2v-1.5ZM8 12v-1.5h2a.5.5 0 0 0 .5-.5V8H12v2a2 2 0 0 1-2 2H8Zm2-12a2 2 0 0 1 2 2v2h-1.5V2a.5.5 0 0 0-.5-.5H8V0h2Z\" \/>\n\t\t\t<\/svg>\n\t\t<\/button><\/figure>\n\n\n\n<p>La France est aussi le pays de l&rsquo;UE dans lequel les Europ\u00e9ens repr\u00e9sentent le plus faible pourcentage des immigr\u00e9s. Seulement 20%, alors que les avant-derniers pays sont \u00e0 32%&nbsp;: Espagne 32%, Portugal 32%, France 20%.<\/p>\n\n\n\n<figure data-wp-context=\"{&quot;imageId&quot;:&quot;69f188bfefad9&quot;}\" data-wp-interactive=\"core\/image\" data-wp-key=\"69f188bfefad9\" class=\"wp-block-image size-large wp-lightbox-container\"><img loading=\"lazy\" decoding=\"async\" width=\"745\" height=\"1024\" data-wp-class--hide=\"state.isContentHidden\" data-wp-class--show=\"state.isContentVisible\" data-wp-init=\"callbacks.setButtonStyles\" data-wp-on--click=\"actions.showLightbox\" data-wp-on--load=\"callbacks.setButtonStyles\" data-wp-on-window--resize=\"callbacks.setButtonStyles\" src=\"https:\/\/leseffrontes.fr\/wp-content\/uploads\/2024\/06\/12_02_le_pays_de_l_ue_avec_la_part_la_plus_faible_d_immigres_europeens-745x1024.jpeg\" alt=\"La France, pays de l'UE avec le plus faible pourcentage d'Europ\u00e9ens dans sa population immigr\u00e9e\" class=\"wp-image-2314\" title=\"La France, pays de l'UE avec le plus faible pourcentage d'Europ\u00e9ens dans sa population immigr\u00e9e\" srcset=\"https:\/\/leseffrontes.fr\/wp-content\/uploads\/2024\/06\/12_02_le_pays_de_l_ue_avec_la_part_la_plus_faible_d_immigres_europeens-745x1024.jpeg 745w, https:\/\/leseffrontes.fr\/wp-content\/uploads\/2024\/06\/12_02_le_pays_de_l_ue_avec_la_part_la_plus_faible_d_immigres_europeens-218x300.jpeg 218w, https:\/\/leseffrontes.fr\/wp-content\/uploads\/2024\/06\/12_02_le_pays_de_l_ue_avec_la_part_la_plus_faible_d_immigres_europeens-768x1056.jpeg 768w, https:\/\/leseffrontes.fr\/wp-content\/uploads\/2024\/06\/12_02_le_pays_de_l_ue_avec_la_part_la_plus_faible_d_immigres_europeens-400x550.jpeg 400w, https:\/\/leseffrontes.fr\/wp-content\/uploads\/2024\/06\/12_02_le_pays_de_l_ue_avec_la_part_la_plus_faible_d_immigres_europeens.jpeg 873w\" sizes=\"auto, (max-width: 745px) 100vw, 745px\" \/><button\n\t\t\tclass=\"lightbox-trigger\"\n\t\t\ttype=\"button\"\n\t\t\taria-haspopup=\"dialog\"\n\t\t\taria-label=\"Agrandir\"\n\t\t\tdata-wp-init=\"callbacks.initTriggerButton\"\n\t\t\tdata-wp-on--click=\"actions.showLightbox\"\n\t\t\tdata-wp-style--right=\"state.imageButtonRight\"\n\t\t\tdata-wp-style--top=\"state.imageButtonTop\"\n\t\t>\n\t\t\t\n<svg xmlns=\"http:\/\/www.w3.org\/2000\/svg\" width=\"12\" height=\"12\" fill=\"none\" viewBox=\"0 0 12 12\">\n\t\t\t\t<path fill=\"#fff\" d=\"M2 0a2 2 0 0 0-2 2v2h1.5V2a.5.5 0 0 1 .5-.5h2V0H2Zm2 10.5H2a.5.5 0 0 1-.5-.5V8H0v2a2 2 0 0 0 2 2h2v-1.5ZM8 12v-1.5h2a.5.5 0 0 0 .5-.5V8H12v2a2 2 0 0 1-2 2H8Zm2-12a2 2 0 0 1 2 2v2h-1.5V2a.5.5 0 0 0-.5-.5H8V0h2Z\" \/>\n\t\t\t<\/svg>\n\t\t<\/button><\/figure>\n\n\n\n<p>Dit autrement, la France est donc de tr\u00e8s loin le pays de l&rsquo;UE qui accueille le plus d&rsquo;extra-europ\u00e9ens parmi sa population immigr\u00e9e&nbsp;: France 80%, Portugal 68%, Espagne 68%, Su\u00e8de 61%, Pays-bas 60%.<\/p>\n\n\n\n<figure data-wp-context=\"{&quot;imageId&quot;:&quot;69f188bfeffca&quot;}\" data-wp-interactive=\"core\/image\" data-wp-key=\"69f188bfeffca\" class=\"wp-block-image size-large wp-lightbox-container\"><img loading=\"lazy\" decoding=\"async\" width=\"745\" height=\"1024\" data-wp-class--hide=\"state.isContentHidden\" data-wp-class--show=\"state.isContentVisible\" data-wp-init=\"callbacks.setButtonStyles\" data-wp-on--click=\"actions.showLightbox\" data-wp-on--load=\"callbacks.setButtonStyles\" data-wp-on-window--resize=\"callbacks.setButtonStyles\" src=\"https:\/\/leseffrontes.fr\/wp-content\/uploads\/2024\/06\/12_03_le_pays_de_l_ue_avec_la_part_la_plus_elevee_d_immigres_extra_europeens-745x1024.jpeg\" alt=\"La France, pays de l'UE avec le plus haut pourcentage d'extra-europ\u00e9ens dans sa population immigr\u00e9e\" class=\"wp-image-2316\" title=\"La France, pays de l'UE avec le plus haut pourcentage d'extra-europ\u00e9ens dans sa population immigr\u00e9e\" srcset=\"https:\/\/leseffrontes.fr\/wp-content\/uploads\/2024\/06\/12_03_le_pays_de_l_ue_avec_la_part_la_plus_elevee_d_immigres_extra_europeens-745x1024.jpeg 745w, https:\/\/leseffrontes.fr\/wp-content\/uploads\/2024\/06\/12_03_le_pays_de_l_ue_avec_la_part_la_plus_elevee_d_immigres_extra_europeens-218x300.jpeg 218w, https:\/\/leseffrontes.fr\/wp-content\/uploads\/2024\/06\/12_03_le_pays_de_l_ue_avec_la_part_la_plus_elevee_d_immigres_extra_europeens-768x1056.jpeg 768w, https:\/\/leseffrontes.fr\/wp-content\/uploads\/2024\/06\/12_03_le_pays_de_l_ue_avec_la_part_la_plus_elevee_d_immigres_extra_europeens-400x550.jpeg 400w, https:\/\/leseffrontes.fr\/wp-content\/uploads\/2024\/06\/12_03_le_pays_de_l_ue_avec_la_part_la_plus_elevee_d_immigres_extra_europeens.jpeg 873w\" sizes=\"auto, (max-width: 745px) 100vw, 745px\" \/><button\n\t\t\tclass=\"lightbox-trigger\"\n\t\t\ttype=\"button\"\n\t\t\taria-haspopup=\"dialog\"\n\t\t\taria-label=\"Agrandir\"\n\t\t\tdata-wp-init=\"callbacks.initTriggerButton\"\n\t\t\tdata-wp-on--click=\"actions.showLightbox\"\n\t\t\tdata-wp-style--right=\"state.imageButtonRight\"\n\t\t\tdata-wp-style--top=\"state.imageButtonTop\"\n\t\t>\n\t\t\t\n<svg xmlns=\"http:\/\/www.w3.org\/2000\/svg\" width=\"12\" height=\"12\" fill=\"none\" viewBox=\"0 0 12 12\">\n\t\t\t\t<path fill=\"#fff\" d=\"M2 0a2 2 0 0 0-2 2v2h1.5V2a.5.5 0 0 1 .5-.5h2V0H2Zm2 10.5H2a.5.5 0 0 1-.5-.5V8H0v2a2 2 0 0 0 2 2h2v-1.5ZM8 12v-1.5h2a.5.5 0 0 0 .5-.5V8H12v2a2 2 0 0 1-2 2H8Zm2-12a2 2 0 0 1 2 2v2h-1.5V2a.5.5 0 0 0-.5-.5H8V0h2Z\" \/>\n\t\t\t<\/svg>\n\t\t<\/button><\/figure>\n\n\n\n<p>Il est int\u00e9ressant de comparer ces chiffres au pourcentage de personnes issues de l&rsquo;immigration dans la population. Le Portugal accueille, certes, 68% d&rsquo;extra-europ\u00e9ens parmi sa population immigr\u00e9e, mais il n&rsquo;y a \u00ab&nbsp;que&nbsp;\u00bb 19% de personnes issues de l&rsquo;immigration dans le pays.<\/p>\n\n\n\n<figure data-wp-context=\"{&quot;imageId&quot;:&quot;69f188bff0575&quot;}\" data-wp-interactive=\"core\/image\" data-wp-key=\"69f188bff0575\" class=\"wp-block-image size-large wp-lightbox-container\"><img loading=\"lazy\" decoding=\"async\" width=\"1024\" height=\"1024\" data-wp-class--hide=\"state.isContentHidden\" data-wp-class--show=\"state.isContentVisible\" data-wp-init=\"callbacks.setButtonStyles\" data-wp-on--click=\"actions.showLightbox\" data-wp-on--load=\"callbacks.setButtonStyles\" data-wp-on-window--resize=\"callbacks.setButtonStyles\" src=\"https:\/\/leseffrontes.fr\/wp-content\/uploads\/2024\/06\/12_04_part_d_extra_europeens_et_part_d_immigres-1024x1024.jpeg\" alt=\"Pourcentage d'extra-Europ\u00e9ens dans la population immigr\u00e9e en fonction du pourcentage de personnes issues de l'immigration dans la population.\" class=\"wp-image-2318\" title=\"Pourcentage d'extra-Europ\u00e9ens dans la population immigr\u00e9e en fonction du pourcentage de personnes issues de l'immigration dans la population.\" srcset=\"https:\/\/leseffrontes.fr\/wp-content\/uploads\/2024\/06\/12_04_part_d_extra_europeens_et_part_d_immigres-1024x1024.jpeg 1024w, https:\/\/leseffrontes.fr\/wp-content\/uploads\/2024\/06\/12_04_part_d_extra_europeens_et_part_d_immigres-300x300.jpeg 300w, https:\/\/leseffrontes.fr\/wp-content\/uploads\/2024\/06\/12_04_part_d_extra_europeens_et_part_d_immigres-150x150.jpeg 150w, https:\/\/leseffrontes.fr\/wp-content\/uploads\/2024\/06\/12_04_part_d_extra_europeens_et_part_d_immigres-768x769.jpeg 768w, https:\/\/leseffrontes.fr\/wp-content\/uploads\/2024\/06\/12_04_part_d_extra_europeens_et_part_d_immigres.jpeg 1200w\" sizes=\"auto, (max-width: 1024px) 100vw, 1024px\" \/><button\n\t\t\tclass=\"lightbox-trigger\"\n\t\t\ttype=\"button\"\n\t\t\taria-haspopup=\"dialog\"\n\t\t\taria-label=\"Agrandir\"\n\t\t\tdata-wp-init=\"callbacks.initTriggerButton\"\n\t\t\tdata-wp-on--click=\"actions.showLightbox\"\n\t\t\tdata-wp-style--right=\"state.imageButtonRight\"\n\t\t\tdata-wp-style--top=\"state.imageButtonTop\"\n\t\t>\n\t\t\t\n<svg xmlns=\"http:\/\/www.w3.org\/2000\/svg\" width=\"12\" height=\"12\" fill=\"none\" viewBox=\"0 0 12 12\">\n\t\t\t\t<path fill=\"#fff\" d=\"M2 0a2 2 0 0 0-2 2v2h1.5V2a.5.5 0 0 1 .5-.5h2V0H2Zm2 10.5H2a.5.5 0 0 1-.5-.5V8H0v2a2 2 0 0 0 2 2h2v-1.5ZM8 12v-1.5h2a.5.5 0 0 0 .5-.5V8H12v2a2 2 0 0 1-2 2H8Zm2-12a2 2 0 0 1 2 2v2h-1.5V2a.5.5 0 0 0-.5-.5H8V0h2Z\" \/>\n\t\t\t<\/svg>\n\t\t<\/button><\/figure>\n\n\n\n<p>H\u00e9las, nous avons vu dans mes billets pr\u00e9c\u00e9dents que <a href=\"https:\/\/leseffrontes.fr\/index.php\/2024\/05\/08\/les-chiffres-de-limmigration-en-france-3\/\">l&rsquo;immigration d&rsquo;origine africaine semble se heurter \u00e0 une assimilation plus difficile<\/a>. Notamment en raison de sa pauvret\u00e9. Par rapport aux autochtones, les immigr\u00e9s africains en France sont ainsi caract\u00e9ris\u00e9s par&nbsp;:<\/p>\n\n\n\n<ul class=\"wp-block-list\">\n<li>Un taux de ch\u00f4mage 2 fois plus haut.<\/li>\n\n\n\n<li>Des imp\u00f4ts directs pay\u00e9s 2 fois plus faibles.<\/li>\n\n\n\n<li>Un taux d&rsquo;allocations dans les revenus 3 fois plus haut.<\/li>\n\n\n\n<li>Un taux de redoublements 2,5 fois plus haut.<\/li>\n\n\n\n<li>Un taux de criminalit\u00e9 3,6 fois plus \u00e9lev\u00e9<sup>*<\/sup>.<\/li>\n<\/ul>\n\n\n\n<p>(<sup>*<\/sup> \u00c9cart entre les taux de mis en cause des ressortissants africains et fran\u00e7ais sur les violences sur les personnes.)<\/p>\n\n\n\n<hr class=\"wp-block-separator has-alpha-channel-opacity\"\/>\n\n\n\n<h2 class=\"wp-block-heading\">Publication des derniers chiffres minist\u00e9riels sur l&rsquo;immigration en 2023<\/h2>\n\n\n\n<p>Le nombre de titres de s\u00e9jour accord\u00e9s augmente encore&nbsp;: +1,4% par rapport \u00e0 2022. On atteint un record \u00e0 323&nbsp;000 titres, c&rsquo;est deux fois plus qu&rsquo;il y a 20 ans.<\/p>\n\n\n\n<figure data-wp-context=\"{&quot;imageId&quot;:&quot;69f188bff0cc5&quot;}\" data-wp-interactive=\"core\/image\" data-wp-key=\"69f188bff0cc5\" class=\"wp-block-image size-large wp-lightbox-container\"><img loading=\"lazy\" decoding=\"async\" width=\"1024\" height=\"704\" data-wp-class--hide=\"state.isContentHidden\" data-wp-class--show=\"state.isContentVisible\" data-wp-init=\"callbacks.setButtonStyles\" data-wp-on--click=\"actions.showLightbox\" data-wp-on--load=\"callbacks.setButtonStyles\" data-wp-on-window--resize=\"callbacks.setButtonStyles\" src=\"https:\/\/leseffrontes.fr\/wp-content\/uploads\/2024\/06\/12_05_doublement_des_titres_de_sejour_en_20_ans-1024x704.jpeg\" alt=\"France&nbsp;: un doublement des titres de s\u00e9jour en vingt ans\" class=\"wp-image-2319\" title=\"France&nbsp;: un doublement des titres de s\u00e9jour en vingt ans\" srcset=\"https:\/\/leseffrontes.fr\/wp-content\/uploads\/2024\/06\/12_05_doublement_des_titres_de_sejour_en_20_ans-1024x704.jpeg 1024w, https:\/\/leseffrontes.fr\/wp-content\/uploads\/2024\/06\/12_05_doublement_des_titres_de_sejour_en_20_ans-300x206.jpeg 300w, https:\/\/leseffrontes.fr\/wp-content\/uploads\/2024\/06\/12_05_doublement_des_titres_de_sejour_en_20_ans-768x528.jpeg 768w, https:\/\/leseffrontes.fr\/wp-content\/uploads\/2024\/06\/12_05_doublement_des_titres_de_sejour_en_20_ans.jpeg 1200w\" sizes=\"auto, (max-width: 1024px) 100vw, 1024px\" \/><button\n\t\t\tclass=\"lightbox-trigger\"\n\t\t\ttype=\"button\"\n\t\t\taria-haspopup=\"dialog\"\n\t\t\taria-label=\"Agrandir\"\n\t\t\tdata-wp-init=\"callbacks.initTriggerButton\"\n\t\t\tdata-wp-on--click=\"actions.showLightbox\"\n\t\t\tdata-wp-style--right=\"state.imageButtonRight\"\n\t\t\tdata-wp-style--top=\"state.imageButtonTop\"\n\t\t>\n\t\t\t\n<svg xmlns=\"http:\/\/www.w3.org\/2000\/svg\" width=\"12\" height=\"12\" fill=\"none\" viewBox=\"0 0 12 12\">\n\t\t\t\t<path fill=\"#fff\" d=\"M2 0a2 2 0 0 0-2 2v2h1.5V2a.5.5 0 0 1 .5-.5h2V0H2Zm2 10.5H2a.5.5 0 0 1-.5-.5V8H0v2a2 2 0 0 0 2 2h2v-1.5ZM8 12v-1.5h2a.5.5 0 0 0 .5-.5V8H12v2a2 2 0 0 1-2 2H8Zm2-12a2 2 0 0 1 2 2v2h-1.5V2a.5.5 0 0 0-.5-.5H8V0h2Z\" \/>\n\t\t\t<\/svg>\n\t\t<\/button><\/figure>\n\n\n\n<p>Les demandes d&rsquo;asile sont en tr\u00e8s forte hausse, \u00e0 +6,4%, atteignant ainsi le niveau in\u00e9dit de 146.000 premi\u00e8res demandes.<\/p>\n\n\n\n<figure data-wp-context=\"{&quot;imageId&quot;:&quot;69f188bff125d&quot;}\" data-wp-interactive=\"core\/image\" data-wp-key=\"69f188bff125d\" class=\"wp-block-image size-large wp-lightbox-container\"><img loading=\"lazy\" decoding=\"async\" width=\"1024\" height=\"707\" data-wp-class--hide=\"state.isContentHidden\" data-wp-class--show=\"state.isContentVisible\" data-wp-init=\"callbacks.setButtonStyles\" data-wp-on--click=\"actions.showLightbox\" data-wp-on--load=\"callbacks.setButtonStyles\" data-wp-on-window--resize=\"callbacks.setButtonStyles\" src=\"https:\/\/leseffrontes.fr\/wp-content\/uploads\/2024\/06\/12_06_hausse_record_des_demandes_d_asile-1024x707.jpeg\" alt=\"France&nbsp;: les demandes d'asile ont atteint un record\" class=\"wp-image-2320\" title=\"France&nbsp;: les demandes d'asile ont atteint un record\" srcset=\"https:\/\/leseffrontes.fr\/wp-content\/uploads\/2024\/06\/12_06_hausse_record_des_demandes_d_asile-1024x707.jpeg 1024w, https:\/\/leseffrontes.fr\/wp-content\/uploads\/2024\/06\/12_06_hausse_record_des_demandes_d_asile-300x207.jpeg 300w, https:\/\/leseffrontes.fr\/wp-content\/uploads\/2024\/06\/12_06_hausse_record_des_demandes_d_asile-768x531.jpeg 768w, https:\/\/leseffrontes.fr\/wp-content\/uploads\/2024\/06\/12_06_hausse_record_des_demandes_d_asile.jpeg 1200w\" sizes=\"auto, (max-width: 1024px) 100vw, 1024px\" \/><button\n\t\t\tclass=\"lightbox-trigger\"\n\t\t\ttype=\"button\"\n\t\t\taria-haspopup=\"dialog\"\n\t\t\taria-label=\"Agrandir\"\n\t\t\tdata-wp-init=\"callbacks.initTriggerButton\"\n\t\t\tdata-wp-on--click=\"actions.showLightbox\"\n\t\t\tdata-wp-style--right=\"state.imageButtonRight\"\n\t\t\tdata-wp-style--top=\"state.imageButtonTop\"\n\t\t>\n\t\t\t\n<svg xmlns=\"http:\/\/www.w3.org\/2000\/svg\" width=\"12\" height=\"12\" fill=\"none\" viewBox=\"0 0 12 12\">\n\t\t\t\t<path fill=\"#fff\" d=\"M2 0a2 2 0 0 0-2 2v2h1.5V2a.5.5 0 0 1 .5-.5h2V0H2Zm2 10.5H2a.5.5 0 0 1-.5-.5V8H0v2a2 2 0 0 0 2 2h2v-1.5ZM8 12v-1.5h2a.5.5 0 0 0 .5-.5V8H12v2a2 2 0 0 1-2 2H8Zm2-12a2 2 0 0 1 2 2v2h-1.5V2a.5.5 0 0 0-.5-.5H8V0h2Z\" \/>\n\t\t\t<\/svg>\n\t\t<\/button><\/figure>\n\n\n\n<p>Voici les principales nationalit\u00e9s qui demandent l&rsquo;asile en France en 2023&nbsp;:<\/p>\n\n\n\n<ol class=\"wp-block-list\">\n<li>Afghans&nbsp;: 17.000<\/li>\n\n\n\n<li>Guin\u00e9ens&nbsp;: 11.000<\/li>\n\n\n\n<li>Turcs&nbsp;: 10.000<\/li>\n\n\n\n<li>Ivoiriens&nbsp;: 10.000<\/li>\n\n\n\n<li>Bangladais&nbsp;: 10.000<\/li>\n<\/ol>\n\n\n\n<p>Les Ukrainiens n&rsquo;arrivent que onzi\u00e8mes, avec 3.405 demandes.<\/p>\n\n\n\n<p>De nombreuses r\u00e9gularisations ont d\u00e9j\u00e0 eu lieu m\u00eame sans \u00ab&nbsp;loi immigration&nbsp;\u00bb. Avec 34.000 r\u00e9gularisations en 2023, on atteint les 200.000 r\u00e9gularisations depuis l&rsquo;\u00e9lection d&rsquo;Emmanuel Macron en 2017.<\/p>\n\n\n\n<figure data-wp-context=\"{&quot;imageId&quot;:&quot;69f188bff18f9&quot;}\" data-wp-interactive=\"core\/image\" data-wp-key=\"69f188bff18f9\" class=\"wp-block-image size-large wp-lightbox-container\"><img loading=\"lazy\" decoding=\"async\" width=\"1024\" height=\"704\" data-wp-class--hide=\"state.isContentHidden\" data-wp-class--show=\"state.isContentVisible\" data-wp-init=\"callbacks.setButtonStyles\" data-wp-on--click=\"actions.showLightbox\" data-wp-on--load=\"callbacks.setButtonStyles\" data-wp-on-window--resize=\"callbacks.setButtonStyles\" src=\"https:\/\/leseffrontes.fr\/wp-content\/uploads\/2024\/06\/12_07_regularisations_des_immigres_illegaux-1024x704.jpeg\" alt=\"France&nbsp;: des milliers de r\u00e9gularisations des immigr\u00e9s ill\u00e9gaux\" class=\"wp-image-2321\" title=\"France&nbsp;: des milliers de r\u00e9gularisations des immigr\u00e9s ill\u00e9gaux\" srcset=\"https:\/\/leseffrontes.fr\/wp-content\/uploads\/2024\/06\/12_07_regularisations_des_immigres_illegaux-1024x704.jpeg 1024w, https:\/\/leseffrontes.fr\/wp-content\/uploads\/2024\/06\/12_07_regularisations_des_immigres_illegaux-300x206.jpeg 300w, https:\/\/leseffrontes.fr\/wp-content\/uploads\/2024\/06\/12_07_regularisations_des_immigres_illegaux-768x528.jpeg 768w, https:\/\/leseffrontes.fr\/wp-content\/uploads\/2024\/06\/12_07_regularisations_des_immigres_illegaux.jpeg 1200w\" sizes=\"auto, (max-width: 1024px) 100vw, 1024px\" \/><button\n\t\t\tclass=\"lightbox-trigger\"\n\t\t\ttype=\"button\"\n\t\t\taria-haspopup=\"dialog\"\n\t\t\taria-label=\"Agrandir\"\n\t\t\tdata-wp-init=\"callbacks.initTriggerButton\"\n\t\t\tdata-wp-on--click=\"actions.showLightbox\"\n\t\t\tdata-wp-style--right=\"state.imageButtonRight\"\n\t\t\tdata-wp-style--top=\"state.imageButtonTop\"\n\t\t>\n\t\t\t\n<svg xmlns=\"http:\/\/www.w3.org\/2000\/svg\" width=\"12\" height=\"12\" fill=\"none\" viewBox=\"0 0 12 12\">\n\t\t\t\t<path fill=\"#fff\" d=\"M2 0a2 2 0 0 0-2 2v2h1.5V2a.5.5 0 0 1 .5-.5h2V0H2Zm2 10.5H2a.5.5 0 0 1-.5-.5V8H0v2a2 2 0 0 0 2 2h2v-1.5ZM8 12v-1.5h2a.5.5 0 0 0 .5-.5V8H12v2a2 2 0 0 1-2 2H8Zm2-12a2 2 0 0 1 2 2v2h-1.5V2a.5.5 0 0 0-.5-.5H8V0h2Z\" \/>\n\t\t\t<\/svg>\n\t\t<\/button><\/figure>\n\n\n\n<p>Sous l&rsquo;effet de ces flux toujours plus importants, le \u00ab&nbsp;stock&nbsp;\u00bb de titres de s\u00e9jour d\u00e9passe pour la premi\u00e8re fois la barre des 4 millions. Cette hausse +4,4% en 2023 confirme la croissance continue du nombre d&rsquo;immigr\u00e9s avec titres de s\u00e9jour en France&nbsp;: +17% depuis 2019.<\/p>\n\n\n\n<figure data-wp-context=\"{&quot;imageId&quot;:&quot;69f188bff1e9d&quot;}\" data-wp-interactive=\"core\/image\" data-wp-key=\"69f188bff1e9d\" class=\"wp-block-image size-large wp-lightbox-container\"><img loading=\"lazy\" decoding=\"async\" width=\"1024\" height=\"710\" data-wp-class--hide=\"state.isContentHidden\" data-wp-class--show=\"state.isContentVisible\" data-wp-init=\"callbacks.setButtonStyles\" data-wp-on--click=\"actions.showLightbox\" data-wp-on--load=\"callbacks.setButtonStyles\" data-wp-on-window--resize=\"callbacks.setButtonStyles\" src=\"https:\/\/leseffrontes.fr\/wp-content\/uploads\/2024\/06\/12_08_plus_de_4_millions_de_titres_de_sejour-1024x710.jpeg\" alt=\"France&nbsp;: pour la premi\u00e8re fois, plus de 4 millions de titres de s\u00e9jour\" class=\"wp-image-2322\" title=\"France&nbsp;: pour la premi\u00e8re fois, plus de 4 millions de titres de s\u00e9jour\" srcset=\"https:\/\/leseffrontes.fr\/wp-content\/uploads\/2024\/06\/12_08_plus_de_4_millions_de_titres_de_sejour-1024x710.jpeg 1024w, https:\/\/leseffrontes.fr\/wp-content\/uploads\/2024\/06\/12_08_plus_de_4_millions_de_titres_de_sejour-300x208.jpeg 300w, https:\/\/leseffrontes.fr\/wp-content\/uploads\/2024\/06\/12_08_plus_de_4_millions_de_titres_de_sejour-768x532.jpeg 768w, https:\/\/leseffrontes.fr\/wp-content\/uploads\/2024\/06\/12_08_plus_de_4_millions_de_titres_de_sejour.jpeg 1200w\" sizes=\"auto, (max-width: 1024px) 100vw, 1024px\" \/><button\n\t\t\tclass=\"lightbox-trigger\"\n\t\t\ttype=\"button\"\n\t\t\taria-haspopup=\"dialog\"\n\t\t\taria-label=\"Agrandir\"\n\t\t\tdata-wp-init=\"callbacks.initTriggerButton\"\n\t\t\tdata-wp-on--click=\"actions.showLightbox\"\n\t\t\tdata-wp-style--right=\"state.imageButtonRight\"\n\t\t\tdata-wp-style--top=\"state.imageButtonTop\"\n\t\t>\n\t\t\t\n<svg xmlns=\"http:\/\/www.w3.org\/2000\/svg\" width=\"12\" height=\"12\" fill=\"none\" viewBox=\"0 0 12 12\">\n\t\t\t\t<path fill=\"#fff\" d=\"M2 0a2 2 0 0 0-2 2v2h1.5V2a.5.5 0 0 1 .5-.5h2V0H2Zm2 10.5H2a.5.5 0 0 1-.5-.5V8H0v2a2 2 0 0 0 2 2h2v-1.5ZM8 12v-1.5h2a.5.5 0 0 0 .5-.5V8H12v2a2 2 0 0 1-2 2H8Zm2-12a2 2 0 0 1 2 2v2h-1.5V2a.5.5 0 0 0-.5-.5H8V0h2Z\" \/>\n\t\t\t<\/svg>\n\t\t<\/button><\/figure>\n\n\n\n<p>Il est toujours amusant de voir que l&rsquo;une des huit cat\u00e9gories de titres de s\u00e9jour r\u00e9pertori\u00e9s correspond aux \u00ab&nbsp;certificats de r\u00e9sidence pour Alg\u00e9riens&nbsp;\u00bb, h\u00e9ritage des accords sp\u00e9cifiques avec ce pays. Ils repr\u00e9sentent 15% des titres de s\u00e9jour et sont en hausse de +2,6% en 2023.<\/p>\n\n\n\n<figure data-wp-context=\"{&quot;imageId&quot;:&quot;69f188bff2483&quot;}\" data-wp-interactive=\"core\/image\" data-wp-key=\"69f188bff2483\" class=\"wp-block-image size-large wp-lightbox-container\"><img loading=\"lazy\" decoding=\"async\" width=\"1024\" height=\"706\" data-wp-class--hide=\"state.isContentHidden\" data-wp-class--show=\"state.isContentVisible\" data-wp-init=\"callbacks.setButtonStyles\" data-wp-on--click=\"actions.showLightbox\" data-wp-on--load=\"callbacks.setButtonStyles\" data-wp-on-window--resize=\"callbacks.setButtonStyles\" src=\"https:\/\/leseffrontes.fr\/wp-content\/uploads\/2024\/06\/12_09_hausse_moderee_des_certificats_de_residence_pour_algeriens-1024x706.jpeg\" alt=\"France&nbsp;: Les \u00ab&nbsp;certificats de r\u00e9sidence pour Alg\u00e9riens&nbsp;\u00bb en hausse mod\u00e9r\u00e9e\" class=\"wp-image-2323\" title=\"France&nbsp;: Les \u00ab&nbsp;certificats de r\u00e9sidence pour Alg\u00e9riens&nbsp;\u00bb en hausse mod\u00e9r\u00e9e\" srcset=\"https:\/\/leseffrontes.fr\/wp-content\/uploads\/2024\/06\/12_09_hausse_moderee_des_certificats_de_residence_pour_algeriens-1024x706.jpeg 1024w, https:\/\/leseffrontes.fr\/wp-content\/uploads\/2024\/06\/12_09_hausse_moderee_des_certificats_de_residence_pour_algeriens-300x207.jpeg 300w, https:\/\/leseffrontes.fr\/wp-content\/uploads\/2024\/06\/12_09_hausse_moderee_des_certificats_de_residence_pour_algeriens-768x529.jpeg 768w, https:\/\/leseffrontes.fr\/wp-content\/uploads\/2024\/06\/12_09_hausse_moderee_des_certificats_de_residence_pour_algeriens.jpeg 1200w\" sizes=\"auto, (max-width: 1024px) 100vw, 1024px\" \/><button\n\t\t\tclass=\"lightbox-trigger\"\n\t\t\ttype=\"button\"\n\t\t\taria-haspopup=\"dialog\"\n\t\t\taria-label=\"Agrandir\"\n\t\t\tdata-wp-init=\"callbacks.initTriggerButton\"\n\t\t\tdata-wp-on--click=\"actions.showLightbox\"\n\t\t\tdata-wp-style--right=\"state.imageButtonRight\"\n\t\t\tdata-wp-style--top=\"state.imageButtonTop\"\n\t\t>\n\t\t\t\n<svg xmlns=\"http:\/\/www.w3.org\/2000\/svg\" width=\"12\" height=\"12\" fill=\"none\" viewBox=\"0 0 12 12\">\n\t\t\t\t<path fill=\"#fff\" d=\"M2 0a2 2 0 0 0-2 2v2h1.5V2a.5.5 0 0 1 .5-.5h2V0H2Zm2 10.5H2a.5.5 0 0 1-.5-.5V8H0v2a2 2 0 0 0 2 2h2v-1.5ZM8 12v-1.5h2a.5.5 0 0 0 .5-.5V8H12v2a2 2 0 0 1-2 2H8Zm2-12a2 2 0 0 1 2 2v2h-1.5V2a.5.5 0 0 0-.5-.5H8V0h2Z\" \/>\n\t\t\t<\/svg>\n\t\t<\/button><\/figure>\n\n\n\n<p>Mais depuis 2020, les titres sp\u00e9cifique des Alg\u00e9riens ont \u00e9t\u00e9 d\u00e9pass\u00e9s en nombre par les autres cartes de s\u00e9jour pluriannuelles. Leur nombre explose&nbsp;: +44% depuis 2019, et +6% sur l&rsquo;ann\u00e9e derni\u00e8re.<\/p>\n\n\n\n<figure data-wp-context=\"{&quot;imageId&quot;:&quot;69f188bff2a2c&quot;}\" data-wp-interactive=\"core\/image\" data-wp-key=\"69f188bff2a2c\" class=\"wp-block-image size-large wp-lightbox-container\"><img loading=\"lazy\" decoding=\"async\" width=\"1024\" height=\"707\" data-wp-class--hide=\"state.isContentHidden\" data-wp-class--show=\"state.isContentVisible\" data-wp-init=\"callbacks.setButtonStyles\" data-wp-on--click=\"actions.showLightbox\" data-wp-on--load=\"callbacks.setButtonStyles\" data-wp-on-window--resize=\"callbacks.setButtonStyles\" src=\"https:\/\/leseffrontes.fr\/wp-content\/uploads\/2024\/06\/12_10_hausse_des_cartes_de_sejour_pluriannuelles-1024x707.jpeg\" alt=\"France&nbsp;: parmi les titres de s\u00e9jour, hausse des cartes de s\u00e9jour pluriannuelles\" class=\"wp-image-2324\" title=\"France&nbsp;: parmi les titres de s\u00e9jour, hausse des cartes de s\u00e9jour pluriannuelles\" srcset=\"https:\/\/leseffrontes.fr\/wp-content\/uploads\/2024\/06\/12_10_hausse_des_cartes_de_sejour_pluriannuelles-1024x707.jpeg 1024w, https:\/\/leseffrontes.fr\/wp-content\/uploads\/2024\/06\/12_10_hausse_des_cartes_de_sejour_pluriannuelles-300x207.jpeg 300w, https:\/\/leseffrontes.fr\/wp-content\/uploads\/2024\/06\/12_10_hausse_des_cartes_de_sejour_pluriannuelles-768x530.jpeg 768w, https:\/\/leseffrontes.fr\/wp-content\/uploads\/2024\/06\/12_10_hausse_des_cartes_de_sejour_pluriannuelles.jpeg 1200w\" sizes=\"auto, (max-width: 1024px) 100vw, 1024px\" \/><button\n\t\t\tclass=\"lightbox-trigger\"\n\t\t\ttype=\"button\"\n\t\t\taria-haspopup=\"dialog\"\n\t\t\taria-label=\"Agrandir\"\n\t\t\tdata-wp-init=\"callbacks.initTriggerButton\"\n\t\t\tdata-wp-on--click=\"actions.showLightbox\"\n\t\t\tdata-wp-style--right=\"state.imageButtonRight\"\n\t\t\tdata-wp-style--top=\"state.imageButtonTop\"\n\t\t>\n\t\t\t\n<svg xmlns=\"http:\/\/www.w3.org\/2000\/svg\" width=\"12\" height=\"12\" fill=\"none\" viewBox=\"0 0 12 12\">\n\t\t\t\t<path fill=\"#fff\" d=\"M2 0a2 2 0 0 0-2 2v2h1.5V2a.5.5 0 0 1 .5-.5h2V0H2Zm2 10.5H2a.5.5 0 0 1-.5-.5V8H0v2a2 2 0 0 0 2 2h2v-1.5ZM8 12v-1.5h2a.5.5 0 0 0 .5-.5V8H12v2a2 2 0 0 1-2 2H8Zm2-12a2 2 0 0 1 2 2v2h-1.5V2a.5.5 0 0 0-.5-.5H8V0h2Z\" \/>\n\t\t\t<\/svg>\n\t\t<\/button><\/figure>\n\n\n\n<p>Si vous voulez en savoir sur l&rsquo;historique des flux migratoires, je vous invite \u00e0 lire <a href=\"https:\/\/leseffrontes.fr\/index.php\/2024\/01\/05\/les-chiffres-de-limmigration-en-france-1\/\">ce billet<\/a><a href=\"https:\/\/leseffrontes.fr\/index.php\/2024\/01\/05\/les-chiffres-de-limmigration-en-france-1\/\"> sur l&rsquo;historique des flux migratoires<\/a>.<\/p>\n\n\n\n<p><\/p>","protected":false},"excerpt":{"rendered":"<p>Marc Vanguard diffuse sur Twitter des \u00e9l\u00e9ments de statistique sur l\u2019immigration. Nous republions son travail sur les Effront\u00e9s dans l\u2019espoir que cela nourrisse chez le lecteur une r\u00e9flexion raisonnable et mesur\u00e9e, au lieu des r\u00e9actions \u00e9motionnelles si fr\u00e9quentes sur ce sujet. \u2014 TB L\u2019origine des immigr\u00e9s L&rsquo;origine des immigr\u00e9s varie&hellip;<\/p>\n<p><a class=\"excerpt-readmore\" href=\"https:\/\/leseffrontes.fr\/index.php\/2024\/06\/15\/les-chiffres-de-limmigration-en-france-4\/\">Read More<\/a><\/p>","protected":false},"author":2,"featured_media":2325,"comment_status":"open","ping_status":"open","sticky":false,"template":"","format":"standard","meta":{"twitterCardType":"","cardImageID":0,"cardImage":"","cardTitle":"","cardDesc":"","cardImageAlt":"","cardPlayer":"","cardPlayerWidth":0,"cardPlayerHeight":0,"cardPlayerStream":"","cardPlayerCodec":"","footnotes":""},"categories":[7],"tags":[33,39,37],"class_list":["post-2312","post","type-post","status-publish","format-standard","has-post-thumbnail","hentry","category-faits","tag-france","tag-immigration","tag-marc-vanguard","odd"],"_links":{"self":[{"href":"https:\/\/leseffrontes.fr\/index.php\/wp-json\/wp\/v2\/posts\/2312","targetHints":{"allow":["GET"]}}],"collection":[{"href":"https:\/\/leseffrontes.fr\/index.php\/wp-json\/wp\/v2\/posts"}],"about":[{"href":"https:\/\/leseffrontes.fr\/index.php\/wp-json\/wp\/v2\/types\/post"}],"author":[{"embeddable":true,"href":"https:\/\/leseffrontes.fr\/index.php\/wp-json\/wp\/v2\/users\/2"}],"replies":[{"embeddable":true,"href":"https:\/\/leseffrontes.fr\/index.php\/wp-json\/wp\/v2\/comments?post=2312"}],"version-history":[{"count":5,"href":"https:\/\/leseffrontes.fr\/index.php\/wp-json\/wp\/v2\/posts\/2312\/revisions"}],"predecessor-version":[{"id":2988,"href":"https:\/\/leseffrontes.fr\/index.php\/wp-json\/wp\/v2\/posts\/2312\/revisions\/2988"}],"wp:featuredmedia":[{"embeddable":true,"href":"https:\/\/leseffrontes.fr\/index.php\/wp-json\/wp\/v2\/media\/2325"}],"wp:attachment":[{"href":"https:\/\/leseffrontes.fr\/index.php\/wp-json\/wp\/v2\/media?parent=2312"}],"wp:term":[{"taxonomy":"category","embeddable":true,"href":"https:\/\/leseffrontes.fr\/index.php\/wp-json\/wp\/v2\/categories?post=2312"},{"taxonomy":"post_tag","embeddable":true,"href":"https:\/\/leseffrontes.fr\/index.php\/wp-json\/wp\/v2\/tags?post=2312"}],"curies":[{"name":"wp","href":"https:\/\/api.w.org\/{rel}","templated":true}]}}