{"id":2498,"date":"2024-09-10T16:17:33","date_gmt":"2024-09-10T14:17:33","guid":{"rendered":"https:\/\/leseffrontes.fr\/?p=2498"},"modified":"2025-05-09T14:41:47","modified_gmt":"2025-05-09T12:41:47","slug":"bilan-economique-des-annees-macron-2","status":"publish","type":"post","link":"https:\/\/leseffrontes.fr\/index.php\/2024\/09\/10\/bilan-economique-des-annees-macron-2\/","title":{"rendered":"Bilan \u00e9conomique des ann\u00e9es Macron (2)"},"content":{"rendered":"\n<h2 class=\"wp-block-heading\">Bilan \u00e9conomique de la France depuis 2017 (2<sup>e<\/sup> partie)<\/h2>\n\n\n\n<p>PIB par habitant, productivit\u00e9, exportations&nbsp;: je vous pr\u00e9sente dans ce billet les chiffres alarmants du d\u00e9clin \u00e9conomique fran\u00e7ais. Ce billet consacr\u00e9 aux grands indicateurs \u00e9conomiques du pays prend la suite de <a href=\"https:\/\/leseffrontes.fr\/index.php\/2024\/08\/08\/bilan-economique-des-annees-macron-1\/\">ma publication pr\u00e9c\u00e9dente sur la crise des comptes publics<\/a>.<\/p>\n\n\n\n<p>Commen\u00e7ons par une bonne nouvelle. Le taux de ch\u00f4mage a baiss\u00e9, passant de 10% mi-2017 \u00e0 7,5% d\u00e9but 2024.<\/p>\n\n\n\n<figure data-wp-context=\"{&quot;imageId&quot;:&quot;69f70cdd293ee&quot;}\" data-wp-interactive=\"core\/image\" data-wp-key=\"69f70cdd293ee\" class=\"wp-block-image size-large wp-lightbox-container\"><img loading=\"lazy\" decoding=\"async\" width=\"1024\" height=\"1024\" data-wp-class--hide=\"state.isContentHidden\" data-wp-class--show=\"state.isContentVisible\" data-wp-init=\"callbacks.setButtonStyles\" data-wp-on--click=\"actions.showLightbox\" data-wp-on--load=\"callbacks.setButtonStyles\" data-wp-on-window--resize=\"callbacks.setButtonStyles\" src=\"https:\/\/leseffrontes.fr\/wp-content\/uploads\/2024\/09\/15_01_recul_du_taux_de_chomage_depuis_2017-1024x1024.jpeg\" alt=\"Depuis 2017 le taux de ch\u00f4mage a recul\u00e9\" class=\"wp-image-2499\" title=\"Depuis 2017 le taux de ch\u00f4mage a recul\u00e9\" srcset=\"https:\/\/leseffrontes.fr\/wp-content\/uploads\/2024\/09\/15_01_recul_du_taux_de_chomage_depuis_2017-1024x1024.jpeg 1024w, https:\/\/leseffrontes.fr\/wp-content\/uploads\/2024\/09\/15_01_recul_du_taux_de_chomage_depuis_2017-300x300.jpeg 300w, https:\/\/leseffrontes.fr\/wp-content\/uploads\/2024\/09\/15_01_recul_du_taux_de_chomage_depuis_2017-150x150.jpeg 150w, https:\/\/leseffrontes.fr\/wp-content\/uploads\/2024\/09\/15_01_recul_du_taux_de_chomage_depuis_2017-768x768.jpeg 768w, https:\/\/leseffrontes.fr\/wp-content\/uploads\/2024\/09\/15_01_recul_du_taux_de_chomage_depuis_2017.jpeg 1200w\" sizes=\"auto, (max-width: 1024px) 100vw, 1024px\" \/><button\n\t\t\tclass=\"lightbox-trigger\"\n\t\t\ttype=\"button\"\n\t\t\taria-haspopup=\"dialog\"\n\t\t\taria-label=\"Agrandir\"\n\t\t\tdata-wp-init=\"callbacks.initTriggerButton\"\n\t\t\tdata-wp-on--click=\"actions.showLightbox\"\n\t\t\tdata-wp-style--right=\"state.imageButtonRight\"\n\t\t\tdata-wp-style--top=\"state.imageButtonTop\"\n\t\t>\n\t\t\t\n<svg xmlns=\"http:\/\/www.w3.org\/2000\/svg\" width=\"12\" height=\"12\" fill=\"none\" viewBox=\"0 0 12 12\">\n\t\t\t\t<path fill=\"#fff\" d=\"M2 0a2 2 0 0 0-2 2v2h1.5V2a.5.5 0 0 1 .5-.5h2V0H2Zm2 10.5H2a.5.5 0 0 1-.5-.5V8H0v2a2 2 0 0 0 2 2h2v-1.5ZM8 12v-1.5h2a.5.5 0 0 0 .5-.5V8H12v2a2 2 0 0 1-2 2H8Zm2-12a2 2 0 0 1 2 2v2h-1.5V2a.5.5 0 0 0-.5-.5H8V0h2Z\" \/>\n\t\t\t<\/svg>\n\t\t<\/button><\/figure>\n\n\n\n<p>En association avec la baisse du ch\u00f4mage, le nombre de personnes en emploi a augment\u00e9 de +7,5% entre mi-2017 et d\u00e9but 2024. Cela repr\u00e9sente 1,9 millions de personnes en emploi suppl\u00e9mentaires, dont 80% dans le secteur tertiaire.<\/p>\n\n\n\n<figure data-wp-context=\"{&quot;imageId&quot;:&quot;69f70cdd29828&quot;}\" data-wp-interactive=\"core\/image\" data-wp-key=\"69f70cdd29828\" class=\"wp-block-image size-large wp-lightbox-container\"><img loading=\"lazy\" decoding=\"async\" width=\"1024\" height=\"1024\" data-wp-class--hide=\"state.isContentHidden\" data-wp-class--show=\"state.isContentVisible\" data-wp-init=\"callbacks.setButtonStyles\" data-wp-on--click=\"actions.showLightbox\" data-wp-on--load=\"callbacks.setButtonStyles\" data-wp-on-window--resize=\"callbacks.setButtonStyles\" src=\"https:\/\/leseffrontes.fr\/wp-content\/uploads\/2024\/09\/15_02_augmentation_du_nombre_de_personnes_en_emploi_depuis_2017-1024x1024.jpeg\" alt=\"Le nombre de personnes en emploi a augment\u00e9 entre 2017 et 2024\" class=\"wp-image-2501\" title=\"Le nombre de personnes en emploi a augment\u00e9 entre 2017 et 2024\" srcset=\"https:\/\/leseffrontes.fr\/wp-content\/uploads\/2024\/09\/15_02_augmentation_du_nombre_de_personnes_en_emploi_depuis_2017-1024x1024.jpeg 1024w, https:\/\/leseffrontes.fr\/wp-content\/uploads\/2024\/09\/15_02_augmentation_du_nombre_de_personnes_en_emploi_depuis_2017-300x300.jpeg 300w, https:\/\/leseffrontes.fr\/wp-content\/uploads\/2024\/09\/15_02_augmentation_du_nombre_de_personnes_en_emploi_depuis_2017-150x150.jpeg 150w, https:\/\/leseffrontes.fr\/wp-content\/uploads\/2024\/09\/15_02_augmentation_du_nombre_de_personnes_en_emploi_depuis_2017-768x768.jpeg 768w, https:\/\/leseffrontes.fr\/wp-content\/uploads\/2024\/09\/15_02_augmentation_du_nombre_de_personnes_en_emploi_depuis_2017.jpeg 1200w\" sizes=\"auto, (max-width: 1024px) 100vw, 1024px\" \/><button\n\t\t\tclass=\"lightbox-trigger\"\n\t\t\ttype=\"button\"\n\t\t\taria-haspopup=\"dialog\"\n\t\t\taria-label=\"Agrandir\"\n\t\t\tdata-wp-init=\"callbacks.initTriggerButton\"\n\t\t\tdata-wp-on--click=\"actions.showLightbox\"\n\t\t\tdata-wp-style--right=\"state.imageButtonRight\"\n\t\t\tdata-wp-style--top=\"state.imageButtonTop\"\n\t\t>\n\t\t\t\n<svg xmlns=\"http:\/\/www.w3.org\/2000\/svg\" width=\"12\" height=\"12\" fill=\"none\" viewBox=\"0 0 12 12\">\n\t\t\t\t<path fill=\"#fff\" d=\"M2 0a2 2 0 0 0-2 2v2h1.5V2a.5.5 0 0 1 .5-.5h2V0H2Zm2 10.5H2a.5.5 0 0 1-.5-.5V8H0v2a2 2 0 0 0 2 2h2v-1.5ZM8 12v-1.5h2a.5.5 0 0 0 .5-.5V8H12v2a2 2 0 0 1-2 2H8Zm2-12a2 2 0 0 1 2 2v2h-1.5V2a.5.5 0 0 0-.5-.5H8V0h2Z\" \/>\n\t\t\t<\/svg>\n\t\t<\/button><\/figure>\n\n\n\n<p>Cependant, la r\u00e9duction de 2 points du taux de ch\u00f4mage en France correspond exactement \u00e0 la moyenne europ\u00e9enne sur la p\u00e9riode. La France n&rsquo;a pas sp\u00e9cialement mieux ou moins bien fait que ses pays voisins.<\/p>\n\n\n\n<figure data-wp-context=\"{&quot;imageId&quot;:&quot;69f70cdd29b9c&quot;}\" data-wp-interactive=\"core\/image\" data-wp-key=\"69f70cdd29b9c\" class=\"wp-block-image size-large wp-lightbox-container\"><img loading=\"lazy\" decoding=\"async\" width=\"1024\" height=\"1024\" data-wp-class--hide=\"state.isContentHidden\" data-wp-class--show=\"state.isContentVisible\" data-wp-init=\"callbacks.setButtonStyles\" data-wp-on--click=\"actions.showLightbox\" data-wp-on--load=\"callbacks.setButtonStyles\" data-wp-on-window--resize=\"callbacks.setButtonStyles\" src=\"https:\/\/leseffrontes.fr\/wp-content\/uploads\/2024\/09\/15_03_baisse_du_chomage_en_france_depuis_2017_dans_la_moyenne_europeenne-1024x1024.jpeg\" alt=\"La baisse du taux de ch\u00f4mage en France depuis 2017 se situe dans la moyenne europ\u00e9enne\" class=\"wp-image-2503\" title=\"La baisse du taux de ch\u00f4mage en France depuis 2017 se situe dans la moyenne europ\u00e9enne\" srcset=\"https:\/\/leseffrontes.fr\/wp-content\/uploads\/2024\/09\/15_03_baisse_du_chomage_en_france_depuis_2017_dans_la_moyenne_europeenne-1024x1024.jpeg 1024w, https:\/\/leseffrontes.fr\/wp-content\/uploads\/2024\/09\/15_03_baisse_du_chomage_en_france_depuis_2017_dans_la_moyenne_europeenne-300x300.jpeg 300w, https:\/\/leseffrontes.fr\/wp-content\/uploads\/2024\/09\/15_03_baisse_du_chomage_en_france_depuis_2017_dans_la_moyenne_europeenne-150x150.jpeg 150w, https:\/\/leseffrontes.fr\/wp-content\/uploads\/2024\/09\/15_03_baisse_du_chomage_en_france_depuis_2017_dans_la_moyenne_europeenne-768x768.jpeg 768w, https:\/\/leseffrontes.fr\/wp-content\/uploads\/2024\/09\/15_03_baisse_du_chomage_en_france_depuis_2017_dans_la_moyenne_europeenne.jpeg 1200w\" sizes=\"auto, (max-width: 1024px) 100vw, 1024px\" \/><button\n\t\t\tclass=\"lightbox-trigger\"\n\t\t\ttype=\"button\"\n\t\t\taria-haspopup=\"dialog\"\n\t\t\taria-label=\"Agrandir\"\n\t\t\tdata-wp-init=\"callbacks.initTriggerButton\"\n\t\t\tdata-wp-on--click=\"actions.showLightbox\"\n\t\t\tdata-wp-style--right=\"state.imageButtonRight\"\n\t\t\tdata-wp-style--top=\"state.imageButtonTop\"\n\t\t>\n\t\t\t\n<svg xmlns=\"http:\/\/www.w3.org\/2000\/svg\" width=\"12\" height=\"12\" fill=\"none\" viewBox=\"0 0 12 12\">\n\t\t\t\t<path fill=\"#fff\" d=\"M2 0a2 2 0 0 0-2 2v2h1.5V2a.5.5 0 0 1 .5-.5h2V0H2Zm2 10.5H2a.5.5 0 0 1-.5-.5V8H0v2a2 2 0 0 0 2 2h2v-1.5ZM8 12v-1.5h2a.5.5 0 0 0 .5-.5V8H12v2a2 2 0 0 1-2 2H8Zm2-12a2 2 0 0 1 2 2v2h-1.5V2a.5.5 0 0 0-.5-.5H8V0h2Z\" \/>\n\t\t\t<\/svg>\n\t\t<\/button><\/figure>\n\n\n\n<p>Par ailleurs, et c&rsquo;est le plus alarmant, les +1,9 millions d&#8217;emplois cr\u00e9\u00e9s sont loin d&rsquo;avoir fait exploser le PIB. Le PIB r\u00e9el par habitant n&rsquo;a augment\u00e9 que de 3% entre 2017 et 2023. C&rsquo;est le 23<sup>e<\/sup> taux de croissance sur l&rsquo;UE-27.<\/p>\n\n\n\n<figure data-wp-context=\"{&quot;imageId&quot;:&quot;69f70cdd29eea&quot;}\" data-wp-interactive=\"core\/image\" data-wp-key=\"69f70cdd29eea\" class=\"wp-block-image size-large wp-lightbox-container\"><img loading=\"lazy\" decoding=\"async\" width=\"906\" height=\"1024\" data-wp-class--hide=\"state.isContentHidden\" data-wp-class--show=\"state.isContentVisible\" data-wp-init=\"callbacks.setButtonStyles\" data-wp-on--click=\"actions.showLightbox\" data-wp-on--load=\"callbacks.setButtonStyles\" data-wp-on-window--resize=\"callbacks.setButtonStyles\" src=\"https:\/\/leseffrontes.fr\/wp-content\/uploads\/2024\/09\/15_04_la_france_23e_de_l_ue_en_termes_de_croissance_par_habitant-906x1024.jpeg\" alt=\"La France 23e de l'UE en termes de croissance du PIB par habitant de 2017 \u00e0 2023\" class=\"wp-image-2504\" title=\"La France 23e de l'UE en termes de croissance du PIB par habitant de 2017 \u00e0 2023\" srcset=\"https:\/\/leseffrontes.fr\/wp-content\/uploads\/2024\/09\/15_04_la_france_23e_de_l_ue_en_termes_de_croissance_par_habitant-906x1024.jpeg 906w, https:\/\/leseffrontes.fr\/wp-content\/uploads\/2024\/09\/15_04_la_france_23e_de_l_ue_en_termes_de_croissance_par_habitant-266x300.jpeg 266w, https:\/\/leseffrontes.fr\/wp-content\/uploads\/2024\/09\/15_04_la_france_23e_de_l_ue_en_termes_de_croissance_par_habitant-768x868.jpeg 768w, https:\/\/leseffrontes.fr\/wp-content\/uploads\/2024\/09\/15_04_la_france_23e_de_l_ue_en_termes_de_croissance_par_habitant.jpeg 1062w\" sizes=\"auto, (max-width: 906px) 100vw, 906px\" \/><button\n\t\t\tclass=\"lightbox-trigger\"\n\t\t\ttype=\"button\"\n\t\t\taria-haspopup=\"dialog\"\n\t\t\taria-label=\"Agrandir\"\n\t\t\tdata-wp-init=\"callbacks.initTriggerButton\"\n\t\t\tdata-wp-on--click=\"actions.showLightbox\"\n\t\t\tdata-wp-style--right=\"state.imageButtonRight\"\n\t\t\tdata-wp-style--top=\"state.imageButtonTop\"\n\t\t>\n\t\t\t\n<svg xmlns=\"http:\/\/www.w3.org\/2000\/svg\" width=\"12\" height=\"12\" fill=\"none\" viewBox=\"0 0 12 12\">\n\t\t\t\t<path fill=\"#fff\" d=\"M2 0a2 2 0 0 0-2 2v2h1.5V2a.5.5 0 0 1 .5-.5h2V0H2Zm2 10.5H2a.5.5 0 0 1-.5-.5V8H0v2a2 2 0 0 0 2 2h2v-1.5ZM8 12v-1.5h2a.5.5 0 0 0 .5-.5V8H12v2a2 2 0 0 1-2 2H8Zm2-12a2 2 0 0 1 2 2v2h-1.5V2a.5.5 0 0 0-.5-.5H8V0h2Z\" \/>\n\t\t\t<\/svg>\n\t\t<\/button><\/figure>\n\n\n\n<p>La France est m\u00eame l&rsquo;un des deux seuls pays de l&rsquo;OCDE (avec le Mexique) dont la productivit\u00e9 a recul\u00e9 de 2017 \u00e0 2022. Notre PIB produit par heure travaill\u00e9e a baiss\u00e9 de 3%, contre des hausses de 16% en Isra\u00ebl, 14% en Cor\u00e9e, 9% en Suisse, 8% en Su\u00e8de, ou 3% en Allemagne.<\/p>\n\n\n\n<figure data-wp-context=\"{&quot;imageId&quot;:&quot;69f70cdd2a224&quot;}\" data-wp-interactive=\"core\/image\" data-wp-key=\"69f70cdd2a224\" class=\"wp-block-image size-large wp-lightbox-container\"><img loading=\"lazy\" decoding=\"async\" width=\"743\" height=\"1024\" data-wp-class--hide=\"state.isContentHidden\" data-wp-class--show=\"state.isContentVisible\" data-wp-init=\"callbacks.setButtonStyles\" data-wp-on--click=\"actions.showLightbox\" data-wp-on--load=\"callbacks.setButtonStyles\" data-wp-on-window--resize=\"callbacks.setButtonStyles\" src=\"https:\/\/leseffrontes.fr\/wp-content\/uploads\/2024\/09\/15_05_evolution_du_pib_par_heure_travaillee_en_france-743x1024.jpeg\" alt=\"\u00c9volution du PIB par heure travaill\u00e9e au sein de l'OCDE, seul le Mexique fait pire que la France\" class=\"wp-image-2506\" title=\"\u00c9volution du PIB par heure travaill\u00e9e au sein de l'OCDE, seul le Mexique fait pire que la France\" srcset=\"https:\/\/leseffrontes.fr\/wp-content\/uploads\/2024\/09\/15_05_evolution_du_pib_par_heure_travaillee_en_france-743x1024.jpeg 743w, https:\/\/leseffrontes.fr\/wp-content\/uploads\/2024\/09\/15_05_evolution_du_pib_par_heure_travaillee_en_france-218x300.jpeg 218w, https:\/\/leseffrontes.fr\/wp-content\/uploads\/2024\/09\/15_05_evolution_du_pib_par_heure_travaillee_en_france-768x1058.jpeg 768w, https:\/\/leseffrontes.fr\/wp-content\/uploads\/2024\/09\/15_05_evolution_du_pib_par_heure_travaillee_en_france-400x550.jpeg 400w, https:\/\/leseffrontes.fr\/wp-content\/uploads\/2024\/09\/15_05_evolution_du_pib_par_heure_travaillee_en_france.jpeg 871w\" sizes=\"auto, (max-width: 743px) 100vw, 743px\" \/><button\n\t\t\tclass=\"lightbox-trigger\"\n\t\t\ttype=\"button\"\n\t\t\taria-haspopup=\"dialog\"\n\t\t\taria-label=\"Agrandir\"\n\t\t\tdata-wp-init=\"callbacks.initTriggerButton\"\n\t\t\tdata-wp-on--click=\"actions.showLightbox\"\n\t\t\tdata-wp-style--right=\"state.imageButtonRight\"\n\t\t\tdata-wp-style--top=\"state.imageButtonTop\"\n\t\t>\n\t\t\t\n<svg xmlns=\"http:\/\/www.w3.org\/2000\/svg\" width=\"12\" height=\"12\" fill=\"none\" viewBox=\"0 0 12 12\">\n\t\t\t\t<path fill=\"#fff\" d=\"M2 0a2 2 0 0 0-2 2v2h1.5V2a.5.5 0 0 1 .5-.5h2V0H2Zm2 10.5H2a.5.5 0 0 1-.5-.5V8H0v2a2 2 0 0 0 2 2h2v-1.5ZM8 12v-1.5h2a.5.5 0 0 0 .5-.5V8H12v2a2 2 0 0 1-2 2H8Zm2-12a2 2 0 0 1 2 2v2h-1.5V2a.5.5 0 0 0-.5-.5H8V0h2Z\" \/>\n\t\t\t<\/svg>\n\t\t<\/button><\/figure>\n\n\n\n<p>La contribution \u00e9conomique des 1,3 millions d&#8217;emplois cr\u00e9\u00e9s dans le tertiaire depuis 2017 semble donc assez discutable. Entre temps, seuls 130.000 emplois ont \u00e9t\u00e9 cr\u00e9\u00e9s dans l&rsquo;industrie, d&rsquo;apr\u00e8s l&rsquo;INSEE. Mais est-ce vraiment mieux chez nos voisins europ\u00e9ens&nbsp;? Oui. Entre 2017 et 2022, la part des emplois industriels dans le total des emplois a recul\u00e9 de 6% en France, alors qu&rsquo;elle a augment\u00e9 de 3% en Italie ou baiss\u00e9 \u00ab&nbsp;seulement&nbsp;\u00bb de 3% au Portugal.<\/p>\n\n\n\n<figure data-wp-context=\"{&quot;imageId&quot;:&quot;69f70cdd2a55d&quot;}\" data-wp-interactive=\"core\/image\" data-wp-key=\"69f70cdd2a55d\" class=\"wp-block-image size-large wp-lightbox-container\"><img loading=\"lazy\" decoding=\"async\" width=\"1024\" height=\"1024\" data-wp-class--hide=\"state.isContentHidden\" data-wp-class--show=\"state.isContentVisible\" data-wp-init=\"callbacks.setButtonStyles\" data-wp-on--click=\"actions.showLightbox\" data-wp-on--load=\"callbacks.setButtonStyles\" data-wp-on-window--resize=\"callbacks.setButtonStyles\" src=\"https:\/\/leseffrontes.fr\/wp-content\/uploads\/2024\/09\/15_06_recul_de_la_part_des_emplois_industriels_en_france-1024x1024.jpeg\" alt=\"La part des emplois industriels a recul\u00e9 en France plus qu'ailleurs\" class=\"wp-image-2507\" title=\"La part des emplois industriels a recul\u00e9 en France plus qu'ailleurs\" srcset=\"https:\/\/leseffrontes.fr\/wp-content\/uploads\/2024\/09\/15_06_recul_de_la_part_des_emplois_industriels_en_france-1024x1024.jpeg 1024w, https:\/\/leseffrontes.fr\/wp-content\/uploads\/2024\/09\/15_06_recul_de_la_part_des_emplois_industriels_en_france-300x300.jpeg 300w, https:\/\/leseffrontes.fr\/wp-content\/uploads\/2024\/09\/15_06_recul_de_la_part_des_emplois_industriels_en_france-150x150.jpeg 150w, https:\/\/leseffrontes.fr\/wp-content\/uploads\/2024\/09\/15_06_recul_de_la_part_des_emplois_industriels_en_france-768x768.jpeg 768w, https:\/\/leseffrontes.fr\/wp-content\/uploads\/2024\/09\/15_06_recul_de_la_part_des_emplois_industriels_en_france.jpeg 1200w\" sizes=\"auto, (max-width: 1024px) 100vw, 1024px\" \/><button\n\t\t\tclass=\"lightbox-trigger\"\n\t\t\ttype=\"button\"\n\t\t\taria-haspopup=\"dialog\"\n\t\t\taria-label=\"Agrandir\"\n\t\t\tdata-wp-init=\"callbacks.initTriggerButton\"\n\t\t\tdata-wp-on--click=\"actions.showLightbox\"\n\t\t\tdata-wp-style--right=\"state.imageButtonRight\"\n\t\t\tdata-wp-style--top=\"state.imageButtonTop\"\n\t\t>\n\t\t\t\n<svg xmlns=\"http:\/\/www.w3.org\/2000\/svg\" width=\"12\" height=\"12\" fill=\"none\" viewBox=\"0 0 12 12\">\n\t\t\t\t<path fill=\"#fff\" d=\"M2 0a2 2 0 0 0-2 2v2h1.5V2a.5.5 0 0 1 .5-.5h2V0H2Zm2 10.5H2a.5.5 0 0 1-.5-.5V8H0v2a2 2 0 0 0 2 2h2v-1.5ZM8 12v-1.5h2a.5.5 0 0 0 .5-.5V8H12v2a2 2 0 0 1-2 2H8Zm2-12a2 2 0 0 1 2 2v2h-1.5V2a.5.5 0 0 0-.5-.5H8V0h2Z\" \/>\n\t\t\t<\/svg>\n\t\t<\/button><\/figure>\n\n\n\n<p>Notre industrie est mal en point. La production industrielle fran\u00e7aise en 2023 est toujours 5% plus faible qu&rsquo;en 2017. Cette tendance est moins bonne qu&rsquo;en Espagne, Italie ou au Pays-Bas, mais tout de m\u00eame meilleure qu&rsquo;en Allemagne<\/p>\n\n\n\n<figure data-wp-context=\"{&quot;imageId&quot;:&quot;69f70cdd2a89c&quot;}\" data-wp-interactive=\"core\/image\" data-wp-key=\"69f70cdd2a89c\" class=\"wp-block-image size-large wp-lightbox-container\"><img loading=\"lazy\" decoding=\"async\" width=\"1024\" height=\"1024\" data-wp-class--hide=\"state.isContentHidden\" data-wp-class--show=\"state.isContentVisible\" data-wp-init=\"callbacks.setButtonStyles\" data-wp-on--click=\"actions.showLightbox\" data-wp-on--load=\"callbacks.setButtonStyles\" data-wp-on-window--resize=\"callbacks.setButtonStyles\" src=\"https:\/\/leseffrontes.fr\/wp-content\/uploads\/2024\/09\/15_07_france_pas_de_retour_au_niveau_industriel_de_2017-1024x1024.jpeg\" alt=\"La production industrielle en France n'a pas retrouv\u00e9 son niveau de 2017\" class=\"wp-image-2508\" title=\"La production industrielle en France n'a pas retrouv\u00e9 son niveau de 2017\" srcset=\"https:\/\/leseffrontes.fr\/wp-content\/uploads\/2024\/09\/15_07_france_pas_de_retour_au_niveau_industriel_de_2017-1024x1024.jpeg 1024w, https:\/\/leseffrontes.fr\/wp-content\/uploads\/2024\/09\/15_07_france_pas_de_retour_au_niveau_industriel_de_2017-300x300.jpeg 300w, https:\/\/leseffrontes.fr\/wp-content\/uploads\/2024\/09\/15_07_france_pas_de_retour_au_niveau_industriel_de_2017-150x150.jpeg 150w, https:\/\/leseffrontes.fr\/wp-content\/uploads\/2024\/09\/15_07_france_pas_de_retour_au_niveau_industriel_de_2017-768x768.jpeg 768w, https:\/\/leseffrontes.fr\/wp-content\/uploads\/2024\/09\/15_07_france_pas_de_retour_au_niveau_industriel_de_2017.jpeg 1200w\" sizes=\"auto, (max-width: 1024px) 100vw, 1024px\" \/><button\n\t\t\tclass=\"lightbox-trigger\"\n\t\t\ttype=\"button\"\n\t\t\taria-haspopup=\"dialog\"\n\t\t\taria-label=\"Agrandir\"\n\t\t\tdata-wp-init=\"callbacks.initTriggerButton\"\n\t\t\tdata-wp-on--click=\"actions.showLightbox\"\n\t\t\tdata-wp-style--right=\"state.imageButtonRight\"\n\t\t\tdata-wp-style--top=\"state.imageButtonTop\"\n\t\t>\n\t\t\t\n<svg xmlns=\"http:\/\/www.w3.org\/2000\/svg\" width=\"12\" height=\"12\" fill=\"none\" viewBox=\"0 0 12 12\">\n\t\t\t\t<path fill=\"#fff\" d=\"M2 0a2 2 0 0 0-2 2v2h1.5V2a.5.5 0 0 1 .5-.5h2V0H2Zm2 10.5H2a.5.5 0 0 1-.5-.5V8H0v2a2 2 0 0 0 2 2h2v-1.5ZM8 12v-1.5h2a.5.5 0 0 0 .5-.5V8H12v2a2 2 0 0 1-2 2H8Zm2-12a2 2 0 0 1 2 2v2h-1.5V2a.5.5 0 0 0-.5-.5H8V0h2Z\" \/>\n\t\t\t<\/svg>\n\t\t<\/button><\/figure>\n\n\n\n<p>En fin de compte, la r\u00e9industrialisation promise n&rsquo;a pas (encore&nbsp;?) eu lieu&nbsp;: la part de l&rsquo;industrie dans le PIB fran\u00e7ais continue son (tr\u00e8s) lent recul. De 17,9% en 2012, elle a baiss\u00e9 \u00e0 17,2% en 2017, et s&rsquo;\u00e9tablit \u00e0 16,8% en 2022<\/p>\n\n\n\n<figure data-wp-context=\"{&quot;imageId&quot;:&quot;69f70cdd2abc0&quot;}\" data-wp-interactive=\"core\/image\" data-wp-key=\"69f70cdd2abc0\" class=\"wp-block-image size-large wp-lightbox-container\"><img loading=\"lazy\" decoding=\"async\" width=\"1024\" height=\"1024\" data-wp-class--hide=\"state.isContentHidden\" data-wp-class--show=\"state.isContentVisible\" data-wp-init=\"callbacks.setButtonStyles\" data-wp-on--click=\"actions.showLightbox\" data-wp-on--load=\"callbacks.setButtonStyles\" data-wp-on-window--resize=\"callbacks.setButtonStyles\" src=\"https:\/\/leseffrontes.fr\/wp-content\/uploads\/2024\/09\/15_08_france_la_reindustrialisation_n_a_pas_eu_lieu-1024x1024.jpeg\" alt=\"La r\u00e9industrialisation n'a pas eu lieu&nbsp;: la part de l'industrie dans le PIB poursuit son lent recul\" class=\"wp-image-2509\" title=\"La r\u00e9industrialisation n'a pas eu lieu&nbsp;: la part de l'industrie dans le PIB poursuit son lent recul\" srcset=\"https:\/\/leseffrontes.fr\/wp-content\/uploads\/2024\/09\/15_08_france_la_reindustrialisation_n_a_pas_eu_lieu-1024x1024.jpeg 1024w, https:\/\/leseffrontes.fr\/wp-content\/uploads\/2024\/09\/15_08_france_la_reindustrialisation_n_a_pas_eu_lieu-300x300.jpeg 300w, https:\/\/leseffrontes.fr\/wp-content\/uploads\/2024\/09\/15_08_france_la_reindustrialisation_n_a_pas_eu_lieu-150x150.jpeg 150w, https:\/\/leseffrontes.fr\/wp-content\/uploads\/2024\/09\/15_08_france_la_reindustrialisation_n_a_pas_eu_lieu-768x768.jpeg 768w, https:\/\/leseffrontes.fr\/wp-content\/uploads\/2024\/09\/15_08_france_la_reindustrialisation_n_a_pas_eu_lieu.jpeg 1200w\" sizes=\"auto, (max-width: 1024px) 100vw, 1024px\" \/><button\n\t\t\tclass=\"lightbox-trigger\"\n\t\t\ttype=\"button\"\n\t\t\taria-haspopup=\"dialog\"\n\t\t\taria-label=\"Agrandir\"\n\t\t\tdata-wp-init=\"callbacks.initTriggerButton\"\n\t\t\tdata-wp-on--click=\"actions.showLightbox\"\n\t\t\tdata-wp-style--right=\"state.imageButtonRight\"\n\t\t\tdata-wp-style--top=\"state.imageButtonTop\"\n\t\t>\n\t\t\t\n<svg xmlns=\"http:\/\/www.w3.org\/2000\/svg\" width=\"12\" height=\"12\" fill=\"none\" viewBox=\"0 0 12 12\">\n\t\t\t\t<path fill=\"#fff\" d=\"M2 0a2 2 0 0 0-2 2v2h1.5V2a.5.5 0 0 1 .5-.5h2V0H2Zm2 10.5H2a.5.5 0 0 1-.5-.5V8H0v2a2 2 0 0 0 2 2h2v-1.5ZM8 12v-1.5h2a.5.5 0 0 0 .5-.5V8H12v2a2 2 0 0 1-2 2H8Zm2-12a2 2 0 0 1 2 2v2h-1.5V2a.5.5 0 0 0-.5-.5H8V0h2Z\" \/>\n\t\t\t<\/svg>\n\t\t<\/button><\/figure>\n\n\n\n<p>Tout cela n&rsquo;aide pas la hausse des exportations fran\u00e7aises de marchandises. Celle-ci est de +21% de 2017 \u00e0 2023. Mais seuls 3 pays de l&rsquo;UE font pire que la France (la moyenne europ\u00e9enne est \u00e0 +33%). Nous verrons que cela ne suffit pas \u00e0 \u00e9quilibrer la balance commerciale&#8230;<\/p>\n\n\n\n<figure data-wp-context=\"{&quot;imageId&quot;:&quot;69f70cdd2af07&quot;}\" data-wp-interactive=\"core\/image\" data-wp-key=\"69f70cdd2af07\" class=\"wp-block-image size-large wp-lightbox-container\"><img loading=\"lazy\" decoding=\"async\" width=\"1024\" height=\"1024\" data-wp-class--hide=\"state.isContentHidden\" data-wp-class--show=\"state.isContentVisible\" data-wp-init=\"callbacks.setButtonStyles\" data-wp-on--click=\"actions.showLightbox\" data-wp-on--load=\"callbacks.setButtonStyles\" data-wp-on-window--resize=\"callbacks.setButtonStyles\" src=\"https:\/\/leseffrontes.fr\/wp-content\/uploads\/2024\/09\/15_09_france_faible_croissance_des_exportations-1024x1024.jpeg\" alt=\"La croissance des exportations fran\u00e7aises est \u00e0 la tra\u00eene&nbsp;: depuis 2017, seuls 3 pays de l'UE font pire\" class=\"wp-image-2510\" title=\"La croissance des exportations fran\u00e7aises est \u00e0 la tra\u00eene&nbsp;: depuis 2017, seuls 3 pays de l'UE font pire\" srcset=\"https:\/\/leseffrontes.fr\/wp-content\/uploads\/2024\/09\/15_09_france_faible_croissance_des_exportations-1024x1024.jpeg 1024w, https:\/\/leseffrontes.fr\/wp-content\/uploads\/2024\/09\/15_09_france_faible_croissance_des_exportations-300x300.jpeg 300w, https:\/\/leseffrontes.fr\/wp-content\/uploads\/2024\/09\/15_09_france_faible_croissance_des_exportations-150x150.jpeg 150w, https:\/\/leseffrontes.fr\/wp-content\/uploads\/2024\/09\/15_09_france_faible_croissance_des_exportations-768x768.jpeg 768w, https:\/\/leseffrontes.fr\/wp-content\/uploads\/2024\/09\/15_09_france_faible_croissance_des_exportations.jpeg 1200w\" sizes=\"auto, (max-width: 1024px) 100vw, 1024px\" \/><button\n\t\t\tclass=\"lightbox-trigger\"\n\t\t\ttype=\"button\"\n\t\t\taria-haspopup=\"dialog\"\n\t\t\taria-label=\"Agrandir\"\n\t\t\tdata-wp-init=\"callbacks.initTriggerButton\"\n\t\t\tdata-wp-on--click=\"actions.showLightbox\"\n\t\t\tdata-wp-style--right=\"state.imageButtonRight\"\n\t\t\tdata-wp-style--top=\"state.imageButtonTop\"\n\t\t>\n\t\t\t\n<svg xmlns=\"http:\/\/www.w3.org\/2000\/svg\" width=\"12\" height=\"12\" fill=\"none\" viewBox=\"0 0 12 12\">\n\t\t\t\t<path fill=\"#fff\" d=\"M2 0a2 2 0 0 0-2 2v2h1.5V2a.5.5 0 0 1 .5-.5h2V0H2Zm2 10.5H2a.5.5 0 0 1-.5-.5V8H0v2a2 2 0 0 0 2 2h2v-1.5ZM8 12v-1.5h2a.5.5 0 0 0 .5-.5V8H12v2a2 2 0 0 1-2 2H8Zm2-12a2 2 0 0 1 2 2v2h-1.5V2a.5.5 0 0 0-.5-.5H8V0h2Z\" \/>\n\t\t\t<\/svg>\n\t\t<\/button><\/figure>\n\n\n\n<p>En fin de compte, la France est largement d\u00e9ficitaire dans ses \u00e9changes commerciaux. Ce d\u00e9ficit a m\u00eame tripl\u00e9 depuis 2017, et s&rsquo;\u00e9tablit \u00e0 -56 milliards d&rsquo;euros pour l&rsquo;ann\u00e9e 2023.<\/p>\n\n\n\n<figure data-wp-context=\"{&quot;imageId&quot;:&quot;69f70cdd2b221&quot;}\" data-wp-interactive=\"core\/image\" data-wp-key=\"69f70cdd2b221\" class=\"wp-block-image size-large wp-lightbox-container\"><img loading=\"lazy\" decoding=\"async\" width=\"1024\" height=\"1024\" data-wp-class--hide=\"state.isContentHidden\" data-wp-class--show=\"state.isContentVisible\" data-wp-init=\"callbacks.setButtonStyles\" data-wp-on--click=\"actions.showLightbox\" data-wp-on--load=\"callbacks.setButtonStyles\" data-wp-on-window--resize=\"callbacks.setButtonStyles\" src=\"https:\/\/leseffrontes.fr\/wp-content\/uploads\/2024\/09\/15_10_france_triplement_du_deficit_commercial_depuis_2017-1024x1024.jpeg\" alt=\"Le d\u00e9ficit de la balance commerciale fran\u00e7aise a tripl\u00e9 depuis 2017\" class=\"wp-image-2511\" title=\"Le d\u00e9ficit de la balance commerciale fran\u00e7aise a tripl\u00e9 depuis 2017\" srcset=\"https:\/\/leseffrontes.fr\/wp-content\/uploads\/2024\/09\/15_10_france_triplement_du_deficit_commercial_depuis_2017-1024x1024.jpeg 1024w, https:\/\/leseffrontes.fr\/wp-content\/uploads\/2024\/09\/15_10_france_triplement_du_deficit_commercial_depuis_2017-300x300.jpeg 300w, https:\/\/leseffrontes.fr\/wp-content\/uploads\/2024\/09\/15_10_france_triplement_du_deficit_commercial_depuis_2017-150x150.jpeg 150w, https:\/\/leseffrontes.fr\/wp-content\/uploads\/2024\/09\/15_10_france_triplement_du_deficit_commercial_depuis_2017-768x768.jpeg 768w, https:\/\/leseffrontes.fr\/wp-content\/uploads\/2024\/09\/15_10_france_triplement_du_deficit_commercial_depuis_2017.jpeg 1200w\" sizes=\"auto, (max-width: 1024px) 100vw, 1024px\" \/><button\n\t\t\tclass=\"lightbox-trigger\"\n\t\t\ttype=\"button\"\n\t\t\taria-haspopup=\"dialog\"\n\t\t\taria-label=\"Agrandir\"\n\t\t\tdata-wp-init=\"callbacks.initTriggerButton\"\n\t\t\tdata-wp-on--click=\"actions.showLightbox\"\n\t\t\tdata-wp-style--right=\"state.imageButtonRight\"\n\t\t\tdata-wp-style--top=\"state.imageButtonTop\"\n\t\t>\n\t\t\t\n<svg xmlns=\"http:\/\/www.w3.org\/2000\/svg\" width=\"12\" height=\"12\" fill=\"none\" viewBox=\"0 0 12 12\">\n\t\t\t\t<path fill=\"#fff\" d=\"M2 0a2 2 0 0 0-2 2v2h1.5V2a.5.5 0 0 1 .5-.5h2V0H2Zm2 10.5H2a.5.5 0 0 1-.5-.5V8H0v2a2 2 0 0 0 2 2h2v-1.5ZM8 12v-1.5h2a.5.5 0 0 0 .5-.5V8H12v2a2 2 0 0 1-2 2H8Zm2-12a2 2 0 0 1 2 2v2h-1.5V2a.5.5 0 0 0-.5-.5H8V0h2Z\" \/>\n\t\t\t<\/svg>\n\t\t<\/button><\/figure>\n\n\n\n<h2 class=\"wp-block-heading\">Conclusion<\/h2>\n\n\n\n<p>Croissance atone, productivit\u00e9 en recul, d\u00e9clin industriel, effondrement de la balance commerciale\u2026 Ces indicateurs \u00e9conomiques alarmants sont \u00e0 remettre dans le contexte d&rsquo;une faible am\u00e9lioration des conditions de vie des Fran\u00e7ais. Si ce n&rsquo;est un recul. Pouvoir d&rsquo;achat, pauvret\u00e9, d\u00e9clin du syst\u00e8me de sant\u00e9\u2026 Autant d&rsquo;enjeux qui p\u00e8sent sur la confiance des Fran\u00e7ais en l&rsquo;avenir.<\/p>\n\n\n\n<p>Si ce billet vous a int\u00e9ress\u00e9, pensez \u00e0 le partager&nbsp;!<\/p>\n\n\n\n<p>(<a href=\"https:\/\/leseffrontes.fr\/index.php\/2024\/10\/06\/bilan-economique-des-annees-macron-3\/\">Troisi\u00e8me partie&#8230;<\/a>)<\/p>","protected":false},"excerpt":{"rendered":"<p>Bilan \u00e9conomique de la France depuis 2017 (2e partie) PIB par habitant, productivit\u00e9, exportations&nbsp;: je vous pr\u00e9sente dans ce billet les chiffres alarmants du d\u00e9clin \u00e9conomique fran\u00e7ais. Ce billet consacr\u00e9 aux grands indicateurs \u00e9conomiques du pays prend la suite de ma publication pr\u00e9c\u00e9dente sur la crise des comptes publics. Commen\u00e7ons&hellip;<\/p>\n<p><a class=\"excerpt-readmore\" href=\"https:\/\/leseffrontes.fr\/index.php\/2024\/09\/10\/bilan-economique-des-annees-macron-2\/\">Read More<\/a><\/p>","protected":false},"author":2,"featured_media":2512,"comment_status":"open","ping_status":"open","sticky":false,"template":"","format":"standard","meta":{"twitterCardType":"","cardImageID":0,"cardImage":"","cardTitle":"","cardDesc":"","cardImageAlt":"","cardPlayer":"","cardPlayerWidth":0,"cardPlayerHeight":0,"cardPlayerStream":"","cardPlayerCodec":"","footnotes":""},"categories":[7],"tags":[69,75,33,37,68],"class_list":["post-2498","post","type-post","status-publish","format-standard","has-post-thumbnail","hentry","category-faits","tag-economie","tag-emmanuel-macron","tag-france","tag-marc-vanguard","tag-politique","odd"],"_links":{"self":[{"href":"https:\/\/leseffrontes.fr\/index.php\/wp-json\/wp\/v2\/posts\/2498","targetHints":{"allow":["GET"]}}],"collection":[{"href":"https:\/\/leseffrontes.fr\/index.php\/wp-json\/wp\/v2\/posts"}],"about":[{"href":"https:\/\/leseffrontes.fr\/index.php\/wp-json\/wp\/v2\/types\/post"}],"author":[{"embeddable":true,"href":"https:\/\/leseffrontes.fr\/index.php\/wp-json\/wp\/v2\/users\/2"}],"replies":[{"embeddable":true,"href":"https:\/\/leseffrontes.fr\/index.php\/wp-json\/wp\/v2\/comments?post=2498"}],"version-history":[{"count":8,"href":"https:\/\/leseffrontes.fr\/index.php\/wp-json\/wp\/v2\/posts\/2498\/revisions"}],"predecessor-version":[{"id":2983,"href":"https:\/\/leseffrontes.fr\/index.php\/wp-json\/wp\/v2\/posts\/2498\/revisions\/2983"}],"wp:featuredmedia":[{"embeddable":true,"href":"https:\/\/leseffrontes.fr\/index.php\/wp-json\/wp\/v2\/media\/2512"}],"wp:attachment":[{"href":"https:\/\/leseffrontes.fr\/index.php\/wp-json\/wp\/v2\/media?parent=2498"}],"wp:term":[{"taxonomy":"category","embeddable":true,"href":"https:\/\/leseffrontes.fr\/index.php\/wp-json\/wp\/v2\/categories?post=2498"},{"taxonomy":"post_tag","embeddable":true,"href":"https:\/\/leseffrontes.fr\/index.php\/wp-json\/wp\/v2\/tags?post=2498"}],"curies":[{"name":"wp","href":"https:\/\/api.w.org\/{rel}","templated":true}]}}