{"id":2559,"date":"2024-09-30T17:26:04","date_gmt":"2024-09-30T15:26:04","guid":{"rendered":"https:\/\/leseffrontes.fr\/?p=2559"},"modified":"2024-10-01T17:27:43","modified_gmt":"2024-10-01T15:27:43","slug":"les-effrontees-du-mois-de-septembre-2024-cecilia-et-peppina","status":"publish","type":"post","link":"https:\/\/leseffrontes.fr\/index.php\/2024\/09\/30\/les-effrontees-du-mois-de-septembre-2024-cecilia-et-peppina\/","title":{"rendered":"Les Effront\u00e9es du mois de septembre 2024\u00a0: Cecilia et Peppina"},"content":{"rendered":"\n<blockquote class=\"wp-block-quote is-layout-flow wp-block-quote-is-layout-flow\">\n<p>\u2014 Cecilia, tu penses \u00e0 racheter de la cr\u00e8me solaire&nbsp;?<\/p>\n\n\n\n<p>\u2014 Oui, j\u2019y pense.<\/p>\n\n\n\n<p>\u2014 Tu ne l\u2019as pas fait hier.<\/p>\n\n\n\n<p>\u2014 Il n\u2019y en avait plus \u00e0 la sup\u00e9rette. C\u2019est la fin de la saison.<\/p>\n\n\n\n<p>\u2014 Ben et la pharmacie, alors&nbsp;?<\/p>\n\n\n\n<p>\u2014 Je n\u2019y ai pas pens\u00e9\u2026<\/p>\n\n\n\n<p>\u2014 \u00c9videmment&nbsp;!<\/p>\n\n\n\n<p>\u2014 Peppina, as-tu vu <a href=\"https:\/\/leseffrontes.fr\/index.php\/2022\/03\/12\/pourquoi-les-femmes-demandent-elles-plus-souvent-le-divorce-que-les-hommes\/\">les statistiques des s\u00e9parations chez les couples homosexuels<\/a>&nbsp;?<\/p>\n\n\n\n<p>\u2014 Il n&rsquo;y a rien \u00e0 en dire, \u00e0 moins d&rsquo;une \u00e9tude approfondie sur les raisons sociologiques. Pourquoi tu en parles&nbsp;?<\/p>\n\n\n\n<p>\u2014 Pour rien. Enfin\u2026 Les <em>gays<\/em> sont si fid\u00e8les\u2026<\/p>\n\n\n\n<p>\u2014 Y a-t-il autant d&rsquo;hommes, parmi les homosexuels qui se marient, que de femmes&nbsp;?<\/p>\n\n\n\n<p>\u2014 Je ne sais pas. Je crois que les s\u00e9parations sont exprim\u00e9es en pourcentage&#8230;<\/p>\n\n\n\n<p>\u2014 Dans les mariages h\u00e9t\u00e9ro, les femmes sont-elles autant ind\u00e9pendantes que dans les mariages lesbiens&nbsp;?<\/p>\n\n\n\n<p>\u2014 Sans doute que non.<\/p>\n\n\n\n<p>\u2014 Bien s\u00fbr que non. Que veulent-ils faire dire aux statistiques&nbsp;?<\/p>\n\n\n\n<p>\u2014 Je ne sais pas\u2026 C\u2019est \u00e9tonnant. Parfois j\u2019aimerais \u00eatre dans un couple d\u2019hommes.<\/p>\n\n\n\n<p>\u2014 Tu n\u2019es pas s\u00e9rieuse\u00a0! Partager l&rsquo;interpr\u00e9tation misogyne de je-ne-sais-qui \u00e0 partir de statistiques qui, une fois de plus, peuvent vouloir dire toute sorte de choses&#8230; D\u00e9j\u00e0, on ignore si les couples homosexuels masculins se marient autant que les lesbiens.<\/p>\n\n\n\n<p>\u2014 C\u2019est en pourcentage\u2026<\/p>\n\n\n\n<p>\u2014 PENSES \u00e0 reprendre de la cr\u00e8me solaire ce soir, Cecilia.<\/p>\n\n\n\n<p>\u2014 J\u2019y pense.<\/p>\n\n\n\n<p>\u2014 Il existe certainement de nombreuses raisons qui am\u00e8nent \u00e0 ces statistiques. Tant qu&rsquo;aucune \u00e9tude approfondie n&rsquo;est men\u00e9e, il n&rsquo;est pas possible d&rsquo;avoir une opinion d\u00e9finitive. D\u00e9j\u00e0, les couples masculins se marient \u00e0 un \u00e2ge plus avanc\u00e9 que les f\u00e9minins. Ayant une relation plus ancienne que celle des jeunes femmes, elle est donc plus solide. Un exemple parmi d&rsquo;autres de tous les \u00e9l\u00e9ments pouvant expliquer cela.<\/p>\n\n\n\n<p>\u2014 L\u2019\u00e2ge moyen de mariage, pour les lesbiennes, n\u2019est que deux ans et quelques de moins que pour les <em>gays<\/em>. Cela ne me semble pas une grande diff\u00e9rence d\u2019\u00e2ge.<\/p>\n\n\n\n<p>\u2014 C\u2019est dr\u00f4le cette obstination que tu as \u00e0 me pr\u00e9senter, non pas des donn\u00e9es, telles qu\u2019elles sont, avec la lecture qu\u2019en font des chercheuses connues, venant d\u2019universit\u00e9s soutenant la cause LGBT, mais des petites critiques d\u2019inconnus frustr\u00e9s et misogynes&nbsp;!<\/p>\n\n\n\n<p>\u2014 Il para\u00eet\u2026 Je ne dis pas que c\u2019est vrai, mais certains disent\u2026 que <a href=\"https:\/\/leseffrontes.fr\/index.php\/2024\/01\/12\/le-mythe-de-la-misogynie-1\/\">la misogynie serait un peu un mythe<\/a>.<\/p>\n\n\n\n<p>\u2014 Ah ouais&nbsp;? Un mythe carr\u00e9ment&nbsp;? T&rsquo;es une merde, Cecilia.<\/p>\n\n\n\n<p>\u2014 Peppina&nbsp;!<\/p>\n\n\n\n<p>\u2014 Tu as pens\u00e9 \u00e0 racheter du concombre pour ce soir&nbsp;? TU Y AS PENS\u00c9&nbsp;?<\/p>\n\n\n\n<p>\u2014 Peppina\u2026 Je ne peux plus. Je voudrais&#8230; qu\u2019on se s\u00e9pare. Je&#8230;<\/p>\n\n\n\n<p>\u2014 Il manque aussi des cahou\u00e8tes.<\/p>\n\n\n\n<p>\u2014 J\u2019ai pens\u00e9 \u00e0 tes cacahu\u00e8tes.<\/p>\n\n\n\n<p>\u2014 M\u2019en fiche, plus envie.<\/p>\n\n\n\n<p>\u2014 Moi non plus.<\/p>\n<\/blockquote>\n\n\n\n<p>Illustration\u00a0: <em>Sunbathers<\/em>, par William Russel Flint, XX<sup>e<\/sup> si\u00e8cle<\/p>","protected":false},"excerpt":{"rendered":"<p>\u2014 Cecilia, tu penses \u00e0 racheter de la cr\u00e8me solaire&nbsp;? \u2014 Oui, j\u2019y pense. \u2014 Tu ne l\u2019as pas fait hier. \u2014 Il n\u2019y en avait plus \u00e0 la sup\u00e9rette. C\u2019est la fin de la saison. \u2014 Ben et la pharmacie, alors&nbsp;? \u2014 Je n\u2019y ai pas pens\u00e9\u2026 \u2014 \u00c9videmment&nbsp;!&hellip;<\/p>\n<p><a class=\"excerpt-readmore\" href=\"https:\/\/leseffrontes.fr\/index.php\/2024\/09\/30\/les-effrontees-du-mois-de-septembre-2024-cecilia-et-peppina\/\">Read More<\/a><\/p>","protected":false},"author":2,"featured_media":2560,"comment_status":"open","ping_status":"open","sticky":false,"template":"","format":"standard","meta":{"twitterCardType":"","cardImageID":0,"cardImage":"","cardTitle":"","cardDesc":"","cardImageAlt":"","cardPlayer":"","cardPlayerWidth":0,"cardPlayerHeight":0,"cardPlayerStream":"","cardPlayerCodec":"","footnotes":""},"categories":[8],"tags":[64],"class_list":["post-2559","post","type-post","status-publish","format-standard","has-post-thumbnail","hentry","category-effronteedumois","tag-effrontee","odd"],"_links":{"self":[{"href":"https:\/\/leseffrontes.fr\/index.php\/wp-json\/wp\/v2\/posts\/2559","targetHints":{"allow":["GET"]}}],"collection":[{"href":"https:\/\/leseffrontes.fr\/index.php\/wp-json\/wp\/v2\/posts"}],"about":[{"href":"https:\/\/leseffrontes.fr\/index.php\/wp-json\/wp\/v2\/types\/post"}],"author":[{"embeddable":true,"href":"https:\/\/leseffrontes.fr\/index.php\/wp-json\/wp\/v2\/users\/2"}],"replies":[{"embeddable":true,"href":"https:\/\/leseffrontes.fr\/index.php\/wp-json\/wp\/v2\/comments?post=2559"}],"version-history":[{"count":5,"href":"https:\/\/leseffrontes.fr\/index.php\/wp-json\/wp\/v2\/posts\/2559\/revisions"}],"predecessor-version":[{"id":2565,"href":"https:\/\/leseffrontes.fr\/index.php\/wp-json\/wp\/v2\/posts\/2559\/revisions\/2565"}],"wp:featuredmedia":[{"embeddable":true,"href":"https:\/\/leseffrontes.fr\/index.php\/wp-json\/wp\/v2\/media\/2560"}],"wp:attachment":[{"href":"https:\/\/leseffrontes.fr\/index.php\/wp-json\/wp\/v2\/media?parent=2559"}],"wp:term":[{"taxonomy":"category","embeddable":true,"href":"https:\/\/leseffrontes.fr\/index.php\/wp-json\/wp\/v2\/categories?post=2559"},{"taxonomy":"post_tag","embeddable":true,"href":"https:\/\/leseffrontes.fr\/index.php\/wp-json\/wp\/v2\/tags?post=2559"}],"curies":[{"name":"wp","href":"https:\/\/api.w.org\/{rel}","templated":true}]}}