{"id":2693,"date":"2024-12-04T16:40:15","date_gmt":"2024-12-04T15:40:15","guid":{"rendered":"https:\/\/leseffrontes.fr\/?p=2693"},"modified":"2025-05-09T14:32:54","modified_gmt":"2025-05-09T12:32:54","slug":"les-violences-conjugales-en-france","status":"publish","type":"post","link":"https:\/\/leseffrontes.fr\/index.php\/2024\/12\/04\/les-violences-conjugales-en-france\/","title":{"rendered":"Les violences conjugales en France"},"content":{"rendered":"\n<p><em>Marc Vanguard diffuse sur Twitter des \u00e9l\u00e9ments de statistique sur l\u2019immigration. Nous republions son travail sur les Effront\u00e9s dans l\u2019espoir que cela nourrisse chez le lecteur une r\u00e9flexion raisonnable et mesur\u00e9e, au lieu des r\u00e9actions \u00e9motionnelles si fr\u00e9quentes sur ce sujet. \u2014 TB<\/em><\/p>\n\n\n\n<p>Les chiffres chocs des violences conjugales en 2023 viennent d&rsquo;\u00eatre publi\u00e9s par le Minist\u00e8re de l&rsquo;Int\u00e9rieur. Les \u00e9trangers sont surrepr\u00e9sent\u00e9s dans tous types de violences conjugales, en particulier les plus graves. Alors qu&rsquo;ils sont 8% dans la population, ils repr\u00e9sentent une part importante des mis en cause&nbsp;:<\/p>\n\n\n\n<ul class=\"wp-block-list\">\n<li>Torture&nbsp;: 24%<\/li>\n\n\n\n<li>Viols&nbsp;: 18%<\/li>\n\n\n\n<li>Homicides \/ \u00ab&nbsp;f\u00e9minicides&nbsp;\u00bb&nbsp;: 13%<\/li>\n<\/ul>\n\n\n\n<figure data-wp-context=\"{&quot;imageId&quot;:&quot;69f2abc9ea167&quot;}\" data-wp-interactive=\"core\/image\" data-wp-key=\"69f2abc9ea167\" class=\"wp-block-image size-large wp-lightbox-container\"><img loading=\"lazy\" decoding=\"async\" width=\"1024\" height=\"705\" data-wp-class--hide=\"state.isContentHidden\" data-wp-class--show=\"state.isContentVisible\" data-wp-init=\"callbacks.setButtonStyles\" data-wp-on--click=\"actions.showLightbox\" data-wp-on--load=\"callbacks.setButtonStyles\" data-wp-on-window--resize=\"callbacks.setButtonStyles\" src=\"https:\/\/leseffrontes.fr\/wp-content\/uploads\/2024\/12\/17_01_les_etrangers_sont_surrepresentes_dans_les_violences_conjugales-1024x705.jpeg\" alt=\"Les \u00e9trangers sont surrepr\u00e9sent\u00e9s parmi les mis en cause pour tous les types de violences conjugales, en particulier les plus graves\" class=\"wp-image-2695\" title=\"Les \u00e9trangers sont surrepr\u00e9sent\u00e9s parmi les mis en cause pour tous les types de violences conjugales, en particulier les plus graves\" srcset=\"https:\/\/leseffrontes.fr\/wp-content\/uploads\/2024\/12\/17_01_les_etrangers_sont_surrepresentes_dans_les_violences_conjugales-1024x705.jpeg 1024w, https:\/\/leseffrontes.fr\/wp-content\/uploads\/2024\/12\/17_01_les_etrangers_sont_surrepresentes_dans_les_violences_conjugales-300x207.jpeg 300w, https:\/\/leseffrontes.fr\/wp-content\/uploads\/2024\/12\/17_01_les_etrangers_sont_surrepresentes_dans_les_violences_conjugales-768x529.jpeg 768w, https:\/\/leseffrontes.fr\/wp-content\/uploads\/2024\/12\/17_01_les_etrangers_sont_surrepresentes_dans_les_violences_conjugales.jpeg 1200w\" sizes=\"auto, (max-width: 1024px) 100vw, 1024px\" \/><button\n\t\t\tclass=\"lightbox-trigger\"\n\t\t\ttype=\"button\"\n\t\t\taria-haspopup=\"dialog\"\n\t\t\taria-label=\"Agrandir\"\n\t\t\tdata-wp-init=\"callbacks.initTriggerButton\"\n\t\t\tdata-wp-on--click=\"actions.showLightbox\"\n\t\t\tdata-wp-style--right=\"state.imageButtonRight\"\n\t\t\tdata-wp-style--top=\"state.imageButtonTop\"\n\t\t>\n\t\t\t\n<svg xmlns=\"http:\/\/www.w3.org\/2000\/svg\" width=\"12\" height=\"12\" fill=\"none\" viewBox=\"0 0 12 12\">\n\t\t\t\t<path fill=\"#fff\" d=\"M2 0a2 2 0 0 0-2 2v2h1.5V2a.5.5 0 0 1 .5-.5h2V0H2Zm2 10.5H2a.5.5 0 0 1-.5-.5V8H0v2a2 2 0 0 0 2 2h2v-1.5ZM8 12v-1.5h2a.5.5 0 0 0 .5-.5V8H12v2a2 2 0 0 1-2 2H8Zm2-12a2 2 0 0 1 2 2v2h-1.5V2a.5.5 0 0 0-.5-.5H8V0h2Z\" \/>\n\t\t\t<\/svg>\n\t\t<\/button><\/figure>\n\n\n\n<p>Dans l&rsquo;ensemble, 37.000 \u00e9trangers ont \u00e9t\u00e9 mis en cause pour violences conjugales en 2023. C&rsquo;est 17% du total, alors qu&rsquo;ils comptent pour 8% de la population.<\/p>\n\n\n\n<figure data-wp-context=\"{&quot;imageId&quot;:&quot;69f2abc9ea7fd&quot;}\" data-wp-interactive=\"core\/image\" data-wp-key=\"69f2abc9ea7fd\" class=\"wp-block-image size-large wp-lightbox-container\"><img loading=\"lazy\" decoding=\"async\" width=\"1024\" height=\"1024\" data-wp-class--hide=\"state.isContentHidden\" data-wp-class--show=\"state.isContentVisible\" data-wp-init=\"callbacks.setButtonStyles\" data-wp-on--click=\"actions.showLightbox\" data-wp-on--load=\"callbacks.setButtonStyles\" data-wp-on-window--resize=\"callbacks.setButtonStyles\" src=\"https:\/\/leseffrontes.fr\/wp-content\/uploads\/2024\/12\/17_02_les_etrangers_sont_surrepresentes_dans_les_violences_conjugales-1024x1024.jpeg\" alt=\"Les \u00e9trangers sont surrepr\u00e9sent\u00e9s dans les mis en cause pour violences conjugales\" class=\"wp-image-2696\" title=\"Les \u00e9trangers sont surrepr\u00e9sent\u00e9s dans les mis en cause pour violences conjugales\" srcset=\"https:\/\/leseffrontes.fr\/wp-content\/uploads\/2024\/12\/17_02_les_etrangers_sont_surrepresentes_dans_les_violences_conjugales-1024x1024.jpeg 1024w, https:\/\/leseffrontes.fr\/wp-content\/uploads\/2024\/12\/17_02_les_etrangers_sont_surrepresentes_dans_les_violences_conjugales-300x300.jpeg 300w, https:\/\/leseffrontes.fr\/wp-content\/uploads\/2024\/12\/17_02_les_etrangers_sont_surrepresentes_dans_les_violences_conjugales-150x150.jpeg 150w, https:\/\/leseffrontes.fr\/wp-content\/uploads\/2024\/12\/17_02_les_etrangers_sont_surrepresentes_dans_les_violences_conjugales-768x768.jpeg 768w, https:\/\/leseffrontes.fr\/wp-content\/uploads\/2024\/12\/17_02_les_etrangers_sont_surrepresentes_dans_les_violences_conjugales.jpeg 1200w\" sizes=\"auto, (max-width: 1024px) 100vw, 1024px\" \/><button\n\t\t\tclass=\"lightbox-trigger\"\n\t\t\ttype=\"button\"\n\t\t\taria-haspopup=\"dialog\"\n\t\t\taria-label=\"Agrandir\"\n\t\t\tdata-wp-init=\"callbacks.initTriggerButton\"\n\t\t\tdata-wp-on--click=\"actions.showLightbox\"\n\t\t\tdata-wp-style--right=\"state.imageButtonRight\"\n\t\t\tdata-wp-style--top=\"state.imageButtonTop\"\n\t\t>\n\t\t\t\n<svg xmlns=\"http:\/\/www.w3.org\/2000\/svg\" width=\"12\" height=\"12\" fill=\"none\" viewBox=\"0 0 12 12\">\n\t\t\t\t<path fill=\"#fff\" d=\"M2 0a2 2 0 0 0-2 2v2h1.5V2a.5.5 0 0 1 .5-.5h2V0H2Zm2 10.5H2a.5.5 0 0 1-.5-.5V8H0v2a2 2 0 0 0 2 2h2v-1.5ZM8 12v-1.5h2a.5.5 0 0 0 .5-.5V8H12v2a2 2 0 0 1-2 2H8Zm2-12a2 2 0 0 1 2 2v2h-1.5V2a.5.5 0 0 0-.5-.5H8V0h2Z\" \/>\n\t\t\t<\/svg>\n\t\t<\/button><\/figure>\n\n\n\n<p>Mais les \u00e9trangers (ou plut\u00f4t les \u00e9trang\u00e8res) sont aussi tr\u00e8s surrepr\u00e9sent\u00e9s parmi les victimes&nbsp;: 15% des victimes de violences conjugales contre 8% de la population. En effet, les immigr\u00e9es ont, dans plus de 60% des cas, un conjoint immigr\u00e9. Il n&rsquo;est donc pas \u00e9tonnant de retrouver les \u00e9trangers surrepr\u00e9sent\u00e9s \u00e0 la fois parmi les mis en cause et les victimes de violences conjugales. Les donn\u00e9es polici\u00e8res <em>sous-estimeraient<\/em> donc la surrepr\u00e9sentation des \u00e9trangers si les femmes \u00e9trang\u00e8res avaient tendance \u00e0 moins porter plainte que les autres. Je tenais \u00e0 commencer par cette mise au point, car c&rsquo;est un fait tr\u00e8s souvent d\u00e9battu.<\/p>\n\n\n\n<p>On observe une explosion du nombre de victimes enregistr\u00e9es par les forces de police (deux fois plus depuis 2016), acc\u00e9l\u00e9r\u00e9e par la lib\u00e9ration de la parole.<\/p>\n\n\n\n<figure data-wp-context=\"{&quot;imageId&quot;:&quot;69f2abc9eaf8a&quot;}\" data-wp-interactive=\"core\/image\" data-wp-key=\"69f2abc9eaf8a\" class=\"wp-block-image size-large wp-lightbox-container\"><img loading=\"lazy\" decoding=\"async\" width=\"1024\" height=\"1024\" data-wp-class--hide=\"state.isContentHidden\" data-wp-class--show=\"state.isContentVisible\" data-wp-init=\"callbacks.setButtonStyles\" data-wp-on--click=\"actions.showLightbox\" data-wp-on--load=\"callbacks.setButtonStyles\" data-wp-on-window--resize=\"callbacks.setButtonStyles\" src=\"https:\/\/leseffrontes.fr\/wp-content\/uploads\/2024\/12\/17_03_explosion_du_nombre_de_victimes_declarees-1024x1024.jpeg\" alt=\"Explosion du nombre de victimes d\u00e9clar\u00e9es de violences conjugales\" class=\"wp-image-2698\" title=\"Explosion du nombre de victimes d\u00e9clar\u00e9es de violences conjugales\" srcset=\"https:\/\/leseffrontes.fr\/wp-content\/uploads\/2024\/12\/17_03_explosion_du_nombre_de_victimes_declarees-1024x1024.jpeg 1024w, https:\/\/leseffrontes.fr\/wp-content\/uploads\/2024\/12\/17_03_explosion_du_nombre_de_victimes_declarees-300x300.jpeg 300w, https:\/\/leseffrontes.fr\/wp-content\/uploads\/2024\/12\/17_03_explosion_du_nombre_de_victimes_declarees-150x150.jpeg 150w, https:\/\/leseffrontes.fr\/wp-content\/uploads\/2024\/12\/17_03_explosion_du_nombre_de_victimes_declarees-768x768.jpeg 768w, https:\/\/leseffrontes.fr\/wp-content\/uploads\/2024\/12\/17_03_explosion_du_nombre_de_victimes_declarees.jpeg 1200w\" sizes=\"auto, (max-width: 1024px) 100vw, 1024px\" \/><button\n\t\t\tclass=\"lightbox-trigger\"\n\t\t\ttype=\"button\"\n\t\t\taria-haspopup=\"dialog\"\n\t\t\taria-label=\"Agrandir\"\n\t\t\tdata-wp-init=\"callbacks.initTriggerButton\"\n\t\t\tdata-wp-on--click=\"actions.showLightbox\"\n\t\t\tdata-wp-style--right=\"state.imageButtonRight\"\n\t\t\tdata-wp-style--top=\"state.imageButtonTop\"\n\t\t>\n\t\t\t\n<svg xmlns=\"http:\/\/www.w3.org\/2000\/svg\" width=\"12\" height=\"12\" fill=\"none\" viewBox=\"0 0 12 12\">\n\t\t\t\t<path fill=\"#fff\" d=\"M2 0a2 2 0 0 0-2 2v2h1.5V2a.5.5 0 0 1 .5-.5h2V0H2Zm2 10.5H2a.5.5 0 0 1-.5-.5V8H0v2a2 2 0 0 0 2 2h2v-1.5ZM8 12v-1.5h2a.5.5 0 0 0 .5-.5V8H12v2a2 2 0 0 1-2 2H8Zm2-12a2 2 0 0 1 2 2v2h-1.5V2a.5.5 0 0 0-.5-.5H8V0h2Z\" \/>\n\t\t\t<\/svg>\n\t\t<\/button><\/figure>\n\n\n\n<p>Mais la lib\u00e9ration de la parole peut-elle tout expliquer&nbsp;? Les violences gravissimes comme les tortures et actes de mutilation explosent aussi. Elles ont \u00e9t\u00e9 multipli\u00e9es par deux depuis 2016&nbsp;:<\/p>\n\n\n\n<figure data-wp-context=\"{&quot;imageId&quot;:&quot;69f2abc9eb525&quot;}\" data-wp-interactive=\"core\/image\" data-wp-key=\"69f2abc9eb525\" class=\"wp-block-image size-large wp-lightbox-container\"><img loading=\"lazy\" decoding=\"async\" width=\"1024\" height=\"1024\" data-wp-class--hide=\"state.isContentHidden\" data-wp-class--show=\"state.isContentVisible\" data-wp-init=\"callbacks.setButtonStyles\" data-wp-on--click=\"actions.showLightbox\" data-wp-on--load=\"callbacks.setButtonStyles\" data-wp-on-window--resize=\"callbacks.setButtonStyles\" src=\"https:\/\/leseffrontes.fr\/wp-content\/uploads\/2024\/12\/17_04_doublement_du_nombre_des_victimes_de_torture-1024x1024.jpeg\" alt=\"Doublement du nombre de victimes de tortures dans le cadre conjugal depuis 2016\" class=\"wp-image-2699\" title=\"Doublement du nombre de victimes de tortures dans le cadre conjugal depuis 2016\" srcset=\"https:\/\/leseffrontes.fr\/wp-content\/uploads\/2024\/12\/17_04_doublement_du_nombre_des_victimes_de_torture-1024x1024.jpeg 1024w, https:\/\/leseffrontes.fr\/wp-content\/uploads\/2024\/12\/17_04_doublement_du_nombre_des_victimes_de_torture-300x300.jpeg 300w, https:\/\/leseffrontes.fr\/wp-content\/uploads\/2024\/12\/17_04_doublement_du_nombre_des_victimes_de_torture-150x150.jpeg 150w, https:\/\/leseffrontes.fr\/wp-content\/uploads\/2024\/12\/17_04_doublement_du_nombre_des_victimes_de_torture-768x768.jpeg 768w, https:\/\/leseffrontes.fr\/wp-content\/uploads\/2024\/12\/17_04_doublement_du_nombre_des_victimes_de_torture.jpeg 1200w\" sizes=\"auto, (max-width: 1024px) 100vw, 1024px\" \/><button\n\t\t\tclass=\"lightbox-trigger\"\n\t\t\ttype=\"button\"\n\t\t\taria-haspopup=\"dialog\"\n\t\t\taria-label=\"Agrandir\"\n\t\t\tdata-wp-init=\"callbacks.initTriggerButton\"\n\t\t\tdata-wp-on--click=\"actions.showLightbox\"\n\t\t\tdata-wp-style--right=\"state.imageButtonRight\"\n\t\t\tdata-wp-style--top=\"state.imageButtonTop\"\n\t\t>\n\t\t\t\n<svg xmlns=\"http:\/\/www.w3.org\/2000\/svg\" width=\"12\" height=\"12\" fill=\"none\" viewBox=\"0 0 12 12\">\n\t\t\t\t<path fill=\"#fff\" d=\"M2 0a2 2 0 0 0-2 2v2h1.5V2a.5.5 0 0 1 .5-.5h2V0H2Zm2 10.5H2a.5.5 0 0 1-.5-.5V8H0v2a2 2 0 0 0 2 2h2v-1.5ZM8 12v-1.5h2a.5.5 0 0 0 .5-.5V8H12v2a2 2 0 0 1-2 2H8Zm2-12a2 2 0 0 1 2 2v2h-1.5V2a.5.5 0 0 0-.5-.5H8V0h2Z\" \/>\n\t\t\t<\/svg>\n\t\t<\/button><\/figure>\n\n\n\n<p>Au total, en un an, les forces de l&rsquo;ordre ont enregistr\u00e9 270.000 victimes&nbsp;:<\/p>\n\n\n\n<ul class=\"wp-block-list\">\n<li>173.000 violences physiques et empoisonnements<\/li>\n\n\n\n<li>85.000 violences verbales \/ psychologiques<\/li>\n\n\n\n<li>12.000 violences sexuelles<\/li>\n\n\n\n<li>550 homicides et tentatives<\/li>\n<\/ul>\n\n\n\n<figure data-wp-context=\"{&quot;imageId&quot;:&quot;69f2abc9ebaa3&quot;}\" data-wp-interactive=\"core\/image\" data-wp-key=\"69f2abc9ebaa3\" class=\"wp-block-image size-large wp-lightbox-container\"><img loading=\"lazy\" decoding=\"async\" width=\"1024\" height=\"1024\" data-wp-class--hide=\"state.isContentHidden\" data-wp-class--show=\"state.isContentVisible\" data-wp-init=\"callbacks.setButtonStyles\" data-wp-on--click=\"actions.showLightbox\" data-wp-on--load=\"callbacks.setButtonStyles\" data-wp-on-window--resize=\"callbacks.setButtonStyles\" src=\"https:\/\/leseffrontes.fr\/wp-content\/uploads\/2024\/12\/17_05_les_violences_conjugales_enregistrees_sont_physiques-1024x1024.jpeg\" alt=\"Les violences conjugales sont avant tout des violences physiques\" class=\"wp-image-2701\" title=\"Les violences conjugales sont avant tout des violences physiques\" srcset=\"https:\/\/leseffrontes.fr\/wp-content\/uploads\/2024\/12\/17_05_les_violences_conjugales_enregistrees_sont_physiques-1024x1024.jpeg 1024w, https:\/\/leseffrontes.fr\/wp-content\/uploads\/2024\/12\/17_05_les_violences_conjugales_enregistrees_sont_physiques-300x300.jpeg 300w, https:\/\/leseffrontes.fr\/wp-content\/uploads\/2024\/12\/17_05_les_violences_conjugales_enregistrees_sont_physiques-150x150.jpeg 150w, https:\/\/leseffrontes.fr\/wp-content\/uploads\/2024\/12\/17_05_les_violences_conjugales_enregistrees_sont_physiques-768x768.jpeg 768w, https:\/\/leseffrontes.fr\/wp-content\/uploads\/2024\/12\/17_05_les_violences_conjugales_enregistrees_sont_physiques.jpeg 1200w\" sizes=\"auto, (max-width: 1024px) 100vw, 1024px\" \/><button\n\t\t\tclass=\"lightbox-trigger\"\n\t\t\ttype=\"button\"\n\t\t\taria-haspopup=\"dialog\"\n\t\t\taria-label=\"Agrandir\"\n\t\t\tdata-wp-init=\"callbacks.initTriggerButton\"\n\t\t\tdata-wp-on--click=\"actions.showLightbox\"\n\t\t\tdata-wp-style--right=\"state.imageButtonRight\"\n\t\t\tdata-wp-style--top=\"state.imageButtonTop\"\n\t\t>\n\t\t\t\n<svg xmlns=\"http:\/\/www.w3.org\/2000\/svg\" width=\"12\" height=\"12\" fill=\"none\" viewBox=\"0 0 12 12\">\n\t\t\t\t<path fill=\"#fff\" d=\"M2 0a2 2 0 0 0-2 2v2h1.5V2a.5.5 0 0 1 .5-.5h2V0H2Zm2 10.5H2a.5.5 0 0 1-.5-.5V8H0v2a2 2 0 0 0 2 2h2v-1.5ZM8 12v-1.5h2a.5.5 0 0 0 .5-.5V8H12v2a2 2 0 0 1-2 2H8Zm2-12a2 2 0 0 1 2 2v2h-1.5V2a.5.5 0 0 0-.5-.5H8V0h2Z\" \/>\n\t\t\t<\/svg>\n\t\t<\/button><\/figure>\n\n\n\n<p>Les femmes sont particuli\u00e8rement touch\u00e9es, elles repr\u00e9sentent 85% des victimes de violences conjugales en 2023.<\/p>\n\n\n\n<figure data-wp-context=\"{&quot;imageId&quot;:&quot;69f2abc9ebfe5&quot;}\" data-wp-interactive=\"core\/image\" data-wp-key=\"69f2abc9ebfe5\" class=\"wp-block-image size-large wp-lightbox-container\"><img loading=\"lazy\" decoding=\"async\" width=\"1024\" height=\"1024\" data-wp-class--hide=\"state.isContentHidden\" data-wp-class--show=\"state.isContentVisible\" data-wp-init=\"callbacks.setButtonStyles\" data-wp-on--click=\"actions.showLightbox\" data-wp-on--load=\"callbacks.setButtonStyles\" data-wp-on-window--resize=\"callbacks.setButtonStyles\" src=\"https:\/\/leseffrontes.fr\/wp-content\/uploads\/2024\/12\/17_06_les_femmes_sont_largement_surrepresentees_parmi_les_victimes-1024x1024.jpeg\" alt=\"Les femmes sont tr\u00e8s largement surrepr\u00e9sent\u00e9es parmi les victimes de violences conjugales\" class=\"wp-image-2702\" title=\"Les femmes sont tr\u00e8s largement surrepr\u00e9sent\u00e9es parmi les victimes de violences conjugales\" srcset=\"https:\/\/leseffrontes.fr\/wp-content\/uploads\/2024\/12\/17_06_les_femmes_sont_largement_surrepresentees_parmi_les_victimes-1024x1024.jpeg 1024w, https:\/\/leseffrontes.fr\/wp-content\/uploads\/2024\/12\/17_06_les_femmes_sont_largement_surrepresentees_parmi_les_victimes-300x300.jpeg 300w, https:\/\/leseffrontes.fr\/wp-content\/uploads\/2024\/12\/17_06_les_femmes_sont_largement_surrepresentees_parmi_les_victimes-150x150.jpeg 150w, https:\/\/leseffrontes.fr\/wp-content\/uploads\/2024\/12\/17_06_les_femmes_sont_largement_surrepresentees_parmi_les_victimes-768x768.jpeg 768w, https:\/\/leseffrontes.fr\/wp-content\/uploads\/2024\/12\/17_06_les_femmes_sont_largement_surrepresentees_parmi_les_victimes.jpeg 1200w\" sizes=\"auto, (max-width: 1024px) 100vw, 1024px\" \/><button\n\t\t\tclass=\"lightbox-trigger\"\n\t\t\ttype=\"button\"\n\t\t\taria-haspopup=\"dialog\"\n\t\t\taria-label=\"Agrandir\"\n\t\t\tdata-wp-init=\"callbacks.initTriggerButton\"\n\t\t\tdata-wp-on--click=\"actions.showLightbox\"\n\t\t\tdata-wp-style--right=\"state.imageButtonRight\"\n\t\t\tdata-wp-style--top=\"state.imageButtonTop\"\n\t\t>\n\t\t\t\n<svg xmlns=\"http:\/\/www.w3.org\/2000\/svg\" width=\"12\" height=\"12\" fill=\"none\" viewBox=\"0 0 12 12\">\n\t\t\t\t<path fill=\"#fff\" d=\"M2 0a2 2 0 0 0-2 2v2h1.5V2a.5.5 0 0 1 .5-.5h2V0H2Zm2 10.5H2a.5.5 0 0 1-.5-.5V8H0v2a2 2 0 0 0 2 2h2v-1.5ZM8 12v-1.5h2a.5.5 0 0 0 .5-.5V8H12v2a2 2 0 0 1-2 2H8Zm2-12a2 2 0 0 1 2 2v2h-1.5V2a.5.5 0 0 0-.5-.5H8V0h2Z\" \/>\n\t\t\t<\/svg>\n\t\t<\/button><\/figure>\n\n\n\n<p>Inversement, les hommes sont particuli\u00e8rement impliqu\u00e9s parmi les auteurs&nbsp;: ils comptent pour 86% des mis en cause en 2023.<\/p>\n\n\n\n<figure data-wp-context=\"{&quot;imageId&quot;:&quot;69f2abc9ec59b&quot;}\" data-wp-interactive=\"core\/image\" data-wp-key=\"69f2abc9ec59b\" class=\"wp-block-image size-large wp-lightbox-container\"><img loading=\"lazy\" decoding=\"async\" width=\"1024\" height=\"1024\" data-wp-class--hide=\"state.isContentHidden\" data-wp-class--show=\"state.isContentVisible\" data-wp-init=\"callbacks.setButtonStyles\" data-wp-on--click=\"actions.showLightbox\" data-wp-on--load=\"callbacks.setButtonStyles\" data-wp-on-window--resize=\"callbacks.setButtonStyles\" src=\"https:\/\/leseffrontes.fr\/wp-content\/uploads\/2024\/12\/17_07_les_hommes_sont_largement_surrepresentes_parmi_les_auteurs-1024x1024.jpeg\" alt=\"Les hommes sont tr\u00e8s largement surrepr\u00e9sent\u00e9es parmi les mis en cause pour violences conjugales\" class=\"wp-image-2703\" title=\"Les hommes sont tr\u00e8s largement surrepr\u00e9sent\u00e9es parmi les mis en cause pour violences conjugales\" srcset=\"https:\/\/leseffrontes.fr\/wp-content\/uploads\/2024\/12\/17_07_les_hommes_sont_largement_surrepresentes_parmi_les_auteurs-1024x1024.jpeg 1024w, https:\/\/leseffrontes.fr\/wp-content\/uploads\/2024\/12\/17_07_les_hommes_sont_largement_surrepresentes_parmi_les_auteurs-300x300.jpeg 300w, https:\/\/leseffrontes.fr\/wp-content\/uploads\/2024\/12\/17_07_les_hommes_sont_largement_surrepresentes_parmi_les_auteurs-150x150.jpeg 150w, https:\/\/leseffrontes.fr\/wp-content\/uploads\/2024\/12\/17_07_les_hommes_sont_largement_surrepresentes_parmi_les_auteurs-768x768.jpeg 768w, https:\/\/leseffrontes.fr\/wp-content\/uploads\/2024\/12\/17_07_les_hommes_sont_largement_surrepresentes_parmi_les_auteurs.jpeg 1200w\" sizes=\"auto, (max-width: 1024px) 100vw, 1024px\" \/><button\n\t\t\tclass=\"lightbox-trigger\"\n\t\t\ttype=\"button\"\n\t\t\taria-haspopup=\"dialog\"\n\t\t\taria-label=\"Agrandir\"\n\t\t\tdata-wp-init=\"callbacks.initTriggerButton\"\n\t\t\tdata-wp-on--click=\"actions.showLightbox\"\n\t\t\tdata-wp-style--right=\"state.imageButtonRight\"\n\t\t\tdata-wp-style--top=\"state.imageButtonTop\"\n\t\t>\n\t\t\t\n<svg xmlns=\"http:\/\/www.w3.org\/2000\/svg\" width=\"12\" height=\"12\" fill=\"none\" viewBox=\"0 0 12 12\">\n\t\t\t\t<path fill=\"#fff\" d=\"M2 0a2 2 0 0 0-2 2v2h1.5V2a.5.5 0 0 1 .5-.5h2V0H2Zm2 10.5H2a.5.5 0 0 1-.5-.5V8H0v2a2 2 0 0 0 2 2h2v-1.5ZM8 12v-1.5h2a.5.5 0 0 0 .5-.5V8H12v2a2 2 0 0 1-2 2H8Zm2-12a2 2 0 0 1 2 2v2h-1.5V2a.5.5 0 0 0-.5-.5H8V0h2Z\" \/>\n\t\t\t<\/svg>\n\t\t<\/button><\/figure>\n\n\n\n<p>Enfin, derni\u00e8re donn\u00e9e int\u00e9ressante sur le profil des victimes&nbsp;: les tranches d&rsquo;\u00e2ge les plus touch\u00e9es diff\u00e8rent selon l&rsquo;infraction. Les 15-19 ans sont les plus touch\u00e9es par les violences sexuelles conjugales, elles repr\u00e9sentent 20% des victimes de ce type d&rsquo;infraction.<\/p>\n\n\n\n<figure data-wp-context=\"{&quot;imageId&quot;:&quot;69f2abc9ec91c&quot;}\" data-wp-interactive=\"core\/image\" data-wp-key=\"69f2abc9ec91c\" class=\"wp-block-image size-large wp-lightbox-container\"><img loading=\"lazy\" decoding=\"async\" width=\"1024\" height=\"1024\" data-wp-class--hide=\"state.isContentHidden\" data-wp-class--show=\"state.isContentVisible\" data-wp-init=\"callbacks.setButtonStyles\" data-wp-on--click=\"actions.showLightbox\" data-wp-on--load=\"callbacks.setButtonStyles\" data-wp-on-window--resize=\"callbacks.setButtonStyles\" src=\"https:\/\/leseffrontes.fr\/wp-content\/uploads\/2024\/12\/17_08_les_violences_conjugales_par_tranches_d_age-1024x1024.jpeg\" alt=\"Les tranches d'\u00e2ges les plus touch\u00e9es par les violences conjugales varient selon l'infraction\" class=\"wp-image-2705\" title=\"Les tranches d'\u00e2ges les plus touch\u00e9es par les violences conjugales varient selon l'infraction\" srcset=\"https:\/\/leseffrontes.fr\/wp-content\/uploads\/2024\/12\/17_08_les_violences_conjugales_par_tranches_d_age-1024x1024.jpeg 1024w, https:\/\/leseffrontes.fr\/wp-content\/uploads\/2024\/12\/17_08_les_violences_conjugales_par_tranches_d_age-300x300.jpeg 300w, https:\/\/leseffrontes.fr\/wp-content\/uploads\/2024\/12\/17_08_les_violences_conjugales_par_tranches_d_age-150x150.jpeg 150w, https:\/\/leseffrontes.fr\/wp-content\/uploads\/2024\/12\/17_08_les_violences_conjugales_par_tranches_d_age-768x768.jpeg 768w, https:\/\/leseffrontes.fr\/wp-content\/uploads\/2024\/12\/17_08_les_violences_conjugales_par_tranches_d_age.jpeg 1200w\" sizes=\"auto, (max-width: 1024px) 100vw, 1024px\" \/><button\n\t\t\tclass=\"lightbox-trigger\"\n\t\t\ttype=\"button\"\n\t\t\taria-haspopup=\"dialog\"\n\t\t\taria-label=\"Agrandir\"\n\t\t\tdata-wp-init=\"callbacks.initTriggerButton\"\n\t\t\tdata-wp-on--click=\"actions.showLightbox\"\n\t\t\tdata-wp-style--right=\"state.imageButtonRight\"\n\t\t\tdata-wp-style--top=\"state.imageButtonTop\"\n\t\t>\n\t\t\t\n<svg xmlns=\"http:\/\/www.w3.org\/2000\/svg\" width=\"12\" height=\"12\" fill=\"none\" viewBox=\"0 0 12 12\">\n\t\t\t\t<path fill=\"#fff\" d=\"M2 0a2 2 0 0 0-2 2v2h1.5V2a.5.5 0 0 1 .5-.5h2V0H2Zm2 10.5H2a.5.5 0 0 1-.5-.5V8H0v2a2 2 0 0 0 2 2h2v-1.5ZM8 12v-1.5h2a.5.5 0 0 0 .5-.5V8H12v2a2 2 0 0 1-2 2H8Zm2-12a2 2 0 0 1 2 2v2h-1.5V2a.5.5 0 0 0-.5-.5H8V0h2Z\" \/>\n\t\t\t<\/svg>\n\t\t<\/button><\/figure>\n\n\n\n<p>Mais concernant les violences physiques, les victimes sont moins jeunes&nbsp;: la tranche d&rsquo;\u00e2ge la plus touch\u00e9e est celle des 30-34 ans.<\/p>\n\n\n\n<p>Les \u00e9trangers restent bien entendu minoritaires parmi les mis en cause pour violences conjugales. Et leur surrepr\u00e9sentation est bien \u00e9videmment multifactorielle. Mais \u00e0 la vue de ces chiffres, <a href=\"https:\/\/leseffrontes.fr\/index.php\/2025\/01\/07\/immigration-et-violences-faites-aux-femmes\/\">l&rsquo;immigration actuelle semble influencer \u00e0 la hausse les violences, y compris dans la sph\u00e8re familiale, qu&rsquo;il s&rsquo;agisse de violences physiques ou sexuelles<\/a>.<\/p>\n\n\n\n<p><\/p>","protected":false},"excerpt":{"rendered":"<p>Marc Vanguard diffuse sur Twitter des \u00e9l\u00e9ments de statistique sur l\u2019immigration. Nous republions son travail sur les Effront\u00e9s dans l\u2019espoir que cela nourrisse chez le lecteur une r\u00e9flexion raisonnable et mesur\u00e9e, au lieu des r\u00e9actions \u00e9motionnelles si fr\u00e9quentes sur ce sujet. \u2014 TB Les chiffres chocs des violences conjugales en&hellip;<\/p>\n<p><a class=\"excerpt-readmore\" href=\"https:\/\/leseffrontes.fr\/index.php\/2024\/12\/04\/les-violences-conjugales-en-france\/\">Read More<\/a><\/p>","protected":false},"author":2,"featured_media":2706,"comment_status":"open","ping_status":"open","sticky":false,"template":"","format":"standard","meta":{"twitterCardType":"","cardImageID":0,"cardImage":"","cardTitle":"","cardDesc":"","cardImageAlt":"","cardPlayer":"","cardPlayerWidth":0,"cardPlayerHeight":0,"cardPlayerStream":"","cardPlayerCodec":"","footnotes":""},"categories":[7],"tags":[38,39,37],"class_list":["post-2693","post","type-post","status-publish","format-standard","has-post-thumbnail","hentry","category-faits","tag-criminalite","tag-immigration","tag-marc-vanguard","odd"],"_links":{"self":[{"href":"https:\/\/leseffrontes.fr\/index.php\/wp-json\/wp\/v2\/posts\/2693","targetHints":{"allow":["GET"]}}],"collection":[{"href":"https:\/\/leseffrontes.fr\/index.php\/wp-json\/wp\/v2\/posts"}],"about":[{"href":"https:\/\/leseffrontes.fr\/index.php\/wp-json\/wp\/v2\/types\/post"}],"author":[{"embeddable":true,"href":"https:\/\/leseffrontes.fr\/index.php\/wp-json\/wp\/v2\/users\/2"}],"replies":[{"embeddable":true,"href":"https:\/\/leseffrontes.fr\/index.php\/wp-json\/wp\/v2\/comments?post=2693"}],"version-history":[{"count":8,"href":"https:\/\/leseffrontes.fr\/index.php\/wp-json\/wp\/v2\/posts\/2693\/revisions"}],"predecessor-version":[{"id":2974,"href":"https:\/\/leseffrontes.fr\/index.php\/wp-json\/wp\/v2\/posts\/2693\/revisions\/2974"}],"wp:featuredmedia":[{"embeddable":true,"href":"https:\/\/leseffrontes.fr\/index.php\/wp-json\/wp\/v2\/media\/2706"}],"wp:attachment":[{"href":"https:\/\/leseffrontes.fr\/index.php\/wp-json\/wp\/v2\/media?parent=2693"}],"wp:term":[{"taxonomy":"category","embeddable":true,"href":"https:\/\/leseffrontes.fr\/index.php\/wp-json\/wp\/v2\/categories?post=2693"},{"taxonomy":"post_tag","embeddable":true,"href":"https:\/\/leseffrontes.fr\/index.php\/wp-json\/wp\/v2\/tags?post=2693"}],"curies":[{"name":"wp","href":"https:\/\/api.w.org\/{rel}","templated":true}]}}