{"id":2749,"date":"2025-01-07T14:56:33","date_gmt":"2025-01-07T13:56:33","guid":{"rendered":"https:\/\/leseffrontes.fr\/?p=2749"},"modified":"2025-05-09T14:31:58","modified_gmt":"2025-05-09T12:31:58","slug":"immigration-et-violences-faites-aux-femmes","status":"publish","type":"post","link":"https:\/\/leseffrontes.fr\/index.php\/2025\/01\/07\/immigration-et-violences-faites-aux-femmes\/","title":{"rendered":"Immigration et violences faites aux femmes"},"content":{"rendered":"\n<p><br><em>Marc Vanguard diffuse sur Twitter des \u00e9l\u00e9ments de statistique sur l\u2019immigration. Nous republions son travail sur les Effront\u00e9s dans l\u2019espoir que cela nourrisse chez le lecteur une r\u00e9flexion raisonnable et mesur\u00e9e, au lieu des r\u00e9actions \u00e9motionnelles si fr\u00e9quentes sur ce sujet. \u2014 TB<\/em><\/p>\n\n\n\n<p>C&rsquo;est une question qui revient souvent&nbsp;: les \u00e9trangers sont-ils surrepr\u00e9sent\u00e9s dans les violences sexuelles et conjugales&nbsp;? R\u00e9capitulatif de tous les chiffres sur le sujet.<\/p>\n\n\n\n<p>Alors que les \u00e9trangers repr\u00e9sentent 8% de la population, ils comptent pour une part importante des mis en cause&nbsp;:<\/p>\n\n\n\n<ul class=\"wp-block-list\">\n<li>Prox\u00e9n\u00e9tisme&nbsp;: 27%<\/li>\n\n\n\n<li>Exhibitions&nbsp;: 21%<\/li>\n\n\n\n<li>Viols conjugaux&nbsp;: 18%<\/li>\n\n\n\n<li>Viols hors cadre familial&nbsp;: 13%<\/li>\n\n\n\n<li>Homicides conjugaux&nbsp;: 13%<\/li>\n<\/ul>\n\n\n\n<figure data-wp-context=\"{&quot;imageId&quot;:&quot;69f524ec2565c&quot;}\" data-wp-interactive=\"core\/image\" data-wp-key=\"69f524ec2565c\" class=\"wp-block-image size-large wp-lightbox-container\"><img loading=\"lazy\" decoding=\"async\" width=\"1024\" height=\"704\" data-wp-class--hide=\"state.isContentHidden\" data-wp-class--show=\"state.isContentVisible\" data-wp-init=\"callbacks.setButtonStyles\" data-wp-on--click=\"actions.showLightbox\" data-wp-on--load=\"callbacks.setButtonStyles\" data-wp-on-window--resize=\"callbacks.setButtonStyles\" src=\"https:\/\/leseffrontes.fr\/wp-content\/uploads\/2025\/01\/18_01_les_etrangers_surrepresentes_dans_les_violences_sexuelles_et_conjugales-1024x704.jpeg\" alt=\"Les \u00e9trangers sont tr\u00e8s nettement surrepr\u00e9sent\u00e9s dans les violences sexuelles et conjugales en France\" class=\"wp-image-2750\" title=\"Les \u00e9trangers sont tr\u00e8s nettement surrepr\u00e9sent\u00e9s dans les violences sexuelles et conjugales en France\" srcset=\"https:\/\/leseffrontes.fr\/wp-content\/uploads\/2025\/01\/18_01_les_etrangers_surrepresentes_dans_les_violences_sexuelles_et_conjugales-1024x704.jpeg 1024w, https:\/\/leseffrontes.fr\/wp-content\/uploads\/2025\/01\/18_01_les_etrangers_surrepresentes_dans_les_violences_sexuelles_et_conjugales-300x206.jpeg 300w, https:\/\/leseffrontes.fr\/wp-content\/uploads\/2025\/01\/18_01_les_etrangers_surrepresentes_dans_les_violences_sexuelles_et_conjugales-768x528.jpeg 768w, https:\/\/leseffrontes.fr\/wp-content\/uploads\/2025\/01\/18_01_les_etrangers_surrepresentes_dans_les_violences_sexuelles_et_conjugales.jpeg 1200w\" sizes=\"auto, (max-width: 1024px) 100vw, 1024px\" \/><button\n\t\t\tclass=\"lightbox-trigger\"\n\t\t\ttype=\"button\"\n\t\t\taria-haspopup=\"dialog\"\n\t\t\taria-label=\"Agrandir\"\n\t\t\tdata-wp-init=\"callbacks.initTriggerButton\"\n\t\t\tdata-wp-on--click=\"actions.showLightbox\"\n\t\t\tdata-wp-style--right=\"state.imageButtonRight\"\n\t\t\tdata-wp-style--top=\"state.imageButtonTop\"\n\t\t>\n\t\t\t\n<svg xmlns=\"http:\/\/www.w3.org\/2000\/svg\" width=\"12\" height=\"12\" fill=\"none\" viewBox=\"0 0 12 12\">\n\t\t\t\t<path fill=\"#fff\" d=\"M2 0a2 2 0 0 0-2 2v2h1.5V2a.5.5 0 0 1 .5-.5h2V0H2Zm2 10.5H2a.5.5 0 0 1-.5-.5V8H0v2a2 2 0 0 0 2 2h2v-1.5ZM8 12v-1.5h2a.5.5 0 0 0 .5-.5V8H12v2a2 2 0 0 1-2 2H8Zm2-12a2 2 0 0 1 2 2v2h-1.5V2a.5.5 0 0 0-.5-.5H8V0h2Z\" \/>\n\t\t\t<\/svg>\n\t\t<\/button><\/figure>\n\n\n\n<h2 class=\"wp-block-heading\">France enti\u00e8re&nbsp;: les violences sexuelles<\/h2>\n\n\n\n<p>En 2023, les \u00e9trangers repr\u00e9sentent 13% des mis en cause pour violences sexuelles, contre 8% de la population. En particulier, les \u00e9trangers africains repr\u00e9sentent 7% des mis en cause, contre 2% de la population.<\/p>\n\n\n\n<figure data-wp-context=\"{&quot;imageId&quot;:&quot;69f524ec25c64&quot;}\" data-wp-interactive=\"core\/image\" data-wp-key=\"69f524ec25c64\" class=\"wp-block-image size-large wp-lightbox-container\"><img loading=\"lazy\" decoding=\"async\" width=\"1024\" height=\"1024\" data-wp-class--hide=\"state.isContentHidden\" data-wp-class--show=\"state.isContentVisible\" data-wp-init=\"callbacks.setButtonStyles\" data-wp-on--click=\"actions.showLightbox\" data-wp-on--load=\"callbacks.setButtonStyles\" data-wp-on-window--resize=\"callbacks.setButtonStyles\" src=\"https:\/\/leseffrontes.fr\/wp-content\/uploads\/2025\/01\/18_02_personnes_mises_en_cause_pour_violences_sexuelles_2023-1024x1024.jpeg\" alt=\"En 2023, les \u00e9trangers repr\u00e9sentent 13% des mis en cause pour violences sexuelles, contre 8% de la population\" class=\"wp-image-2751\" title=\"En 2023, les \u00e9trangers repr\u00e9sentent 13% des mis en cause pour violences sexuelles, contre 8% de la population\" srcset=\"https:\/\/leseffrontes.fr\/wp-content\/uploads\/2025\/01\/18_02_personnes_mises_en_cause_pour_violences_sexuelles_2023-1024x1024.jpeg 1024w, https:\/\/leseffrontes.fr\/wp-content\/uploads\/2025\/01\/18_02_personnes_mises_en_cause_pour_violences_sexuelles_2023-300x300.jpeg 300w, https:\/\/leseffrontes.fr\/wp-content\/uploads\/2025\/01\/18_02_personnes_mises_en_cause_pour_violences_sexuelles_2023-150x150.jpeg 150w, https:\/\/leseffrontes.fr\/wp-content\/uploads\/2025\/01\/18_02_personnes_mises_en_cause_pour_violences_sexuelles_2023-768x768.jpeg 768w, https:\/\/leseffrontes.fr\/wp-content\/uploads\/2025\/01\/18_02_personnes_mises_en_cause_pour_violences_sexuelles_2023.jpeg 1200w\" sizes=\"auto, (max-width: 1024px) 100vw, 1024px\" \/><button\n\t\t\tclass=\"lightbox-trigger\"\n\t\t\ttype=\"button\"\n\t\t\taria-haspopup=\"dialog\"\n\t\t\taria-label=\"Agrandir\"\n\t\t\tdata-wp-init=\"callbacks.initTriggerButton\"\n\t\t\tdata-wp-on--click=\"actions.showLightbox\"\n\t\t\tdata-wp-style--right=\"state.imageButtonRight\"\n\t\t\tdata-wp-style--top=\"state.imageButtonTop\"\n\t\t>\n\t\t\t\n<svg xmlns=\"http:\/\/www.w3.org\/2000\/svg\" width=\"12\" height=\"12\" fill=\"none\" viewBox=\"0 0 12 12\">\n\t\t\t\t<path fill=\"#fff\" d=\"M2 0a2 2 0 0 0-2 2v2h1.5V2a.5.5 0 0 1 .5-.5h2V0H2Zm2 10.5H2a.5.5 0 0 1-.5-.5V8H0v2a2 2 0 0 0 2 2h2v-1.5ZM8 12v-1.5h2a.5.5 0 0 0 .5-.5V8H12v2a2 2 0 0 1-2 2H8Zm2-12a2 2 0 0 1 2 2v2h-1.5V2a.5.5 0 0 0-.5-.5H8V0h2Z\" \/>\n\t\t\t<\/svg>\n\t\t<\/button><\/figure>\n\n\n\n<h2 class=\"wp-block-heading\">France enti\u00e8re&nbsp;: les violences sexuelles hors cadre familial<\/h2>\n\n\n\n<p>En 2023, alors que les \u00e9trangers repr\u00e9sentent 8% de la population, ils repr\u00e9sentent une part importante des mis en cause pour violences sexuelles hors cadre familial&nbsp;:<\/p>\n\n\n\n<ul class=\"wp-block-list\">\n<li>Viols 13%<\/li>\n\n\n\n<li>Prox\u00e9n\u00e9tisme 27%<\/li>\n\n\n\n<li>Exhibitions sexuelles 21%<\/li>\n<\/ul>\n\n\n\n<figure data-wp-context=\"{&quot;imageId&quot;:&quot;69f524ec2622b&quot;}\" data-wp-interactive=\"core\/image\" data-wp-key=\"69f524ec2622b\" class=\"wp-block-image size-large wp-lightbox-container\"><img loading=\"lazy\" decoding=\"async\" width=\"1024\" height=\"1024\" data-wp-class--hide=\"state.isContentHidden\" data-wp-class--show=\"state.isContentVisible\" data-wp-init=\"callbacks.setButtonStyles\" data-wp-on--click=\"actions.showLightbox\" data-wp-on--load=\"callbacks.setButtonStyles\" data-wp-on-window--resize=\"callbacks.setButtonStyles\" src=\"https:\/\/leseffrontes.fr\/wp-content\/uploads\/2025\/01\/18_03_mis_en_cause_pour_violences_sexuelles_hors_cadre_familial-1024x1024.jpeg\" alt=\"En 2023, alors que les \u00e9trangers repr\u00e9sentent 8% de la population, ils repr\u00e9sentent une part importante des mis en cause pour violences sexuelles hors cadre familial\" class=\"wp-image-2753\" title=\"En 2023, alors que les \u00e9trangers repr\u00e9sentent 8% de la population, ils repr\u00e9sentent une part importante des mis en cause pour violences sexuelles hors cadre familial\" srcset=\"https:\/\/leseffrontes.fr\/wp-content\/uploads\/2025\/01\/18_03_mis_en_cause_pour_violences_sexuelles_hors_cadre_familial-1024x1024.jpeg 1024w, https:\/\/leseffrontes.fr\/wp-content\/uploads\/2025\/01\/18_03_mis_en_cause_pour_violences_sexuelles_hors_cadre_familial-300x300.jpeg 300w, https:\/\/leseffrontes.fr\/wp-content\/uploads\/2025\/01\/18_03_mis_en_cause_pour_violences_sexuelles_hors_cadre_familial-150x150.jpeg 150w, https:\/\/leseffrontes.fr\/wp-content\/uploads\/2025\/01\/18_03_mis_en_cause_pour_violences_sexuelles_hors_cadre_familial-768x768.jpeg 768w, https:\/\/leseffrontes.fr\/wp-content\/uploads\/2025\/01\/18_03_mis_en_cause_pour_violences_sexuelles_hors_cadre_familial.jpeg 1200w\" sizes=\"auto, (max-width: 1024px) 100vw, 1024px\" \/><button\n\t\t\tclass=\"lightbox-trigger\"\n\t\t\ttype=\"button\"\n\t\t\taria-haspopup=\"dialog\"\n\t\t\taria-label=\"Agrandir\"\n\t\t\tdata-wp-init=\"callbacks.initTriggerButton\"\n\t\t\tdata-wp-on--click=\"actions.showLightbox\"\n\t\t\tdata-wp-style--right=\"state.imageButtonRight\"\n\t\t\tdata-wp-style--top=\"state.imageButtonTop\"\n\t\t>\n\t\t\t\n<svg xmlns=\"http:\/\/www.w3.org\/2000\/svg\" width=\"12\" height=\"12\" fill=\"none\" viewBox=\"0 0 12 12\">\n\t\t\t\t<path fill=\"#fff\" d=\"M2 0a2 2 0 0 0-2 2v2h1.5V2a.5.5 0 0 1 .5-.5h2V0H2Zm2 10.5H2a.5.5 0 0 1-.5-.5V8H0v2a2 2 0 0 0 2 2h2v-1.5ZM8 12v-1.5h2a.5.5 0 0 0 .5-.5V8H12v2a2 2 0 0 1-2 2H8Zm2-12a2 2 0 0 1 2 2v2h-1.5V2a.5.5 0 0 0-.5-.5H8V0h2Z\" \/>\n\t\t\t<\/svg>\n\t\t<\/button><\/figure>\n\n\n\n<p>Ils sont cependant sous-repr\u00e9sent\u00e9s dans la p\u00e9dopornographie et les corruptions de mineurs (5% des mis en cause). En revanche, les derni\u00e8res donn\u00e9es disponibles (2007-2009) r\u00e9v\u00e9laient que les \u00e9trangers sont surrepr\u00e9sent\u00e9s dans les viols et agressions sexuelles sur mineurs.<\/p>\n\n\n\n<figure data-wp-context=\"{&quot;imageId&quot;:&quot;69f524ec26704&quot;}\" data-wp-interactive=\"core\/image\" data-wp-key=\"69f524ec26704\" class=\"wp-block-image size-large wp-lightbox-container\"><img loading=\"lazy\" decoding=\"async\" width=\"1024\" height=\"705\" data-wp-class--hide=\"state.isContentHidden\" data-wp-class--show=\"state.isContentVisible\" data-wp-init=\"callbacks.setButtonStyles\" data-wp-on--click=\"actions.showLightbox\" data-wp-on--load=\"callbacks.setButtonStyles\" data-wp-on-window--resize=\"callbacks.setButtonStyles\" src=\"https:\/\/leseffrontes.fr\/wp-content\/uploads\/2025\/01\/18_04_mis_en_cause_pour_vioences_sexuelles_sur_mineurs-1024x705.jpeg\" alt=\"Les \u00e9trangers sont surrepr\u00e9sent\u00e9s dans les viols et agressions sexuelles sur mineurs\" class=\"wp-image-2754\" title=\"Les \u00e9trangers sont surrepr\u00e9sent\u00e9s dans les viols et agressions sexuelles sur mineurs\" srcset=\"https:\/\/leseffrontes.fr\/wp-content\/uploads\/2025\/01\/18_04_mis_en_cause_pour_vioences_sexuelles_sur_mineurs-1024x705.jpeg 1024w, https:\/\/leseffrontes.fr\/wp-content\/uploads\/2025\/01\/18_04_mis_en_cause_pour_vioences_sexuelles_sur_mineurs-300x207.jpeg 300w, https:\/\/leseffrontes.fr\/wp-content\/uploads\/2025\/01\/18_04_mis_en_cause_pour_vioences_sexuelles_sur_mineurs-768x529.jpeg 768w, https:\/\/leseffrontes.fr\/wp-content\/uploads\/2025\/01\/18_04_mis_en_cause_pour_vioences_sexuelles_sur_mineurs.jpeg 1200w\" sizes=\"auto, (max-width: 1024px) 100vw, 1024px\" \/><button\n\t\t\tclass=\"lightbox-trigger\"\n\t\t\ttype=\"button\"\n\t\t\taria-haspopup=\"dialog\"\n\t\t\taria-label=\"Agrandir\"\n\t\t\tdata-wp-init=\"callbacks.initTriggerButton\"\n\t\t\tdata-wp-on--click=\"actions.showLightbox\"\n\t\t\tdata-wp-style--right=\"state.imageButtonRight\"\n\t\t\tdata-wp-style--top=\"state.imageButtonTop\"\n\t\t>\n\t\t\t\n<svg xmlns=\"http:\/\/www.w3.org\/2000\/svg\" width=\"12\" height=\"12\" fill=\"none\" viewBox=\"0 0 12 12\">\n\t\t\t\t<path fill=\"#fff\" d=\"M2 0a2 2 0 0 0-2 2v2h1.5V2a.5.5 0 0 1 .5-.5h2V0H2Zm2 10.5H2a.5.5 0 0 1-.5-.5V8H0v2a2 2 0 0 0 2 2h2v-1.5ZM8 12v-1.5h2a.5.5 0 0 0 .5-.5V8H12v2a2 2 0 0 1-2 2H8Zm2-12a2 2 0 0 1 2 2v2h-1.5V2a.5.5 0 0 0-.5-.5H8V0h2Z\" \/>\n\t\t\t<\/svg>\n\t\t<\/button><\/figure>\n\n\n\n<h2 class=\"wp-block-heading\">France enti\u00e8re&nbsp;: les violences sexuelles dans le cadre conjugal<\/h2>\n\n\n\n<p>En 2023, alors que les \u00e9trangers repr\u00e9sentent 8% de la population, ils repr\u00e9sentent une part importante des mis en cause pour violences sexuelles conjugales&nbsp;:<\/p>\n\n\n\n<ul class=\"wp-block-list\">\n<li>Viols conjugaux&nbsp;: 18%<\/li>\n\n\n\n<li>Agressions sexuelles&nbsp;: 13%<\/li>\n\n\n\n<li>Exploitation sexuelle&nbsp;: 11%<\/li>\n<\/ul>\n\n\n\n<figure data-wp-context=\"{&quot;imageId&quot;:&quot;69f524ec26cc0&quot;}\" data-wp-interactive=\"core\/image\" data-wp-key=\"69f524ec26cc0\" class=\"wp-block-image size-large wp-lightbox-container\"><img loading=\"lazy\" decoding=\"async\" width=\"1024\" height=\"705\" data-wp-class--hide=\"state.isContentHidden\" data-wp-class--show=\"state.isContentVisible\" data-wp-init=\"callbacks.setButtonStyles\" data-wp-on--click=\"actions.showLightbox\" data-wp-on--load=\"callbacks.setButtonStyles\" data-wp-on-window--resize=\"callbacks.setButtonStyles\" src=\"https:\/\/leseffrontes.fr\/wp-content\/uploads\/2025\/01\/18_05_mis_en_cause_pour_violences_conjugales_elucidees_2023-1024x705.jpeg\" alt=\"En 2023, alors que les \u00e9trangers repr\u00e9sentent 8% de la population, ils repr\u00e9sentent une part importante des mis en cause pour violences sexuelles conjugales\" class=\"wp-image-2755\" title=\"En 2023, alors que les \u00e9trangers repr\u00e9sentent 8% de la population, ils repr\u00e9sentent une part importante des mis en cause pour violences sexuelles conjugales\" srcset=\"https:\/\/leseffrontes.fr\/wp-content\/uploads\/2025\/01\/18_05_mis_en_cause_pour_violences_conjugales_elucidees_2023-1024x705.jpeg 1024w, https:\/\/leseffrontes.fr\/wp-content\/uploads\/2025\/01\/18_05_mis_en_cause_pour_violences_conjugales_elucidees_2023-300x207.jpeg 300w, https:\/\/leseffrontes.fr\/wp-content\/uploads\/2025\/01\/18_05_mis_en_cause_pour_violences_conjugales_elucidees_2023-768x529.jpeg 768w, https:\/\/leseffrontes.fr\/wp-content\/uploads\/2025\/01\/18_05_mis_en_cause_pour_violences_conjugales_elucidees_2023.jpeg 1200w\" sizes=\"auto, (max-width: 1024px) 100vw, 1024px\" \/><button\n\t\t\tclass=\"lightbox-trigger\"\n\t\t\ttype=\"button\"\n\t\t\taria-haspopup=\"dialog\"\n\t\t\taria-label=\"Agrandir\"\n\t\t\tdata-wp-init=\"callbacks.initTriggerButton\"\n\t\t\tdata-wp-on--click=\"actions.showLightbox\"\n\t\t\tdata-wp-style--right=\"state.imageButtonRight\"\n\t\t\tdata-wp-style--top=\"state.imageButtonTop\"\n\t\t>\n\t\t\t\n<svg xmlns=\"http:\/\/www.w3.org\/2000\/svg\" width=\"12\" height=\"12\" fill=\"none\" viewBox=\"0 0 12 12\">\n\t\t\t\t<path fill=\"#fff\" d=\"M2 0a2 2 0 0 0-2 2v2h1.5V2a.5.5 0 0 1 .5-.5h2V0H2Zm2 10.5H2a.5.5 0 0 1-.5-.5V8H0v2a2 2 0 0 0 2 2h2v-1.5ZM8 12v-1.5h2a.5.5 0 0 0 .5-.5V8H12v2a2 2 0 0 1-2 2H8Zm2-12a2 2 0 0 1 2 2v2h-1.5V2a.5.5 0 0 0-.5-.5H8V0h2Z\" \/>\n\t\t\t<\/svg>\n\t\t<\/button><\/figure>\n\n\n\n<h2 class=\"wp-block-heading\">\u00cele-de-France&nbsp;: les violences sexuelles<\/h2>\n\n\n\n<p>En 2023, alors que les \u00e9trangers repr\u00e9sentent 14% de la population francilienne, ils repr\u00e9sentent une part importante des mis en cause pour violences sexuelles&nbsp;:<\/p>\n\n\n\n<ul class=\"wp-block-list\">\n<li>Dans les transports en commun&nbsp;: 60%<\/li>\n\n\n\n<li>Tous lieux, hors transports en commun&nbsp;: 28%<\/li>\n<\/ul>\n\n\n\n<figure data-wp-context=\"{&quot;imageId&quot;:&quot;69f524ec272a3&quot;}\" data-wp-interactive=\"core\/image\" data-wp-key=\"69f524ec272a3\" class=\"wp-block-image size-large wp-lightbox-container\"><img loading=\"lazy\" decoding=\"async\" width=\"1024\" height=\"1024\" data-wp-class--hide=\"state.isContentHidden\" data-wp-class--show=\"state.isContentVisible\" data-wp-init=\"callbacks.setButtonStyles\" data-wp-on--click=\"actions.showLightbox\" data-wp-on--load=\"callbacks.setButtonStyles\" data-wp-on-window--resize=\"callbacks.setButtonStyles\" src=\"https:\/\/leseffrontes.fr\/wp-content\/uploads\/2025\/01\/18_06_mis_en_cause_pour_violences_sexuelles_en_transports_en_commun_2023-1024x1024.jpeg\" alt=\"En 2023, alors que les \u00e9trangers repr\u00e9sentent 14% de la population francilienne, ils repr\u00e9sentent une part importante des mis en cause pour violences sexuelles\" class=\"wp-image-2756\" title=\"En 2023, alors que les \u00e9trangers repr\u00e9sentent 14% de la population francilienne, ils repr\u00e9sentent une part importante des mis en cause pour violences sexuelles\" srcset=\"https:\/\/leseffrontes.fr\/wp-content\/uploads\/2025\/01\/18_06_mis_en_cause_pour_violences_sexuelles_en_transports_en_commun_2023-1024x1024.jpeg 1024w, https:\/\/leseffrontes.fr\/wp-content\/uploads\/2025\/01\/18_06_mis_en_cause_pour_violences_sexuelles_en_transports_en_commun_2023-300x300.jpeg 300w, https:\/\/leseffrontes.fr\/wp-content\/uploads\/2025\/01\/18_06_mis_en_cause_pour_violences_sexuelles_en_transports_en_commun_2023-150x150.jpeg 150w, https:\/\/leseffrontes.fr\/wp-content\/uploads\/2025\/01\/18_06_mis_en_cause_pour_violences_sexuelles_en_transports_en_commun_2023-768x768.jpeg 768w, https:\/\/leseffrontes.fr\/wp-content\/uploads\/2025\/01\/18_06_mis_en_cause_pour_violences_sexuelles_en_transports_en_commun_2023.jpeg 1200w\" sizes=\"auto, (max-width: 1024px) 100vw, 1024px\" \/><button\n\t\t\tclass=\"lightbox-trigger\"\n\t\t\ttype=\"button\"\n\t\t\taria-haspopup=\"dialog\"\n\t\t\taria-label=\"Agrandir\"\n\t\t\tdata-wp-init=\"callbacks.initTriggerButton\"\n\t\t\tdata-wp-on--click=\"actions.showLightbox\"\n\t\t\tdata-wp-style--right=\"state.imageButtonRight\"\n\t\t\tdata-wp-style--top=\"state.imageButtonTop\"\n\t\t>\n\t\t\t\n<svg xmlns=\"http:\/\/www.w3.org\/2000\/svg\" width=\"12\" height=\"12\" fill=\"none\" viewBox=\"0 0 12 12\">\n\t\t\t\t<path fill=\"#fff\" d=\"M2 0a2 2 0 0 0-2 2v2h1.5V2a.5.5 0 0 1 .5-.5h2V0H2Zm2 10.5H2a.5.5 0 0 1-.5-.5V8H0v2a2 2 0 0 0 2 2h2v-1.5ZM8 12v-1.5h2a.5.5 0 0 0 .5-.5V8H12v2a2 2 0 0 1-2 2H8Zm2-12a2 2 0 0 1 2 2v2h-1.5V2a.5.5 0 0 0-.5-.5H8V0h2Z\" \/>\n\t\t\t<\/svg>\n\t\t<\/button><\/figure>\n\n\n\n<h2 class=\"wp-block-heading\">Paris&nbsp;: les viols et viols de rue<\/h2>\n\n\n\n<p>En 2013-2014, alors que les \u00e9trangers repr\u00e9sentent 14% de la population parisienne, ils repr\u00e9sentent 52% des mis en cause pour viols dans la capitale.<\/p>\n\n\n\n<figure data-wp-context=\"{&quot;imageId&quot;:&quot;69f524ec277ef&quot;}\" data-wp-interactive=\"core\/image\" data-wp-key=\"69f524ec277ef\" class=\"wp-block-image size-large wp-lightbox-container\"><img loading=\"lazy\" decoding=\"async\" width=\"1024\" height=\"1024\" data-wp-class--hide=\"state.isContentHidden\" data-wp-class--show=\"state.isContentVisible\" data-wp-init=\"callbacks.setButtonStyles\" data-wp-on--click=\"actions.showLightbox\" data-wp-on--load=\"callbacks.setButtonStyles\" data-wp-on-window--resize=\"callbacks.setButtonStyles\" src=\"https:\/\/leseffrontes.fr\/wp-content\/uploads\/2025\/01\/18_07_mis_en_cause_pour_viols_2023-1024x1024.jpeg\" alt=\"En 2013-2014, alors que les \u00e9trangers repr\u00e9sentent 14% de la population parisienne, ils repr\u00e9sentent 52% des mis en cause pour viols dans la capitale\" class=\"wp-image-2758\" title=\"En 2013-2014, alors que les \u00e9trangers repr\u00e9sentent 14% de la population parisienne, ils repr\u00e9sentent 52% des mis en cause pour viols dans la capitale\" srcset=\"https:\/\/leseffrontes.fr\/wp-content\/uploads\/2025\/01\/18_07_mis_en_cause_pour_viols_2023-1024x1024.jpeg 1024w, https:\/\/leseffrontes.fr\/wp-content\/uploads\/2025\/01\/18_07_mis_en_cause_pour_viols_2023-300x300.jpeg 300w, https:\/\/leseffrontes.fr\/wp-content\/uploads\/2025\/01\/18_07_mis_en_cause_pour_viols_2023-150x150.jpeg 150w, https:\/\/leseffrontes.fr\/wp-content\/uploads\/2025\/01\/18_07_mis_en_cause_pour_viols_2023-768x769.jpeg 768w, https:\/\/leseffrontes.fr\/wp-content\/uploads\/2025\/01\/18_07_mis_en_cause_pour_viols_2023.jpeg 1199w\" sizes=\"auto, (max-width: 1024px) 100vw, 1024px\" \/><button\n\t\t\tclass=\"lightbox-trigger\"\n\t\t\ttype=\"button\"\n\t\t\taria-haspopup=\"dialog\"\n\t\t\taria-label=\"Agrandir\"\n\t\t\tdata-wp-init=\"callbacks.initTriggerButton\"\n\t\t\tdata-wp-on--click=\"actions.showLightbox\"\n\t\t\tdata-wp-style--right=\"state.imageButtonRight\"\n\t\t\tdata-wp-style--top=\"state.imageButtonTop\"\n\t\t>\n\t\t\t\n<svg xmlns=\"http:\/\/www.w3.org\/2000\/svg\" width=\"12\" height=\"12\" fill=\"none\" viewBox=\"0 0 12 12\">\n\t\t\t\t<path fill=\"#fff\" d=\"M2 0a2 2 0 0 0-2 2v2h1.5V2a.5.5 0 0 1 .5-.5h2V0H2Zm2 10.5H2a.5.5 0 0 1-.5-.5V8H0v2a2 2 0 0 0 2 2h2v-1.5ZM8 12v-1.5h2a.5.5 0 0 0 .5-.5V8H12v2a2 2 0 0 1-2 2H8Zm2-12a2 2 0 0 1 2 2v2h-1.5V2a.5.5 0 0 0-.5-.5H8V0h2Z\" \/>\n\t\t\t<\/svg>\n\t\t<\/button><\/figure>\n\n\n\n<p>En 2023, alors que les \u00e9trangers repr\u00e9sentent toujours 14% de la population parisienne, ils repr\u00e9sentent 77% des mis en cause pour viols commis dans la rue. Attention, le p\u00e9rim\u00e8tre \u00e9tant tr\u00e8s pr\u00e9cis, il ne s&rsquo;agit que de 28 personnes interpell\u00e9es.<\/p>\n\n\n\n<figure data-wp-context=\"{&quot;imageId&quot;:&quot;69f524ec27cf9&quot;}\" data-wp-interactive=\"core\/image\" data-wp-key=\"69f524ec27cf9\" class=\"wp-block-image size-large wp-lightbox-container\"><img loading=\"lazy\" decoding=\"async\" width=\"1024\" height=\"705\" data-wp-class--hide=\"state.isContentHidden\" data-wp-class--show=\"state.isContentVisible\" data-wp-init=\"callbacks.setButtonStyles\" data-wp-on--click=\"actions.showLightbox\" data-wp-on--load=\"callbacks.setButtonStyles\" data-wp-on-window--resize=\"callbacks.setButtonStyles\" src=\"https:\/\/leseffrontes.fr\/wp-content\/uploads\/2025\/01\/18_08_mis_en_cause_pour_viols_dans_les_rues_de_paris_2023-1024x705.jpeg\" alt=\"En 2023, alors que les \u00e9trangers repr\u00e9sentent toujours 14% de la population parisienne, ils repr\u00e9sentent 77% des mis en cause pour viols commis dans la rue\" class=\"wp-image-2759\" title=\"En 2023, alors que les \u00e9trangers repr\u00e9sentent toujours 14% de la population parisienne, ils repr\u00e9sentent 77% des mis en cause pour viols commis dans la rue\" srcset=\"https:\/\/leseffrontes.fr\/wp-content\/uploads\/2025\/01\/18_08_mis_en_cause_pour_viols_dans_les_rues_de_paris_2023-1024x705.jpeg 1024w, https:\/\/leseffrontes.fr\/wp-content\/uploads\/2025\/01\/18_08_mis_en_cause_pour_viols_dans_les_rues_de_paris_2023-300x207.jpeg 300w, https:\/\/leseffrontes.fr\/wp-content\/uploads\/2025\/01\/18_08_mis_en_cause_pour_viols_dans_les_rues_de_paris_2023-768x529.jpeg 768w, https:\/\/leseffrontes.fr\/wp-content\/uploads\/2025\/01\/18_08_mis_en_cause_pour_viols_dans_les_rues_de_paris_2023.jpeg 1200w\" sizes=\"auto, (max-width: 1024px) 100vw, 1024px\" \/><button\n\t\t\tclass=\"lightbox-trigger\"\n\t\t\ttype=\"button\"\n\t\t\taria-haspopup=\"dialog\"\n\t\t\taria-label=\"Agrandir\"\n\t\t\tdata-wp-init=\"callbacks.initTriggerButton\"\n\t\t\tdata-wp-on--click=\"actions.showLightbox\"\n\t\t\tdata-wp-style--right=\"state.imageButtonRight\"\n\t\t\tdata-wp-style--top=\"state.imageButtonTop\"\n\t\t>\n\t\t\t\n<svg xmlns=\"http:\/\/www.w3.org\/2000\/svg\" width=\"12\" height=\"12\" fill=\"none\" viewBox=\"0 0 12 12\">\n\t\t\t\t<path fill=\"#fff\" d=\"M2 0a2 2 0 0 0-2 2v2h1.5V2a.5.5 0 0 1 .5-.5h2V0H2Zm2 10.5H2a.5.5 0 0 1-.5-.5V8H0v2a2 2 0 0 0 2 2h2v-1.5ZM8 12v-1.5h2a.5.5 0 0 0 .5-.5V8H12v2a2 2 0 0 1-2 2H8Zm2-12a2 2 0 0 1 2 2v2h-1.5V2a.5.5 0 0 0-.5-.5H8V0h2Z\" \/>\n\t\t\t<\/svg>\n\t\t<\/button><\/figure>\n\n\n\n<h2 class=\"wp-block-heading\">Autres pays<\/h2>\n\n\n\n<p>Les \u00e9trangers, en particulier extra-europ\u00e9ens, sont surrepr\u00e9sent\u00e9s dans les violences chez tous nos voisins europ\u00e9ens. Les chiffres-cl\u00e9s dans ce billet&nbsp;: <a href=\"https:\/\/leseffrontes.fr\/index.php\/2025\/03\/08\/immigration-et-violences-sexuelles\/\">Immigration et violences sexuelles<\/a>.<\/p>","protected":false},"excerpt":{"rendered":"<p>Marc Vanguard diffuse sur Twitter des \u00e9l\u00e9ments de statistique sur l\u2019immigration. Nous republions son travail sur les Effront\u00e9s dans l\u2019espoir que cela nourrisse chez le lecteur une r\u00e9flexion raisonnable et mesur\u00e9e, au lieu des r\u00e9actions \u00e9motionnelles si fr\u00e9quentes sur ce sujet. \u2014 TB C&rsquo;est une question qui revient souvent&nbsp;: les&hellip;<\/p>\n<p><a class=\"excerpt-readmore\" href=\"https:\/\/leseffrontes.fr\/index.php\/2025\/01\/07\/immigration-et-violences-faites-aux-femmes\/\">Read More<\/a><\/p>","protected":false},"author":2,"featured_media":2761,"comment_status":"open","ping_status":"open","sticky":false,"template":"","format":"standard","meta":{"twitterCardType":"","cardImageID":0,"cardImage":"","cardTitle":"","cardDesc":"","cardImageAlt":"","cardPlayer":"","cardPlayerWidth":0,"cardPlayerHeight":0,"cardPlayerStream":"","cardPlayerCodec":"","footnotes":""},"categories":[7],"tags":[38,39,37],"class_list":["post-2749","post","type-post","status-publish","format-standard","has-post-thumbnail","hentry","category-faits","tag-criminalite","tag-immigration","tag-marc-vanguard","odd"],"_links":{"self":[{"href":"https:\/\/leseffrontes.fr\/index.php\/wp-json\/wp\/v2\/posts\/2749","targetHints":{"allow":["GET"]}}],"collection":[{"href":"https:\/\/leseffrontes.fr\/index.php\/wp-json\/wp\/v2\/posts"}],"about":[{"href":"https:\/\/leseffrontes.fr\/index.php\/wp-json\/wp\/v2\/types\/post"}],"author":[{"embeddable":true,"href":"https:\/\/leseffrontes.fr\/index.php\/wp-json\/wp\/v2\/users\/2"}],"replies":[{"embeddable":true,"href":"https:\/\/leseffrontes.fr\/index.php\/wp-json\/wp\/v2\/comments?post=2749"}],"version-history":[{"count":6,"href":"https:\/\/leseffrontes.fr\/index.php\/wp-json\/wp\/v2\/posts\/2749\/revisions"}],"predecessor-version":[{"id":2973,"href":"https:\/\/leseffrontes.fr\/index.php\/wp-json\/wp\/v2\/posts\/2749\/revisions\/2973"}],"wp:featuredmedia":[{"embeddable":true,"href":"https:\/\/leseffrontes.fr\/index.php\/wp-json\/wp\/v2\/media\/2761"}],"wp:attachment":[{"href":"https:\/\/leseffrontes.fr\/index.php\/wp-json\/wp\/v2\/media?parent=2749"}],"wp:term":[{"taxonomy":"category","embeddable":true,"href":"https:\/\/leseffrontes.fr\/index.php\/wp-json\/wp\/v2\/categories?post=2749"},{"taxonomy":"post_tag","embeddable":true,"href":"https:\/\/leseffrontes.fr\/index.php\/wp-json\/wp\/v2\/tags?post=2749"}],"curies":[{"name":"wp","href":"https:\/\/api.w.org\/{rel}","templated":true}]}}