{"id":2835,"date":"2025-02-28T16:13:54","date_gmt":"2025-02-28T15:13:54","guid":{"rendered":"https:\/\/leseffrontes.fr\/?p=2835"},"modified":"2025-03-02T13:05:07","modified_gmt":"2025-03-02T12:05:07","slug":"leffrontee-du-mois-de-fevrier-2025-anya","status":"publish","type":"post","link":"https:\/\/leseffrontes.fr\/index.php\/2025\/02\/28\/leffrontee-du-mois-de-fevrier-2025-anya\/","title":{"rendered":"L&rsquo;Effront\u00e9e du mois de f\u00e9vrier 2025\u00a0: Anya"},"content":{"rendered":"\n<blockquote class=\"wp-block-quote is-layout-flow wp-block-quote-is-layout-flow\">\n<p>\u2014 Chef, regarde comme elle est bonne&nbsp;!<\/p>\n\n\n\n<p>\u2014 Elle n\u2019est pas vilaine, en effet.<\/p>\n\n\n\n<p>\u2014 Pas vilaine&nbsp;? Tu plaisantes&nbsp;? Regarde sa peau\u2026 beaux cheveux\u2026 bonne croupe\u2026 Un peu maigre pour moi, mais toi tu aimes \u00e7a&nbsp;: elle est comme les statues dans ton jardin&nbsp;!<\/p>\n\n\n\n<p>\u2014 J\u2019aime mieux les statues.<\/p>\n\n\n\n<p>\u2014 Oh&nbsp;! Je ne te crois pas. Les statues, tu peux seulement les regarder. Elle par contre\u2026<\/p>\n\n\n\n<p>\u2014 Je ne suis pas le genre d\u2019homme qui court apr\u00e8s sa queue, Ibrahim. Que ferais-je d\u2019une femme&nbsp;? Je vis en paix avec mon fils adoptif et mes collections. J\u2019ai cess\u00e9 depuis longtemps de payer en querelles et en mauvaise humeur un bref soulagement physique.<\/p>\n\n\n\n<p>\u2014 Celle-l\u00e0, elle est gentille. Je te promets&nbsp;: elle n\u2019a pas \u00e9lev\u00e9 la voix de J\u00e9rusalem \u00e0 Carthage. Pas une plainte, pas un caprice\u2026<\/p>\n\n\n\n<p>\u2014 J\u00e9rusalem&nbsp;? C\u2019est donc une h\u00e9breu&nbsp;? Ce sont les plus p\u00e9nibles, me jurent mes amis h\u00e9breux.<\/p>\n\n\n\n<p>\u2014 Non, chef, c\u2019est une barbare du nord. Mon grossiste les ach\u00e8te aux Sarmates ou aux Alains quand ils ont des prisonni\u00e8res. Il les rassemble en Bithynie puis les vend sur les march\u00e9s d\u2019Orient\u00a0: en Lycie, en M\u00e9sopotamie, en Jud\u00e9e\u2026<\/p>\n\n\n\n<p>\u2014 Ah ben bravo&nbsp;! C\u2019est du circuit court \u00e7a&nbsp;? La pauvresse a d\u00e9j\u00e0 fait la moiti\u00e9 du tour du monde. Je ne veux m\u00eame pas savoir combien vous en avez perdu en route\u2026<\/p>\n\n\n\n<p>\u2014 Mais qu\u2019est-ce qui ne te pla\u00eet pas&nbsp;? Elle est jeune, elle est fertile, elle ne te co\u00fbtera presque rien en nourriture et en v\u00eatements.<\/p>\n\n\n\n<p>\u2014 Ce qui ne me pla\u00eet pas\u2026 Comment te dire&nbsp;? Autrefois je r\u00eavais de n\u2019\u00eatre pour une femme ni un ma\u00eetre, ni un esclave. Je croyais \u00e0 l\u2019amour. Je croyais \u00e0 la noblesse de l\u2019\u00e2me. Je croyais m\u00eame que le co\u00eft \u00e9tait un rite naturel par lequel deux \u00eatres pouvaient atteindre au sacr\u00e9.<\/p>\n\n\n\n<p>Ibrahim, \u00e0 son acolyte&nbsp;: \u2014 Qu\u2019est-ce qu\u2019il dit&nbsp;?<\/p>\n\n\n\n<p>\u2014 J\u2019ai cru \u00e0 tout cela. Avant de d\u00e9couvrir l\u2019ignoble marchandage&#8230;<\/p>\n\n\n\n<p>\u2014 Le marchandage c\u2019est la vie, mon chef&nbsp;!<\/p>\n\n\n\n<p>\u2014 Mariage, esclavage, c\u2019est pareil. Que le Ciel me garde de toucher encore \u00e0 l\u2019un ou \u00e0 l\u2019autre&nbsp;!<\/p>\n\n\n\n<p>\u2014 Pourtant on nous a dit que tu les collectionnes&nbsp;! C\u2019est pour \u00e7a que nous sommes venus jusqu\u2019\u00e0 toi&#8230;<\/p>\n\n\n\n<p>\u2014 Quoi, moi&nbsp;? Je collectionne les poteries raffin\u00e9es comme celle-ci. Si vous voulez que nous fassions affaire, trouvez-moi <em>une belle potiche<\/em>, pas une\u2026 \u00c7a y est, je viens de comprendre\u2026 Ne me dites pas que vous avez fait tout ce chemin en croyant que\u2026<\/p>\n\n\n\n<p>\u2014 On est d\u00e9sol\u00e9 si c\u2019est pas ce que tu veux. Si on avait su, il y a de tr\u00e8s tr\u00e8s belles poteries chez nous. La prochaine fois, s\u00fbr, on t\u2019apporte les meilleures. La fille, si tu la veux, on te fait moiti\u00e9 prix. T\u2019es pas oblig\u00e9 de la mettre dans ton lit. Elle peut d\u00e9corer chez toi comme les statues, si tu pr\u00e9f\u00e8res. Elle peut distraire ton fils, b\u00e9ni soit-il.<\/p>\n\n\n\n<p>\u2014 C\u2019est vrai qu\u2019il aurait besoin d\u2019apprendre les choses de la chair, pour ne pas les surestimer. Virginius&nbsp;?<\/p>\n\n\n\n<p>\u2014 P\u00e8re&nbsp;?<\/p>\n\n\n\n<p>\u2014 Elle te pla\u00eet&nbsp;?<\/p>\n\n\n\n<p>\u2014 Je ne saurais dire&#8230;<\/p>\n\n\n\n<p>\u2014 Ton p\u00e9nis a-t-il pris du volume en la contemplant&nbsp;? Ne ment pas.<\/p>\n\n\n\n<p>\u2014 Je\u2026 J\u2019avoue que\u2026<\/p>\n\n\n\n<p>\u2014 Alors march\u00e9 conclu, Ibrahim. Mais ne reparaissez plus chez moi avec une telle marchandise. Le plaisir se paye toujours&nbsp;; la f\u00e9licit\u00e9 ne peut s\u2019acheter.<\/p>\n<\/blockquote>\n\n\n\n<p>Illustration&nbsp;: <em>La s\u00e9duction de la belle esclave au palais<\/em>, par Henryk Siemiradzki, 1874<\/p>","protected":false},"excerpt":{"rendered":"<p>\u2014 Chef, regarde comme elle est bonne&nbsp;! \u2014 Elle n\u2019est pas vilaine, en effet. \u2014 Pas vilaine&nbsp;? Tu plaisantes&nbsp;? Regarde sa peau\u2026 beaux cheveux\u2026 bonne croupe\u2026 Un peu maigre pour moi, mais toi tu aimes \u00e7a&nbsp;: elle est comme les statues dans ton jardin&nbsp;! \u2014 J\u2019aime mieux les statues. \u2014&hellip;<\/p>\n<p><a class=\"excerpt-readmore\" href=\"https:\/\/leseffrontes.fr\/index.php\/2025\/02\/28\/leffrontee-du-mois-de-fevrier-2025-anya\/\">Read More<\/a><\/p>","protected":false},"author":2,"featured_media":2836,"comment_status":"open","ping_status":"open","sticky":false,"template":"","format":"standard","meta":{"twitterCardType":"","cardImageID":0,"cardImage":"","cardTitle":"","cardDesc":"","cardImageAlt":"","cardPlayer":"","cardPlayerWidth":0,"cardPlayerHeight":0,"cardPlayerStream":"","cardPlayerCodec":"","footnotes":""},"categories":[8],"tags":[64],"class_list":["post-2835","post","type-post","status-publish","format-standard","has-post-thumbnail","hentry","category-effronteedumois","tag-effrontee","odd"],"_links":{"self":[{"href":"https:\/\/leseffrontes.fr\/index.php\/wp-json\/wp\/v2\/posts\/2835","targetHints":{"allow":["GET"]}}],"collection":[{"href":"https:\/\/leseffrontes.fr\/index.php\/wp-json\/wp\/v2\/posts"}],"about":[{"href":"https:\/\/leseffrontes.fr\/index.php\/wp-json\/wp\/v2\/types\/post"}],"author":[{"embeddable":true,"href":"https:\/\/leseffrontes.fr\/index.php\/wp-json\/wp\/v2\/users\/2"}],"replies":[{"embeddable":true,"href":"https:\/\/leseffrontes.fr\/index.php\/wp-json\/wp\/v2\/comments?post=2835"}],"version-history":[{"count":3,"href":"https:\/\/leseffrontes.fr\/index.php\/wp-json\/wp\/v2\/posts\/2835\/revisions"}],"predecessor-version":[{"id":2840,"href":"https:\/\/leseffrontes.fr\/index.php\/wp-json\/wp\/v2\/posts\/2835\/revisions\/2840"}],"wp:featuredmedia":[{"embeddable":true,"href":"https:\/\/leseffrontes.fr\/index.php\/wp-json\/wp\/v2\/media\/2836"}],"wp:attachment":[{"href":"https:\/\/leseffrontes.fr\/index.php\/wp-json\/wp\/v2\/media?parent=2835"}],"wp:term":[{"taxonomy":"category","embeddable":true,"href":"https:\/\/leseffrontes.fr\/index.php\/wp-json\/wp\/v2\/categories?post=2835"},{"taxonomy":"post_tag","embeddable":true,"href":"https:\/\/leseffrontes.fr\/index.php\/wp-json\/wp\/v2\/tags?post=2835"}],"curies":[{"name":"wp","href":"https:\/\/api.w.org\/{rel}","templated":true}]}}