{"id":2843,"date":"2025-03-08T18:41:28","date_gmt":"2025-03-08T17:41:28","guid":{"rendered":"https:\/\/leseffrontes.fr\/?p=2843"},"modified":"2025-07-05T15:14:48","modified_gmt":"2025-07-05T13:14:48","slug":"immigration-et-violences-sexuelles","status":"publish","type":"post","link":"https:\/\/leseffrontes.fr\/index.php\/2025\/03\/08\/immigration-et-violences-sexuelles\/","title":{"rendered":"Immigration et violences sexuelles"},"content":{"rendered":"\n<p><br><em>Marc Vanguard diffuse sur Twitter des \u00e9l\u00e9ments de statistique sur l\u2019immigration. Nous republions son travail sur les Effront\u00e9s dans l\u2019espoir que cela nourrisse chez le lecteur une r\u00e9flexion raisonnable et mesur\u00e9e, au lieu des r\u00e9actions \u00e9motionnelles si fr\u00e9quentes sur ce sujet. \u2014 TB<\/em><\/p>\n\n\n\n<h2 class=\"wp-block-heading\">R\u00e9v\u00e9lations issues des statistiques de sept pays europ\u00e9ens<\/h2>\n\n\n\n<p>Le 8 mars, Journ\u00e9e internationale des droits des femmes, est l&rsquo;occasion de faire le point sur le lien entre immigration et violences sexuelles. Dans notre pays, comme ailleurs, les \u00e9trangers sont surrepr\u00e9sent\u00e9s dans les mises en cause pour violences sexuelles. Ils repr\u00e9sentent 8% de la population, mais&nbsp;:<\/p>\n\n\n\n<ul class=\"wp-block-list\">\n<li>13% des mis en cause pour viol hors cadre familial<\/li>\n\n\n\n<li>18% des mis en cause pour viol conjugal<\/li>\n<\/ul>\n\n\n\n<p>Plus concr\u00e8tement pour 50.000 citoyens fran\u00e7ais pr\u00e9sents en France, 6 ont \u00e9t\u00e9 mis en cause pour violences conjugales en 2023. Mais pour 50.000 \u00e9trangers, 14 ont \u00e9t\u00e9 mis en cause dans l&rsquo;ann\u00e9e pour ce type de crimes et d\u00e9lits&nbsp;!<\/p>\n\n\n\n<figure data-wp-context=\"{&quot;imageId&quot;:&quot;69f188f30eb12&quot;}\" data-wp-interactive=\"core\/image\" data-wp-key=\"69f188f30eb12\" class=\"wp-block-image size-large wp-lightbox-container\"><img loading=\"lazy\" decoding=\"async\" width=\"1024\" height=\"706\" data-wp-class--hide=\"state.isContentHidden\" data-wp-class--show=\"state.isContentVisible\" data-wp-init=\"callbacks.setButtonStyles\" data-wp-on--click=\"actions.showLightbox\" data-wp-on--load=\"callbacks.setButtonStyles\" data-wp-on-window--resize=\"callbacks.setButtonStyles\" src=\"https:\/\/leseffrontes.fr\/wp-content\/uploads\/2025\/03\/19_01_surrepresentation_des_etrangers_dans_les_viols_et_tentatives-1024x706.jpeg\" alt=\"La surrepr\u00e9sentation des \u00e9trangers se v\u00e9rifie aussi bien dans les infractions commises dans le cadre familial qu'en dehors\" class=\"wp-image-2845\" title=\"La surrepr\u00e9sentation des \u00e9trangers se v\u00e9rifie aussi bien dans les infractions commises dans le cadre familial qu'en dehors\" srcset=\"https:\/\/leseffrontes.fr\/wp-content\/uploads\/2025\/03\/19_01_surrepresentation_des_etrangers_dans_les_viols_et_tentatives-1024x706.jpeg 1024w, https:\/\/leseffrontes.fr\/wp-content\/uploads\/2025\/03\/19_01_surrepresentation_des_etrangers_dans_les_viols_et_tentatives-300x207.jpeg 300w, https:\/\/leseffrontes.fr\/wp-content\/uploads\/2025\/03\/19_01_surrepresentation_des_etrangers_dans_les_viols_et_tentatives-768x529.jpeg 768w, https:\/\/leseffrontes.fr\/wp-content\/uploads\/2025\/03\/19_01_surrepresentation_des_etrangers_dans_les_viols_et_tentatives.jpeg 1200w\" sizes=\"auto, (max-width: 1024px) 100vw, 1024px\" \/><button\n\t\t\tclass=\"lightbox-trigger\"\n\t\t\ttype=\"button\"\n\t\t\taria-haspopup=\"dialog\"\n\t\t\taria-label=\"Agrandir\"\n\t\t\tdata-wp-init=\"callbacks.initTriggerButton\"\n\t\t\tdata-wp-on--click=\"actions.showLightbox\"\n\t\t\tdata-wp-style--right=\"state.imageButtonRight\"\n\t\t\tdata-wp-style--top=\"state.imageButtonTop\"\n\t\t>\n\t\t\t\n<svg xmlns=\"http:\/\/www.w3.org\/2000\/svg\" width=\"12\" height=\"12\" fill=\"none\" viewBox=\"0 0 12 12\">\n\t\t\t\t<path fill=\"#fff\" d=\"M2 0a2 2 0 0 0-2 2v2h1.5V2a.5.5 0 0 1 .5-.5h2V0H2Zm2 10.5H2a.5.5 0 0 1-.5-.5V8H0v2a2 2 0 0 0 2 2h2v-1.5ZM8 12v-1.5h2a.5.5 0 0 0 .5-.5V8H12v2a2 2 0 0 1-2 2H8Zm2-12a2 2 0 0 1 2 2v2h-1.5V2a.5.5 0 0 0-.5-.5H8V0h2Z\" \/>\n\t\t\t<\/svg>\n\t\t<\/button><\/figure>\n\n\n\n<p>Idem concernant les f\u00e9minicides&nbsp;:<\/p>\n\n\n\n<figure data-wp-context=\"{&quot;imageId&quot;:&quot;69f188f30f045&quot;}\" data-wp-interactive=\"core\/image\" data-wp-key=\"69f188f30f045\" class=\"wp-block-image size-large wp-lightbox-container\"><img loading=\"lazy\" decoding=\"async\" width=\"1024\" height=\"705\" data-wp-class--hide=\"state.isContentHidden\" data-wp-class--show=\"state.isContentVisible\" data-wp-init=\"callbacks.setButtonStyles\" data-wp-on--click=\"actions.showLightbox\" data-wp-on--load=\"callbacks.setButtonStyles\" data-wp-on-window--resize=\"callbacks.setButtonStyles\" src=\"https:\/\/leseffrontes.fr\/wp-content\/uploads\/2025\/03\/19_02_surrepresentation_des_etrangers_dans_les_violences_sexuelles-1024x705.jpeg\" alt=\"En France, les \u00e9trangers sont tr\u00e8s surrepr\u00e9sent\u00e9s dans les mis en cause pour violences sexuelles\" class=\"wp-image-2846\" title=\"En France, les \u00e9trangers sont tr\u00e8s surrepr\u00e9sent\u00e9s dans les mis en cause pour violences sexuelles\" srcset=\"https:\/\/leseffrontes.fr\/wp-content\/uploads\/2025\/03\/19_02_surrepresentation_des_etrangers_dans_les_violences_sexuelles-1024x705.jpeg 1024w, https:\/\/leseffrontes.fr\/wp-content\/uploads\/2025\/03\/19_02_surrepresentation_des_etrangers_dans_les_violences_sexuelles-300x207.jpeg 300w, https:\/\/leseffrontes.fr\/wp-content\/uploads\/2025\/03\/19_02_surrepresentation_des_etrangers_dans_les_violences_sexuelles-768x529.jpeg 768w, https:\/\/leseffrontes.fr\/wp-content\/uploads\/2025\/03\/19_02_surrepresentation_des_etrangers_dans_les_violences_sexuelles.jpeg 1200w\" sizes=\"auto, (max-width: 1024px) 100vw, 1024px\" \/><button\n\t\t\tclass=\"lightbox-trigger\"\n\t\t\ttype=\"button\"\n\t\t\taria-haspopup=\"dialog\"\n\t\t\taria-label=\"Agrandir\"\n\t\t\tdata-wp-init=\"callbacks.initTriggerButton\"\n\t\t\tdata-wp-on--click=\"actions.showLightbox\"\n\t\t\tdata-wp-style--right=\"state.imageButtonRight\"\n\t\t\tdata-wp-style--top=\"state.imageButtonTop\"\n\t\t>\n\t\t\t\n<svg xmlns=\"http:\/\/www.w3.org\/2000\/svg\" width=\"12\" height=\"12\" fill=\"none\" viewBox=\"0 0 12 12\">\n\t\t\t\t<path fill=\"#fff\" d=\"M2 0a2 2 0 0 0-2 2v2h1.5V2a.5.5 0 0 1 .5-.5h2V0H2Zm2 10.5H2a.5.5 0 0 1-.5-.5V8H0v2a2 2 0 0 0 2 2h2v-1.5ZM8 12v-1.5h2a.5.5 0 0 0 .5-.5V8H12v2a2 2 0 0 1-2 2H8Zm2-12a2 2 0 0 1 2 2v2h-1.5V2a.5.5 0 0 0-.5-.5H8V0h2Z\" \/>\n\t\t\t<\/svg>\n\t\t<\/button><\/figure>\n\n\n\n<p>Pour 500.000 citoyens fran\u00e7ais pr\u00e9sents en France, 3 ont commis un homicide conjugal en 2023. Pour 500.000 \u00e9trangers de nationalit\u00e9s hors Union europ\u00e9enne, 11 ont commis ce type de crime en 2023. Un taux pr\u00e8s de 4 fois plus \u00e9lev\u00e9&nbsp;!<\/p>\n\n\n\n<figure data-wp-context=\"{&quot;imageId&quot;:&quot;69f188f30f531&quot;}\" data-wp-interactive=\"core\/image\" data-wp-key=\"69f188f30f531\" class=\"wp-block-image size-large wp-lightbox-container\"><img loading=\"lazy\" decoding=\"async\" width=\"1024\" height=\"706\" data-wp-class--hide=\"state.isContentHidden\" data-wp-class--show=\"state.isContentVisible\" data-wp-init=\"callbacks.setButtonStyles\" data-wp-on--click=\"actions.showLightbox\" data-wp-on--load=\"callbacks.setButtonStyles\" data-wp-on-window--resize=\"callbacks.setButtonStyles\" src=\"https:\/\/leseffrontes.fr\/wp-content\/uploads\/2025\/03\/19_03_surrepresentation_des_etrangers_dans_les_feminicides-1024x706.jpeg\" alt=\"En France, les \u00e9trangers extra-europ\u00e9ens sont tr\u00e8s nettement surrepr\u00e9sent\u00e9s parmi les auteurs de f\u00e9minicides\" class=\"wp-image-2847\" title=\"En France, les \u00e9trangers extra-europ\u00e9ens sont tr\u00e8s nettement surrepr\u00e9sent\u00e9s parmi les auteurs de f\u00e9minicides\" srcset=\"https:\/\/leseffrontes.fr\/wp-content\/uploads\/2025\/03\/19_03_surrepresentation_des_etrangers_dans_les_feminicides-1024x706.jpeg 1024w, https:\/\/leseffrontes.fr\/wp-content\/uploads\/2025\/03\/19_03_surrepresentation_des_etrangers_dans_les_feminicides-300x207.jpeg 300w, https:\/\/leseffrontes.fr\/wp-content\/uploads\/2025\/03\/19_03_surrepresentation_des_etrangers_dans_les_feminicides-768x529.jpeg 768w, https:\/\/leseffrontes.fr\/wp-content\/uploads\/2025\/03\/19_03_surrepresentation_des_etrangers_dans_les_feminicides.jpeg 1200w\" sizes=\"auto, (max-width: 1024px) 100vw, 1024px\" \/><button\n\t\t\tclass=\"lightbox-trigger\"\n\t\t\ttype=\"button\"\n\t\t\taria-haspopup=\"dialog\"\n\t\t\taria-label=\"Agrandir\"\n\t\t\tdata-wp-init=\"callbacks.initTriggerButton\"\n\t\t\tdata-wp-on--click=\"actions.showLightbox\"\n\t\t\tdata-wp-style--right=\"state.imageButtonRight\"\n\t\t\tdata-wp-style--top=\"state.imageButtonTop\"\n\t\t>\n\t\t\t\n<svg xmlns=\"http:\/\/www.w3.org\/2000\/svg\" width=\"12\" height=\"12\" fill=\"none\" viewBox=\"0 0 12 12\">\n\t\t\t\t<path fill=\"#fff\" d=\"M2 0a2 2 0 0 0-2 2v2h1.5V2a.5.5 0 0 1 .5-.5h2V0H2Zm2 10.5H2a.5.5 0 0 1-.5-.5V8H0v2a2 2 0 0 0 2 2h2v-1.5ZM8 12v-1.5h2a.5.5 0 0 0 .5-.5V8H12v2a2 2 0 0 1-2 2H8Zm2-12a2 2 0 0 1 2 2v2h-1.5V2a.5.5 0 0 0-.5-.5H8V0h2Z\" \/>\n\t\t\t<\/svg>\n\t\t<\/button><\/figure>\n\n\n\n<p>Que nous disent les tous derniers chiffres pour 2024&nbsp;? Pour les violences sexuelles dans leur ensemble, le taux de mis en cause pour les \u00e9trangers africains est 2,2 fois sup\u00e9rieur \u00e0 celui des ressortissants fran\u00e7ais.<\/p>\n\n\n\n<figure data-wp-context=\"{&quot;imageId&quot;:&quot;69f188f30f9d5&quot;}\" data-wp-interactive=\"core\/image\" data-wp-key=\"69f188f30f9d5\" class=\"wp-block-image size-large wp-lightbox-container\"><img loading=\"lazy\" decoding=\"async\" width=\"1024\" height=\"705\" data-wp-class--hide=\"state.isContentHidden\" data-wp-class--show=\"state.isContentVisible\" data-wp-init=\"callbacks.setButtonStyles\" data-wp-on--click=\"actions.showLightbox\" data-wp-on--load=\"callbacks.setButtonStyles\" data-wp-on-window--resize=\"callbacks.setButtonStyles\" src=\"https:\/\/leseffrontes.fr\/wp-content\/uploads\/2025\/03\/19_04_taux_de_mis_en_cause_pour_violences_sexuelles_des_etrangers_africains-1024x705.jpeg\" alt=\"En France, le taux de mis en cause pour violences sexuelles des \u00e9trangers africaines est 2,2 fois sup\u00e9rieur \u00e0 celui des Fran\u00e7ais\" class=\"wp-image-2848\" title=\"En France, le taux de mis en cause pour violences sexuelles des \u00e9trangers africaines est 2,2 fois sup\u00e9rieur \u00e0 celui des Fran\u00e7ais\" srcset=\"https:\/\/leseffrontes.fr\/wp-content\/uploads\/2025\/03\/19_04_taux_de_mis_en_cause_pour_violences_sexuelles_des_etrangers_africains-1024x705.jpeg 1024w, https:\/\/leseffrontes.fr\/wp-content\/uploads\/2025\/03\/19_04_taux_de_mis_en_cause_pour_violences_sexuelles_des_etrangers_africains-300x207.jpeg 300w, https:\/\/leseffrontes.fr\/wp-content\/uploads\/2025\/03\/19_04_taux_de_mis_en_cause_pour_violences_sexuelles_des_etrangers_africains-768x529.jpeg 768w, https:\/\/leseffrontes.fr\/wp-content\/uploads\/2025\/03\/19_04_taux_de_mis_en_cause_pour_violences_sexuelles_des_etrangers_africains.jpeg 1200w\" sizes=\"auto, (max-width: 1024px) 100vw, 1024px\" \/><button\n\t\t\tclass=\"lightbox-trigger\"\n\t\t\ttype=\"button\"\n\t\t\taria-haspopup=\"dialog\"\n\t\t\taria-label=\"Agrandir\"\n\t\t\tdata-wp-init=\"callbacks.initTriggerButton\"\n\t\t\tdata-wp-on--click=\"actions.showLightbox\"\n\t\t\tdata-wp-style--right=\"state.imageButtonRight\"\n\t\t\tdata-wp-style--top=\"state.imageButtonTop\"\n\t\t>\n\t\t\t\n<svg xmlns=\"http:\/\/www.w3.org\/2000\/svg\" width=\"12\" height=\"12\" fill=\"none\" viewBox=\"0 0 12 12\">\n\t\t\t\t<path fill=\"#fff\" d=\"M2 0a2 2 0 0 0-2 2v2h1.5V2a.5.5 0 0 1 .5-.5h2V0H2Zm2 10.5H2a.5.5 0 0 1-.5-.5V8H0v2a2 2 0 0 0 2 2h2v-1.5ZM8 12v-1.5h2a.5.5 0 0 0 .5-.5V8H12v2a2 2 0 0 1-2 2H8Zm2-12a2 2 0 0 1 2 2v2h-1.5V2a.5.5 0 0 0-.5-.5H8V0h2Z\" \/>\n\t\t\t<\/svg>\n\t\t<\/button><\/figure>\n\n\n\n<p>On va tout de suite voir que la France n&rsquo;a rien d&rsquo;une exception. En effet, j&rsquo;ai analys\u00e9 pour vous les chiffres issus des donn\u00e9es polici\u00e8res et judiciaires de sept pays europ\u00e9ens. Ils repr\u00e9sentent au total une population de 300 millions d&rsquo;habitants. Difficile de faire plus robuste.<\/p>\n\n\n\n<figure data-wp-context=\"{&quot;imageId&quot;:&quot;69f188f30fe32&quot;}\" data-wp-interactive=\"core\/image\" data-wp-key=\"69f188f30fe32\" class=\"wp-block-image size-large wp-lightbox-container\"><img loading=\"lazy\" decoding=\"async\" width=\"1024\" height=\"702\" data-wp-class--hide=\"state.isContentHidden\" data-wp-class--show=\"state.isContentVisible\" data-wp-init=\"callbacks.setButtonStyles\" data-wp-on--click=\"actions.showLightbox\" data-wp-on--load=\"callbacks.setButtonStyles\" data-wp-on-window--resize=\"callbacks.setButtonStyles\" src=\"https:\/\/leseffrontes.fr\/wp-content\/uploads\/2025\/03\/19_05_perimetre_des_donnes_poicieres_et_judiciaires_sept_pays_d_europe_occidentale-1024x702.jpeg\" alt=\"P\u00e9rim\u00e8tre&nbsp;: donn\u00e9es polici\u00e8res et judiciaires officielles pour sept pays d'Europe occidentale\" class=\"wp-image-2849\" title=\"P\u00e9rim\u00e8tre&nbsp;: donn\u00e9es polici\u00e8res et judiciaires officielles pour sept pays d'Europe occidentale\" srcset=\"https:\/\/leseffrontes.fr\/wp-content\/uploads\/2025\/03\/19_05_perimetre_des_donnes_poicieres_et_judiciaires_sept_pays_d_europe_occidentale-1024x702.jpeg 1024w, https:\/\/leseffrontes.fr\/wp-content\/uploads\/2025\/03\/19_05_perimetre_des_donnes_poicieres_et_judiciaires_sept_pays_d_europe_occidentale-300x206.jpeg 300w, https:\/\/leseffrontes.fr\/wp-content\/uploads\/2025\/03\/19_05_perimetre_des_donnes_poicieres_et_judiciaires_sept_pays_d_europe_occidentale-768x527.jpeg 768w, https:\/\/leseffrontes.fr\/wp-content\/uploads\/2025\/03\/19_05_perimetre_des_donnes_poicieres_et_judiciaires_sept_pays_d_europe_occidentale.jpeg 1200w\" sizes=\"auto, (max-width: 1024px) 100vw, 1024px\" \/><button\n\t\t\tclass=\"lightbox-trigger\"\n\t\t\ttype=\"button\"\n\t\t\taria-haspopup=\"dialog\"\n\t\t\taria-label=\"Agrandir\"\n\t\t\tdata-wp-init=\"callbacks.initTriggerButton\"\n\t\t\tdata-wp-on--click=\"actions.showLightbox\"\n\t\t\tdata-wp-style--right=\"state.imageButtonRight\"\n\t\t\tdata-wp-style--top=\"state.imageButtonTop\"\n\t\t>\n\t\t\t\n<svg xmlns=\"http:\/\/www.w3.org\/2000\/svg\" width=\"12\" height=\"12\" fill=\"none\" viewBox=\"0 0 12 12\">\n\t\t\t\t<path fill=\"#fff\" d=\"M2 0a2 2 0 0 0-2 2v2h1.5V2a.5.5 0 0 1 .5-.5h2V0H2Zm2 10.5H2a.5.5 0 0 1-.5-.5V8H0v2a2 2 0 0 0 2 2h2v-1.5ZM8 12v-1.5h2a.5.5 0 0 0 .5-.5V8H12v2a2 2 0 0 1-2 2H8Zm2-12a2 2 0 0 1 2 2v2h-1.5V2a.5.5 0 0 0-.5-.5H8V0h2Z\" \/>\n\t\t\t<\/svg>\n\t\t<\/button><\/figure>\n\n\n\n<p>Allemagne&nbsp;: taux de mis en cause des \u00e9trangers africains pour viol 8 fois plus \u00e9lev\u00e9 que celui des Allemands. Pourcentage d&rsquo;\u00e9trangers parmi les mis en cause pour&nbsp;:<\/p>\n\n\n\n<ul class=\"wp-block-list\">\n<li>Viols et agressions sexuelles&nbsp;: 37%<\/li>\n\n\n\n<li>Viols en r\u00e9union&nbsp;: 61% (voir ce billet d\u00e9taill\u00e9&nbsp;: <a href=\"https:\/\/leseffrontes.fr\/index.php\/2025\/02\/04\/les-viols-en-reunion-en-allemagne\/\">Les viols en r\u00e9union en Allemagne<\/a>)<\/li>\n\n\n\n<li>Mariages forc\u00e9s&nbsp;: 76%<\/li>\n<\/ul>\n\n\n\n<figure data-wp-context=\"{&quot;imageId&quot;:&quot;69f188f31030e&quot;}\" data-wp-interactive=\"core\/image\" data-wp-key=\"69f188f31030e\" class=\"wp-block-image size-large wp-lightbox-container\"><img loading=\"lazy\" decoding=\"async\" width=\"1024\" height=\"710\" data-wp-class--hide=\"state.isContentHidden\" data-wp-class--show=\"state.isContentVisible\" data-wp-init=\"callbacks.setButtonStyles\" data-wp-on--click=\"actions.showLightbox\" data-wp-on--load=\"callbacks.setButtonStyles\" data-wp-on-window--resize=\"callbacks.setButtonStyles\" src=\"https:\/\/leseffrontes.fr\/wp-content\/uploads\/2025\/03\/19_06_allemagne_taux_de_mis_en_cause_des_etrangers_africains-1024x710.jpeg\" alt=\"En Allemagne, le taux de mis en cause pour viols des \u00e9trangers africains est 8 fois sup\u00e9rieur \u00e0 celui des Allemands\" class=\"wp-image-2851\" title=\"En Allemagne, le taux de mis en cause pour viols des \u00e9trangers africains est 8 fois sup\u00e9rieur \u00e0 celui des Allemands\" srcset=\"https:\/\/leseffrontes.fr\/wp-content\/uploads\/2025\/03\/19_06_allemagne_taux_de_mis_en_cause_des_etrangers_africains-1024x710.jpeg 1024w, https:\/\/leseffrontes.fr\/wp-content\/uploads\/2025\/03\/19_06_allemagne_taux_de_mis_en_cause_des_etrangers_africains-300x208.jpeg 300w, https:\/\/leseffrontes.fr\/wp-content\/uploads\/2025\/03\/19_06_allemagne_taux_de_mis_en_cause_des_etrangers_africains-768x532.jpeg 768w, https:\/\/leseffrontes.fr\/wp-content\/uploads\/2025\/03\/19_06_allemagne_taux_de_mis_en_cause_des_etrangers_africains.jpeg 1200w\" sizes=\"auto, (max-width: 1024px) 100vw, 1024px\" \/><button\n\t\t\tclass=\"lightbox-trigger\"\n\t\t\ttype=\"button\"\n\t\t\taria-haspopup=\"dialog\"\n\t\t\taria-label=\"Agrandir\"\n\t\t\tdata-wp-init=\"callbacks.initTriggerButton\"\n\t\t\tdata-wp-on--click=\"actions.showLightbox\"\n\t\t\tdata-wp-style--right=\"state.imageButtonRight\"\n\t\t\tdata-wp-style--top=\"state.imageButtonTop\"\n\t\t>\n\t\t\t\n<svg xmlns=\"http:\/\/www.w3.org\/2000\/svg\" width=\"12\" height=\"12\" fill=\"none\" viewBox=\"0 0 12 12\">\n\t\t\t\t<path fill=\"#fff\" d=\"M2 0a2 2 0 0 0-2 2v2h1.5V2a.5.5 0 0 1 .5-.5h2V0H2Zm2 10.5H2a.5.5 0 0 1-.5-.5V8H0v2a2 2 0 0 0 2 2h2v-1.5ZM8 12v-1.5h2a.5.5 0 0 0 .5-.5V8H12v2a2 2 0 0 1-2 2H8Zm2-12a2 2 0 0 1 2 2v2h-1.5V2a.5.5 0 0 0-.5-.5H8V0h2Z\" \/>\n\t\t\t<\/svg>\n\t\t<\/button><\/figure>\n\n\n\n<p>Italie&nbsp;: taux de mis en cause des \u00e9trangers africains pour violences sexuelles&nbsp;: 14 fois plus \u00e9lev\u00e9 que celui des Italiens. Pourcentage d&rsquo;\u00e9trangers parmi les mis en cause pour&nbsp;:<\/p>\n\n\n\n<ul class=\"wp-block-list\">\n<li>Violences sexuelles&nbsp;: 42%<\/li>\n\n\n\n<li>Infractions sur mineurs&nbsp;: 31%<\/li>\n<\/ul>\n\n\n\n<figure data-wp-context=\"{&quot;imageId&quot;:&quot;69f188f310798&quot;}\" data-wp-interactive=\"core\/image\" data-wp-key=\"69f188f310798\" class=\"wp-block-image size-large wp-lightbox-container\"><img loading=\"lazy\" decoding=\"async\" width=\"1024\" height=\"704\" data-wp-class--hide=\"state.isContentHidden\" data-wp-class--show=\"state.isContentVisible\" data-wp-init=\"callbacks.setButtonStyles\" data-wp-on--click=\"actions.showLightbox\" data-wp-on--load=\"callbacks.setButtonStyles\" data-wp-on-window--resize=\"callbacks.setButtonStyles\" src=\"https:\/\/leseffrontes.fr\/wp-content\/uploads\/2025\/03\/19_07_italie_taux_de_mis_en_cause_des_etrangers_africains-1024x704.jpeg\" alt=\"En Italie, le taux de mis en cause pour violences sexuelles des \u00e9trangers africains est 14 fois sup\u00e9rieur \u00e0 celui des Italiens\" class=\"wp-image-2852\" title=\"En Italie, le taux de mis en cause pour violences sexuelles des \u00e9trangers africains est 14 fois sup\u00e9rieur \u00e0 celui des Italiens\" srcset=\"https:\/\/leseffrontes.fr\/wp-content\/uploads\/2025\/03\/19_07_italie_taux_de_mis_en_cause_des_etrangers_africains-1024x704.jpeg 1024w, https:\/\/leseffrontes.fr\/wp-content\/uploads\/2025\/03\/19_07_italie_taux_de_mis_en_cause_des_etrangers_africains-300x206.jpeg 300w, https:\/\/leseffrontes.fr\/wp-content\/uploads\/2025\/03\/19_07_italie_taux_de_mis_en_cause_des_etrangers_africains-768x528.jpeg 768w, https:\/\/leseffrontes.fr\/wp-content\/uploads\/2025\/03\/19_07_italie_taux_de_mis_en_cause_des_etrangers_africains.jpeg 1200w\" sizes=\"auto, (max-width: 1024px) 100vw, 1024px\" \/><button\n\t\t\tclass=\"lightbox-trigger\"\n\t\t\ttype=\"button\"\n\t\t\taria-haspopup=\"dialog\"\n\t\t\taria-label=\"Agrandir\"\n\t\t\tdata-wp-init=\"callbacks.initTriggerButton\"\n\t\t\tdata-wp-on--click=\"actions.showLightbox\"\n\t\t\tdata-wp-style--right=\"state.imageButtonRight\"\n\t\t\tdata-wp-style--top=\"state.imageButtonTop\"\n\t\t>\n\t\t\t\n<svg xmlns=\"http:\/\/www.w3.org\/2000\/svg\" width=\"12\" height=\"12\" fill=\"none\" viewBox=\"0 0 12 12\">\n\t\t\t\t<path fill=\"#fff\" d=\"M2 0a2 2 0 0 0-2 2v2h1.5V2a.5.5 0 0 1 .5-.5h2V0H2Zm2 10.5H2a.5.5 0 0 1-.5-.5V8H0v2a2 2 0 0 0 2 2h2v-1.5ZM8 12v-1.5h2a.5.5 0 0 0 .5-.5V8H12v2a2 2 0 0 1-2 2H8Zm2-12a2 2 0 0 1 2 2v2h-1.5V2a.5.5 0 0 0-.5-.5H8V0h2Z\" \/>\n\t\t\t<\/svg>\n\t\t<\/button><\/figure>\n\n\n\n<p>Espagne&nbsp;: taux de mis en cause des \u00e9trangers pour viols 14 fois plus \u00e9lev\u00e9 que celui des Espagnols. Pourcentage d&rsquo;\u00e9trangers parmi les mis en cause pour&nbsp;:<\/p>\n\n\n\n<p>Viols&nbsp;: 39%<\/p>\n\n\n\n<p>Infractions sur mineurs&nbsp;: 24%<\/p>\n\n\n\n<figure data-wp-context=\"{&quot;imageId&quot;:&quot;69f188f310ca8&quot;}\" data-wp-interactive=\"core\/image\" data-wp-key=\"69f188f310ca8\" class=\"wp-block-image size-large wp-lightbox-container\"><img loading=\"lazy\" decoding=\"async\" width=\"1024\" height=\"707\" data-wp-class--hide=\"state.isContentHidden\" data-wp-class--show=\"state.isContentVisible\" data-wp-init=\"callbacks.setButtonStyles\" data-wp-on--click=\"actions.showLightbox\" data-wp-on--load=\"callbacks.setButtonStyles\" data-wp-on-window--resize=\"callbacks.setButtonStyles\" src=\"https:\/\/leseffrontes.fr\/wp-content\/uploads\/2025\/03\/19_08_espagne_taux_de_mis_en_cause_des_etrangers-1024x707.jpeg\" alt=\"En Espagne, le taux de mis en cause pour viols des \u00e9trangers est 5 fois sup\u00e9rieur \u00e0 celui des Espagnols\" class=\"wp-image-2853\" title=\"En Espagne, le taux de mis en cause pour viols des \u00e9trangers est 5 fois sup\u00e9rieur \u00e0 celui des Espagnols\" srcset=\"https:\/\/leseffrontes.fr\/wp-content\/uploads\/2025\/03\/19_08_espagne_taux_de_mis_en_cause_des_etrangers-1024x707.jpeg 1024w, https:\/\/leseffrontes.fr\/wp-content\/uploads\/2025\/03\/19_08_espagne_taux_de_mis_en_cause_des_etrangers-300x207.jpeg 300w, https:\/\/leseffrontes.fr\/wp-content\/uploads\/2025\/03\/19_08_espagne_taux_de_mis_en_cause_des_etrangers-768x530.jpeg 768w, https:\/\/leseffrontes.fr\/wp-content\/uploads\/2025\/03\/19_08_espagne_taux_de_mis_en_cause_des_etrangers.jpeg 1200w\" sizes=\"auto, (max-width: 1024px) 100vw, 1024px\" \/><button\n\t\t\tclass=\"lightbox-trigger\"\n\t\t\ttype=\"button\"\n\t\t\taria-haspopup=\"dialog\"\n\t\t\taria-label=\"Agrandir\"\n\t\t\tdata-wp-init=\"callbacks.initTriggerButton\"\n\t\t\tdata-wp-on--click=\"actions.showLightbox\"\n\t\t\tdata-wp-style--right=\"state.imageButtonRight\"\n\t\t\tdata-wp-style--top=\"state.imageButtonTop\"\n\t\t>\n\t\t\t\n<svg xmlns=\"http:\/\/www.w3.org\/2000\/svg\" width=\"12\" height=\"12\" fill=\"none\" viewBox=\"0 0 12 12\">\n\t\t\t\t<path fill=\"#fff\" d=\"M2 0a2 2 0 0 0-2 2v2h1.5V2a.5.5 0 0 1 .5-.5h2V0H2Zm2 10.5H2a.5.5 0 0 1-.5-.5V8H0v2a2 2 0 0 0 2 2h2v-1.5ZM8 12v-1.5h2a.5.5 0 0 0 .5-.5V8H12v2a2 2 0 0 1-2 2H8Zm2-12a2 2 0 0 1 2 2v2h-1.5V2a.5.5 0 0 0-.5-.5H8V0h2Z\" \/>\n\t\t\t<\/svg>\n\t\t<\/button><\/figure>\n\n\n\n<p>Pays-Bas&nbsp;: taux de mis en cause pour violences sexuelles des personnes issues de l&rsquo;immigration non-occidentale 4 fois plus \u00e9lev\u00e9 que celui des N\u00e9erlandais autochtones.<\/p>\n\n\n\n<figure data-wp-context=\"{&quot;imageId&quot;:&quot;69f188f311103&quot;}\" data-wp-interactive=\"core\/image\" data-wp-key=\"69f188f311103\" class=\"wp-block-image size-large wp-lightbox-container\"><img loading=\"lazy\" decoding=\"async\" width=\"1024\" height=\"705\" data-wp-class--hide=\"state.isContentHidden\" data-wp-class--show=\"state.isContentVisible\" data-wp-init=\"callbacks.setButtonStyles\" data-wp-on--click=\"actions.showLightbox\" data-wp-on--load=\"callbacks.setButtonStyles\" data-wp-on-window--resize=\"callbacks.setButtonStyles\" src=\"https:\/\/leseffrontes.fr\/wp-content\/uploads\/2025\/03\/19_09_pays_bas_taux_de_mis_en_cause_des_non_occidentaux-1024x705.jpeg\" alt=\"Aux Pays-Bas, le taux de mis en cause pour infractions sexuelles des non-Occidentaux est 4 fois sup\u00e9rieur \u00e0 celui des autochtones\" class=\"wp-image-2855\" title=\"Aux Pays-Bas, le taux de mis en cause pour infractions sexuelles des non-Occidentaux est 4 fois sup\u00e9rieur \u00e0 celui des autochtones\" srcset=\"https:\/\/leseffrontes.fr\/wp-content\/uploads\/2025\/03\/19_09_pays_bas_taux_de_mis_en_cause_des_non_occidentaux-1024x705.jpeg 1024w, https:\/\/leseffrontes.fr\/wp-content\/uploads\/2025\/03\/19_09_pays_bas_taux_de_mis_en_cause_des_non_occidentaux-300x207.jpeg 300w, https:\/\/leseffrontes.fr\/wp-content\/uploads\/2025\/03\/19_09_pays_bas_taux_de_mis_en_cause_des_non_occidentaux-768x529.jpeg 768w, https:\/\/leseffrontes.fr\/wp-content\/uploads\/2025\/03\/19_09_pays_bas_taux_de_mis_en_cause_des_non_occidentaux.jpeg 1200w\" sizes=\"auto, (max-width: 1024px) 100vw, 1024px\" \/><button\n\t\t\tclass=\"lightbox-trigger\"\n\t\t\ttype=\"button\"\n\t\t\taria-haspopup=\"dialog\"\n\t\t\taria-label=\"Agrandir\"\n\t\t\tdata-wp-init=\"callbacks.initTriggerButton\"\n\t\t\tdata-wp-on--click=\"actions.showLightbox\"\n\t\t\tdata-wp-style--right=\"state.imageButtonRight\"\n\t\t\tdata-wp-style--top=\"state.imageButtonTop\"\n\t\t>\n\t\t\t\n<svg xmlns=\"http:\/\/www.w3.org\/2000\/svg\" width=\"12\" height=\"12\" fill=\"none\" viewBox=\"0 0 12 12\">\n\t\t\t\t<path fill=\"#fff\" d=\"M2 0a2 2 0 0 0-2 2v2h1.5V2a.5.5 0 0 1 .5-.5h2V0H2Zm2 10.5H2a.5.5 0 0 1-.5-.5V8H0v2a2 2 0 0 0 2 2h2v-1.5ZM8 12v-1.5h2a.5.5 0 0 0 .5-.5V8H12v2a2 2 0 0 1-2 2H8Zm2-12a2 2 0 0 1 2 2v2h-1.5V2a.5.5 0 0 0-.5-.5H8V0h2Z\" \/>\n\t\t\t<\/svg>\n\t\t<\/button><\/figure>\n\n\n\n<p>Danemark&nbsp;: taux de condamnation pour viol des personnes d&rsquo;origine africaine 10 fois sup\u00e9rieur \u00e0 celui des Danois autochtones.<\/p>\n\n\n\n<figure data-wp-context=\"{&quot;imageId&quot;:&quot;69f188f31158f&quot;}\" data-wp-interactive=\"core\/image\" data-wp-key=\"69f188f31158f\" class=\"wp-block-image size-large wp-lightbox-container\"><img loading=\"lazy\" decoding=\"async\" width=\"1024\" height=\"710\" data-wp-class--hide=\"state.isContentHidden\" data-wp-class--show=\"state.isContentVisible\" data-wp-init=\"callbacks.setButtonStyles\" data-wp-on--click=\"actions.showLightbox\" data-wp-on--load=\"callbacks.setButtonStyles\" data-wp-on-window--resize=\"callbacks.setButtonStyles\" src=\"https:\/\/leseffrontes.fr\/wp-content\/uploads\/2025\/03\/19_10_danemark_taux_de_mis_en_cause_des_africains-1024x710.jpeg\" alt=\"Au Danemark, le taux de condamnation pour viol des habitants d'origine africaines est 10 fois sup\u00e9rieur \u00e0 celui des autochtones\" class=\"wp-image-2856\" title=\"Au Danemark, le taux de condamnation pour viol des habitants d'origine africaines est 10 fois sup\u00e9rieur \u00e0 celui des autochtones\" srcset=\"https:\/\/leseffrontes.fr\/wp-content\/uploads\/2025\/03\/19_10_danemark_taux_de_mis_en_cause_des_africains-1024x710.jpeg 1024w, https:\/\/leseffrontes.fr\/wp-content\/uploads\/2025\/03\/19_10_danemark_taux_de_mis_en_cause_des_africains-300x208.jpeg 300w, https:\/\/leseffrontes.fr\/wp-content\/uploads\/2025\/03\/19_10_danemark_taux_de_mis_en_cause_des_africains-768x532.jpeg 768w, https:\/\/leseffrontes.fr\/wp-content\/uploads\/2025\/03\/19_10_danemark_taux_de_mis_en_cause_des_africains.jpeg 1200w\" sizes=\"auto, (max-width: 1024px) 100vw, 1024px\" \/><button\n\t\t\tclass=\"lightbox-trigger\"\n\t\t\ttype=\"button\"\n\t\t\taria-haspopup=\"dialog\"\n\t\t\taria-label=\"Agrandir\"\n\t\t\tdata-wp-init=\"callbacks.initTriggerButton\"\n\t\t\tdata-wp-on--click=\"actions.showLightbox\"\n\t\t\tdata-wp-style--right=\"state.imageButtonRight\"\n\t\t\tdata-wp-style--top=\"state.imageButtonTop\"\n\t\t>\n\t\t\t\n<svg xmlns=\"http:\/\/www.w3.org\/2000\/svg\" width=\"12\" height=\"12\" fill=\"none\" viewBox=\"0 0 12 12\">\n\t\t\t\t<path fill=\"#fff\" d=\"M2 0a2 2 0 0 0-2 2v2h1.5V2a.5.5 0 0 1 .5-.5h2V0H2Zm2 10.5H2a.5.5 0 0 1-.5-.5V8H0v2a2 2 0 0 0 2 2h2v-1.5ZM8 12v-1.5h2a.5.5 0 0 0 .5-.5V8H12v2a2 2 0 0 1-2 2H8Zm2-12a2 2 0 0 1 2 2v2h-1.5V2a.5.5 0 0 0-.5-.5H8V0h2Z\" \/>\n\t\t\t<\/svg>\n\t\t<\/button><\/figure>\n\n\n\n<p>Suisse&nbsp;: taux de mis en cause pour viol des \u00e9trangers 3 fois sup\u00e9rieur \u00e0 celui des ressortissants suisses. Je vous laisse prendre connaissance par vous-m\u00eame des chiffres \u00e0 droite du graphique.<\/p>\n\n\n\n<figure data-wp-context=\"{&quot;imageId&quot;:&quot;69f188f311a22&quot;}\" data-wp-interactive=\"core\/image\" data-wp-key=\"69f188f311a22\" class=\"wp-block-image size-large wp-lightbox-container\"><img loading=\"lazy\" decoding=\"async\" width=\"1024\" height=\"704\" data-wp-class--hide=\"state.isContentHidden\" data-wp-class--show=\"state.isContentVisible\" data-wp-init=\"callbacks.setButtonStyles\" data-wp-on--click=\"actions.showLightbox\" data-wp-on--load=\"callbacks.setButtonStyles\" data-wp-on-window--resize=\"callbacks.setButtonStyles\" src=\"https:\/\/leseffrontes.fr\/wp-content\/uploads\/2025\/03\/19_11_suisse_taux_de_condamnation_pour_viol-1024x704.jpeg\" alt=\"En Suisse, le taux de condamnation pour viol des \u00e9trangers est 3 fois sup\u00e9rieur \u00e0 celui des Suisses\" class=\"wp-image-2857\" title=\"En Suisse, le taux de condamnation pour viol des \u00e9trangers est 3 fois sup\u00e9rieur \u00e0 celui des Suisses\" srcset=\"https:\/\/leseffrontes.fr\/wp-content\/uploads\/2025\/03\/19_11_suisse_taux_de_condamnation_pour_viol-1024x704.jpeg 1024w, https:\/\/leseffrontes.fr\/wp-content\/uploads\/2025\/03\/19_11_suisse_taux_de_condamnation_pour_viol-300x206.jpeg 300w, https:\/\/leseffrontes.fr\/wp-content\/uploads\/2025\/03\/19_11_suisse_taux_de_condamnation_pour_viol-768x528.jpeg 768w, https:\/\/leseffrontes.fr\/wp-content\/uploads\/2025\/03\/19_11_suisse_taux_de_condamnation_pour_viol.jpeg 1200w\" sizes=\"auto, (max-width: 1024px) 100vw, 1024px\" \/><button\n\t\t\tclass=\"lightbox-trigger\"\n\t\t\ttype=\"button\"\n\t\t\taria-haspopup=\"dialog\"\n\t\t\taria-label=\"Agrandir\"\n\t\t\tdata-wp-init=\"callbacks.initTriggerButton\"\n\t\t\tdata-wp-on--click=\"actions.showLightbox\"\n\t\t\tdata-wp-style--right=\"state.imageButtonRight\"\n\t\t\tdata-wp-style--top=\"state.imageButtonTop\"\n\t\t>\n\t\t\t\n<svg xmlns=\"http:\/\/www.w3.org\/2000\/svg\" width=\"12\" height=\"12\" fill=\"none\" viewBox=\"0 0 12 12\">\n\t\t\t\t<path fill=\"#fff\" d=\"M2 0a2 2 0 0 0-2 2v2h1.5V2a.5.5 0 0 1 .5-.5h2V0H2Zm2 10.5H2a.5.5 0 0 1-.5-.5V8H0v2a2 2 0 0 0 2 2h2v-1.5ZM8 12v-1.5h2a.5.5 0 0 0 .5-.5V8H12v2a2 2 0 0 1-2 2H8Zm2-12a2 2 0 0 1 2 2v2h-1.5V2a.5.5 0 0 0-.5-.5H8V0h2Z\" \/>\n\t\t\t<\/svg>\n\t\t<\/button><\/figure>\n\n\n\n<p>Ainsi, <strong>dans TOUS les pays \u00e9tudi\u00e9s, on constate une indiscutable surrepr\u00e9sentation des \u00e9trangers et\/ou immigr\u00e9s<\/strong> parmi les mis en cause et\/ou condamn\u00e9s. Et certaines origines sont davantage impliqu\u00e9es que d&rsquo;autres. Prenons un exemple robuste&nbsp;: les donn\u00e9es allemandes, prises sur une d\u00e9cennie. La carte ci-dessous r\u00e9capitule les taux de mis en cause pour VS par nationalit\u00e9 sur la p\u00e9riode 2014-2023. Une base \u00e9norme, forte de 558.477 mis en cause. Une tendance se dessine&nbsp;:<\/p>\n\n\n\n<figure data-wp-context=\"{&quot;imageId&quot;:&quot;69f188f311eae&quot;}\" data-wp-interactive=\"core\/image\" data-wp-key=\"69f188f311eae\" class=\"wp-block-image size-large wp-lightbox-container\"><img loading=\"lazy\" decoding=\"async\" width=\"1024\" height=\"707\" data-wp-class--hide=\"state.isContentHidden\" data-wp-class--show=\"state.isContentVisible\" data-wp-init=\"callbacks.setButtonStyles\" data-wp-on--click=\"actions.showLightbox\" data-wp-on--load=\"callbacks.setButtonStyles\" data-wp-on-window--resize=\"callbacks.setButtonStyles\" src=\"https:\/\/leseffrontes.fr\/wp-content\/uploads\/2025\/03\/19_12_violences_sexuelles_en_allemagne_par_nationalite-1024x707.jpeg\" alt=\"Violences sexuelles en Allemagne&nbsp;: carte des taux de mis en cause par nationalit\u00e9\" class=\"wp-image-2858\" title=\"Violences sexuelles en Allemagne&nbsp;: carte des taux de mis en cause par nationalit\u00e9\" srcset=\"https:\/\/leseffrontes.fr\/wp-content\/uploads\/2025\/03\/19_12_violences_sexuelles_en_allemagne_par_nationalite-1024x707.jpeg 1024w, https:\/\/leseffrontes.fr\/wp-content\/uploads\/2025\/03\/19_12_violences_sexuelles_en_allemagne_par_nationalite-300x207.jpeg 300w, https:\/\/leseffrontes.fr\/wp-content\/uploads\/2025\/03\/19_12_violences_sexuelles_en_allemagne_par_nationalite-768x530.jpeg 768w, https:\/\/leseffrontes.fr\/wp-content\/uploads\/2025\/03\/19_12_violences_sexuelles_en_allemagne_par_nationalite.jpeg 1200w\" sizes=\"auto, (max-width: 1024px) 100vw, 1024px\" \/><button\n\t\t\tclass=\"lightbox-trigger\"\n\t\t\ttype=\"button\"\n\t\t\taria-haspopup=\"dialog\"\n\t\t\taria-label=\"Agrandir\"\n\t\t\tdata-wp-init=\"callbacks.initTriggerButton\"\n\t\t\tdata-wp-on--click=\"actions.showLightbox\"\n\t\t\tdata-wp-style--right=\"state.imageButtonRight\"\n\t\t\tdata-wp-style--top=\"state.imageButtonTop\"\n\t\t>\n\t\t\t\n<svg xmlns=\"http:\/\/www.w3.org\/2000\/svg\" width=\"12\" height=\"12\" fill=\"none\" viewBox=\"0 0 12 12\">\n\t\t\t\t<path fill=\"#fff\" d=\"M2 0a2 2 0 0 0-2 2v2h1.5V2a.5.5 0 0 1 .5-.5h2V0H2Zm2 10.5H2a.5.5 0 0 1-.5-.5V8H0v2a2 2 0 0 0 2 2h2v-1.5ZM8 12v-1.5h2a.5.5 0 0 0 .5-.5V8H12v2a2 2 0 0 1-2 2H8Zm2-12a2 2 0 0 1 2 2v2h-1.5V2a.5.5 0 0 0-.5-.5H8V0h2Z\" \/>\n\t\t\t<\/svg>\n\t\t<\/button><\/figure>\n\n\n\n<figure data-wp-context=\"{&quot;imageId&quot;:&quot;69f188f312302&quot;}\" data-wp-interactive=\"core\/image\" data-wp-key=\"69f188f312302\" class=\"wp-block-image size-large wp-lightbox-container\"><img loading=\"lazy\" decoding=\"async\" width=\"1024\" height=\"576\" data-wp-class--hide=\"state.isContentHidden\" data-wp-class--show=\"state.isContentVisible\" data-wp-init=\"callbacks.setButtonStyles\" data-wp-on--click=\"actions.showLightbox\" data-wp-on--load=\"callbacks.setButtonStyles\" data-wp-on-window--resize=\"callbacks.setButtonStyles\" src=\"https:\/\/leseffrontes.fr\/wp-content\/uploads\/2025\/03\/19_13_allemagne_taux_de_mis_en_cause_des_afghans-1024x576.jpeg\" alt=\"En Allemagne, le taux de mis en cause pour viols et agressions sexuelles des Afghans est 15 fois sup\u00e9rieur \u00e0 celui des Allemands\" class=\"wp-image-2859\" title=\"En Allemagne, le taux de mis en cause pour viols et agressions sexuelles des Afghans est 15 fois sup\u00e9rieur \u00e0 celui des Allemands\" srcset=\"https:\/\/leseffrontes.fr\/wp-content\/uploads\/2025\/03\/19_13_allemagne_taux_de_mis_en_cause_des_afghans-1024x576.jpeg 1024w, https:\/\/leseffrontes.fr\/wp-content\/uploads\/2025\/03\/19_13_allemagne_taux_de_mis_en_cause_des_afghans-300x169.jpeg 300w, https:\/\/leseffrontes.fr\/wp-content\/uploads\/2025\/03\/19_13_allemagne_taux_de_mis_en_cause_des_afghans-768x432.jpeg 768w, https:\/\/leseffrontes.fr\/wp-content\/uploads\/2025\/03\/19_13_allemagne_taux_de_mis_en_cause_des_afghans.jpeg 1200w\" sizes=\"auto, (max-width: 1024px) 100vw, 1024px\" \/><button\n\t\t\tclass=\"lightbox-trigger\"\n\t\t\ttype=\"button\"\n\t\t\taria-haspopup=\"dialog\"\n\t\t\taria-label=\"Agrandir\"\n\t\t\tdata-wp-init=\"callbacks.initTriggerButton\"\n\t\t\tdata-wp-on--click=\"actions.showLightbox\"\n\t\t\tdata-wp-style--right=\"state.imageButtonRight\"\n\t\t\tdata-wp-style--top=\"state.imageButtonTop\"\n\t\t>\n\t\t\t\n<svg xmlns=\"http:\/\/www.w3.org\/2000\/svg\" width=\"12\" height=\"12\" fill=\"none\" viewBox=\"0 0 12 12\">\n\t\t\t\t<path fill=\"#fff\" d=\"M2 0a2 2 0 0 0-2 2v2h1.5V2a.5.5 0 0 1 .5-.5h2V0H2Zm2 10.5H2a.5.5 0 0 1-.5-.5V8H0v2a2 2 0 0 0 2 2h2v-1.5ZM8 12v-1.5h2a.5.5 0 0 0 .5-.5V8H12v2a2 2 0 0 1-2 2H8Zm2-12a2 2 0 0 1 2 2v2h-1.5V2a.5.5 0 0 0-.5-.5H8V0h2Z\" \/>\n\t\t\t<\/svg>\n\t\t<\/button><\/figure>\n\n\n\n<p>Les ressortissants du Maghreb, d&rsquo;Afrique subsaharienne et du Moyen-Orient pr\u00e9sentent des taux de mis en cause hors-norme. Une tendance qu&rsquo;on retrouve partout. Prenons l&rsquo;exemple de l&rsquo;Italie&nbsp;: les donn\u00e9es italiennes ressemblent \u00e0 s&rsquo;y m\u00e9prendre aux donn\u00e9es allemandes.<\/p>\n\n\n\n<figure data-wp-context=\"{&quot;imageId&quot;:&quot;69f188f31278f&quot;}\" data-wp-interactive=\"core\/image\" data-wp-key=\"69f188f31278f\" class=\"wp-block-image size-large wp-lightbox-container\"><img loading=\"lazy\" decoding=\"async\" width=\"1024\" height=\"707\" data-wp-class--hide=\"state.isContentHidden\" data-wp-class--show=\"state.isContentVisible\" data-wp-init=\"callbacks.setButtonStyles\" data-wp-on--click=\"actions.showLightbox\" data-wp-on--load=\"callbacks.setButtonStyles\" data-wp-on-window--resize=\"callbacks.setButtonStyles\" src=\"https:\/\/leseffrontes.fr\/wp-content\/uploads\/2025\/03\/19_14_italie_taux_de_mis_en_cause_par_nationalite-1024x707.jpeg\" alt=\"Viols en Italie&nbsp;: carte des taux de mis en cause par nationalit\u00e9\" class=\"wp-image-2860\" title=\"Viols en Italie&nbsp;: carte des taux de mis en cause par nationalit\u00e9\" srcset=\"https:\/\/leseffrontes.fr\/wp-content\/uploads\/2025\/03\/19_14_italie_taux_de_mis_en_cause_par_nationalite-1024x707.jpeg 1024w, https:\/\/leseffrontes.fr\/wp-content\/uploads\/2025\/03\/19_14_italie_taux_de_mis_en_cause_par_nationalite-300x207.jpeg 300w, https:\/\/leseffrontes.fr\/wp-content\/uploads\/2025\/03\/19_14_italie_taux_de_mis_en_cause_par_nationalite-768x531.jpeg 768w, https:\/\/leseffrontes.fr\/wp-content\/uploads\/2025\/03\/19_14_italie_taux_de_mis_en_cause_par_nationalite.jpeg 1200w\" sizes=\"auto, (max-width: 1024px) 100vw, 1024px\" \/><button\n\t\t\tclass=\"lightbox-trigger\"\n\t\t\ttype=\"button\"\n\t\t\taria-haspopup=\"dialog\"\n\t\t\taria-label=\"Agrandir\"\n\t\t\tdata-wp-init=\"callbacks.initTriggerButton\"\n\t\t\tdata-wp-on--click=\"actions.showLightbox\"\n\t\t\tdata-wp-style--right=\"state.imageButtonRight\"\n\t\t\tdata-wp-style--top=\"state.imageButtonTop\"\n\t\t>\n\t\t\t\n<svg xmlns=\"http:\/\/www.w3.org\/2000\/svg\" width=\"12\" height=\"12\" fill=\"none\" viewBox=\"0 0 12 12\">\n\t\t\t\t<path fill=\"#fff\" d=\"M2 0a2 2 0 0 0-2 2v2h1.5V2a.5.5 0 0 1 .5-.5h2V0H2Zm2 10.5H2a.5.5 0 0 1-.5-.5V8H0v2a2 2 0 0 0 2 2h2v-1.5ZM8 12v-1.5h2a.5.5 0 0 0 .5-.5V8H12v2a2 2 0 0 1-2 2H8Zm2-12a2 2 0 0 1 2 2v2h-1.5V2a.5.5 0 0 0-.5-.5H8V0h2Z\" \/>\n\t\t\t<\/svg>\n\t\t<\/button><\/figure>\n\n\n\n<p>Cette petite visualisation permet de le comprendre en un coup d&rsquo;\u0153il&nbsp;:<\/p>\n\n\n\n<figure data-wp-context=\"{&quot;imageId&quot;:&quot;69f188f312c3d&quot;}\" data-wp-interactive=\"core\/image\" data-wp-key=\"69f188f312c3d\" class=\"wp-block-image size-large wp-lightbox-container\"><img loading=\"lazy\" decoding=\"async\" width=\"1024\" height=\"707\" data-wp-class--hide=\"state.isContentHidden\" data-wp-class--show=\"state.isContentVisible\" data-wp-init=\"callbacks.setButtonStyles\" data-wp-on--click=\"actions.showLightbox\" data-wp-on--load=\"callbacks.setButtonStyles\" data-wp-on-window--resize=\"callbacks.setButtonStyles\" src=\"https:\/\/leseffrontes.fr\/wp-content\/uploads\/2025\/03\/19_15_italie_taux_de_mis_en_cause_par_nationalite-1024x707.jpeg\" alt=\"Viols en Allemagne et en Italie&nbsp;: taux de mis en cause par nationalit\u00e9\" class=\"wp-image-2861\" title=\"Viols en Allemagne et en Italie&nbsp;: taux de mis en cause par nationalit\u00e9\" srcset=\"https:\/\/leseffrontes.fr\/wp-content\/uploads\/2025\/03\/19_15_italie_taux_de_mis_en_cause_par_nationalite-1024x707.jpeg 1024w, https:\/\/leseffrontes.fr\/wp-content\/uploads\/2025\/03\/19_15_italie_taux_de_mis_en_cause_par_nationalite-300x207.jpeg 300w, https:\/\/leseffrontes.fr\/wp-content\/uploads\/2025\/03\/19_15_italie_taux_de_mis_en_cause_par_nationalite-768x531.jpeg 768w, https:\/\/leseffrontes.fr\/wp-content\/uploads\/2025\/03\/19_15_italie_taux_de_mis_en_cause_par_nationalite.jpeg 1200w\" sizes=\"auto, (max-width: 1024px) 100vw, 1024px\" \/><button\n\t\t\tclass=\"lightbox-trigger\"\n\t\t\ttype=\"button\"\n\t\t\taria-haspopup=\"dialog\"\n\t\t\taria-label=\"Agrandir\"\n\t\t\tdata-wp-init=\"callbacks.initTriggerButton\"\n\t\t\tdata-wp-on--click=\"actions.showLightbox\"\n\t\t\tdata-wp-style--right=\"state.imageButtonRight\"\n\t\t\tdata-wp-style--top=\"state.imageButtonTop\"\n\t\t>\n\t\t\t\n<svg xmlns=\"http:\/\/www.w3.org\/2000\/svg\" width=\"12\" height=\"12\" fill=\"none\" viewBox=\"0 0 12 12\">\n\t\t\t\t<path fill=\"#fff\" d=\"M2 0a2 2 0 0 0-2 2v2h1.5V2a.5.5 0 0 1 .5-.5h2V0H2Zm2 10.5H2a.5.5 0 0 1-.5-.5V8H0v2a2 2 0 0 0 2 2h2v-1.5ZM8 12v-1.5h2a.5.5 0 0 0 .5-.5V8H12v2a2 2 0 0 1-2 2H8Zm2-12a2 2 0 0 1 2 2v2h-1.5V2a.5.5 0 0 0-.5-.5H8V0h2Z\" \/>\n\t\t\t<\/svg>\n\t\t<\/button><\/figure>\n\n\n\n<p>La composition d\u00e9mographique des populations immigr\u00e9es (pourcentage d\u2019hommes et pourcentage de jeunes) a bien s\u00fbr un r\u00f4le. Mais m\u00eame en neutralisant ces facteurs, on retrouve les m\u00eames origines surrepr\u00e9sent\u00e9es.<\/p>\n\n\n\n<figure data-wp-context=\"{&quot;imageId&quot;:&quot;69f188f3130b4&quot;}\" data-wp-interactive=\"core\/image\" data-wp-key=\"69f188f3130b4\" class=\"wp-block-image size-large wp-lightbox-container\"><img loading=\"lazy\" decoding=\"async\" width=\"1024\" height=\"704\" data-wp-class--hide=\"state.isContentHidden\" data-wp-class--show=\"state.isContentVisible\" data-wp-init=\"callbacks.setButtonStyles\" data-wp-on--click=\"actions.showLightbox\" data-wp-on--load=\"callbacks.setButtonStyles\" data-wp-on-window--resize=\"callbacks.setButtonStyles\" src=\"https:\/\/leseffrontes.fr\/wp-content\/uploads\/2025\/03\/19_16_violences_sexuelles_en_allemagne_ajustees_selon_age_et_sexe-1024x704.jpeg\" alt=\"Allemagne&nbsp;: taux de mis en cause pour viols et agressions sexuelles ajust\u00e9 selon l'\u00e2ge et le sexe\" class=\"wp-image-2862\" title=\"Allemagne&nbsp;: taux de mis en cause pour viols et agressions sexuelles ajust\u00e9 selon l'\u00e2ge et le sexe\" srcset=\"https:\/\/leseffrontes.fr\/wp-content\/uploads\/2025\/03\/19_16_violences_sexuelles_en_allemagne_ajustees_selon_age_et_sexe-1024x704.jpeg 1024w, https:\/\/leseffrontes.fr\/wp-content\/uploads\/2025\/03\/19_16_violences_sexuelles_en_allemagne_ajustees_selon_age_et_sexe-300x206.jpeg 300w, https:\/\/leseffrontes.fr\/wp-content\/uploads\/2025\/03\/19_16_violences_sexuelles_en_allemagne_ajustees_selon_age_et_sexe-768x528.jpeg 768w, https:\/\/leseffrontes.fr\/wp-content\/uploads\/2025\/03\/19_16_violences_sexuelles_en_allemagne_ajustees_selon_age_et_sexe.jpeg 1200w\" sizes=\"auto, (max-width: 1024px) 100vw, 1024px\" \/><button\n\t\t\tclass=\"lightbox-trigger\"\n\t\t\ttype=\"button\"\n\t\t\taria-haspopup=\"dialog\"\n\t\t\taria-label=\"Agrandir\"\n\t\t\tdata-wp-init=\"callbacks.initTriggerButton\"\n\t\t\tdata-wp-on--click=\"actions.showLightbox\"\n\t\t\tdata-wp-style--right=\"state.imageButtonRight\"\n\t\t\tdata-wp-style--top=\"state.imageButtonTop\"\n\t\t>\n\t\t\t\n<svg xmlns=\"http:\/\/www.w3.org\/2000\/svg\" width=\"12\" height=\"12\" fill=\"none\" viewBox=\"0 0 12 12\">\n\t\t\t\t<path fill=\"#fff\" d=\"M2 0a2 2 0 0 0-2 2v2h1.5V2a.5.5 0 0 1 .5-.5h2V0H2Zm2 10.5H2a.5.5 0 0 1-.5-.5V8H0v2a2 2 0 0 0 2 2h2v-1.5ZM8 12v-1.5h2a.5.5 0 0 0 .5-.5V8H12v2a2 2 0 0 1-2 2H8Zm2-12a2 2 0 0 1 2 2v2h-1.5V2a.5.5 0 0 0-.5-.5H8V0h2Z\" \/>\n\t\t\t<\/svg>\n\t\t<\/button><\/figure>\n\n\n\n<p>Voici le palmar\u00e8s des taux de mis en cause pour viols en Allemagne, apr\u00e8s neutralisation des \u00e9carts de pourcentages de jeunes hommes de 15-35 ans entre populations. Vous remarquez quelque chose&nbsp;?<\/p>\n\n\n\n<figure data-wp-context=\"{&quot;imageId&quot;:&quot;69f188f313523&quot;}\" data-wp-interactive=\"core\/image\" data-wp-key=\"69f188f313523\" class=\"wp-block-image size-large wp-lightbox-container\"><img loading=\"lazy\" decoding=\"async\" width=\"816\" height=\"1024\" data-wp-class--hide=\"state.isContentHidden\" data-wp-class--show=\"state.isContentVisible\" data-wp-init=\"callbacks.setButtonStyles\" data-wp-on--click=\"actions.showLightbox\" data-wp-on--load=\"callbacks.setButtonStyles\" data-wp-on-window--resize=\"callbacks.setButtonStyles\" src=\"https:\/\/leseffrontes.fr\/wp-content\/uploads\/2025\/03\/19_17_palmares_violences_sexuelles_en_allemagne_ajustees_selon_age_et_sexe-816x1024.jpeg\" alt=\"Allemagne&nbsp;: palmar\u00e8s par nationalit\u00e9 des taux de mis en cause pour viols et agressions sexuelles ajust\u00e9 selon l'\u00e2ge et le sexe\" class=\"wp-image-2863\" title=\"Allemagne&nbsp;: palmar\u00e8s par nationalit\u00e9 des taux de mis en cause pour viols et agressions sexuelles ajust\u00e9 selon l'\u00e2ge et le sexe\" srcset=\"https:\/\/leseffrontes.fr\/wp-content\/uploads\/2025\/03\/19_17_palmares_violences_sexuelles_en_allemagne_ajustees_selon_age_et_sexe-816x1024.jpeg 816w, https:\/\/leseffrontes.fr\/wp-content\/uploads\/2025\/03\/19_17_palmares_violences_sexuelles_en_allemagne_ajustees_selon_age_et_sexe-239x300.jpeg 239w, https:\/\/leseffrontes.fr\/wp-content\/uploads\/2025\/03\/19_17_palmares_violences_sexuelles_en_allemagne_ajustees_selon_age_et_sexe-768x964.jpeg 768w, https:\/\/leseffrontes.fr\/wp-content\/uploads\/2025\/03\/19_17_palmares_violences_sexuelles_en_allemagne_ajustees_selon_age_et_sexe.jpeg 956w\" sizes=\"auto, (max-width: 816px) 100vw, 816px\" \/><button\n\t\t\tclass=\"lightbox-trigger\"\n\t\t\ttype=\"button\"\n\t\t\taria-haspopup=\"dialog\"\n\t\t\taria-label=\"Agrandir\"\n\t\t\tdata-wp-init=\"callbacks.initTriggerButton\"\n\t\t\tdata-wp-on--click=\"actions.showLightbox\"\n\t\t\tdata-wp-style--right=\"state.imageButtonRight\"\n\t\t\tdata-wp-style--top=\"state.imageButtonTop\"\n\t\t>\n\t\t\t\n<svg xmlns=\"http:\/\/www.w3.org\/2000\/svg\" width=\"12\" height=\"12\" fill=\"none\" viewBox=\"0 0 12 12\">\n\t\t\t\t<path fill=\"#fff\" d=\"M2 0a2 2 0 0 0-2 2v2h1.5V2a.5.5 0 0 1 .5-.5h2V0H2Zm2 10.5H2a.5.5 0 0 1-.5-.5V8H0v2a2 2 0 0 0 2 2h2v-1.5ZM8 12v-1.5h2a.5.5 0 0 0 .5-.5V8H12v2a2 2 0 0 1-2 2H8Zm2-12a2 2 0 0 1 2 2v2h-1.5V2a.5.5 0 0 0-.5-.5H8V0h2Z\" \/>\n\t\t\t<\/svg>\n\t\t<\/button><\/figure>\n\n\n\n<p>Les populations issues de pays pauvres sont largement surrepr\u00e9sent\u00e9es. La visualisation ci-dessous est tr\u00e8s parlante&nbsp;:<\/p>\n\n\n\n<figure data-wp-context=\"{&quot;imageId&quot;:&quot;69f188f3139d2&quot;}\" data-wp-interactive=\"core\/image\" data-wp-key=\"69f188f3139d2\" class=\"wp-block-image size-large wp-lightbox-container\"><img loading=\"lazy\" decoding=\"async\" width=\"1024\" height=\"705\" data-wp-class--hide=\"state.isContentHidden\" data-wp-class--show=\"state.isContentVisible\" data-wp-init=\"callbacks.setButtonStyles\" data-wp-on--click=\"actions.showLightbox\" data-wp-on--load=\"callbacks.setButtonStyles\" data-wp-on-window--resize=\"callbacks.setButtonStyles\" src=\"https:\/\/leseffrontes.fr\/wp-content\/uploads\/2025\/03\/19_18_pays_pauvres_et_violences_sexuelles_en_allemagne_ajustees_selon_age_et_sexe-1024x705.jpeg\" alt=\"Les populations issues de pays pauvres ont tendance \u00e0 \u00eatre plus impliqu\u00e9es dans les viols que celles issues des pays riches\" class=\"wp-image-2864\" title=\"Les populations issues de pays pauvres ont tendance \u00e0 \u00eatre plus impliqu\u00e9es dans les viols que celles issues des pays riches\" srcset=\"https:\/\/leseffrontes.fr\/wp-content\/uploads\/2025\/03\/19_18_pays_pauvres_et_violences_sexuelles_en_allemagne_ajustees_selon_age_et_sexe-1024x705.jpeg 1024w, https:\/\/leseffrontes.fr\/wp-content\/uploads\/2025\/03\/19_18_pays_pauvres_et_violences_sexuelles_en_allemagne_ajustees_selon_age_et_sexe-300x207.jpeg 300w, https:\/\/leseffrontes.fr\/wp-content\/uploads\/2025\/03\/19_18_pays_pauvres_et_violences_sexuelles_en_allemagne_ajustees_selon_age_et_sexe-768x529.jpeg 768w, https:\/\/leseffrontes.fr\/wp-content\/uploads\/2025\/03\/19_18_pays_pauvres_et_violences_sexuelles_en_allemagne_ajustees_selon_age_et_sexe.jpeg 1200w\" sizes=\"auto, (max-width: 1024px) 100vw, 1024px\" \/><button\n\t\t\tclass=\"lightbox-trigger\"\n\t\t\ttype=\"button\"\n\t\t\taria-haspopup=\"dialog\"\n\t\t\taria-label=\"Agrandir\"\n\t\t\tdata-wp-init=\"callbacks.initTriggerButton\"\n\t\t\tdata-wp-on--click=\"actions.showLightbox\"\n\t\t\tdata-wp-style--right=\"state.imageButtonRight\"\n\t\t\tdata-wp-style--top=\"state.imageButtonTop\"\n\t\t>\n\t\t\t\n<svg xmlns=\"http:\/\/www.w3.org\/2000\/svg\" width=\"12\" height=\"12\" fill=\"none\" viewBox=\"0 0 12 12\">\n\t\t\t\t<path fill=\"#fff\" d=\"M2 0a2 2 0 0 0-2 2v2h1.5V2a.5.5 0 0 1 .5-.5h2V0H2Zm2 10.5H2a.5.5 0 0 1-.5-.5V8H0v2a2 2 0 0 0 2 2h2v-1.5ZM8 12v-1.5h2a.5.5 0 0 0 .5-.5V8H12v2a2 2 0 0 1-2 2H8Zm2-12a2 2 0 0 1 2 2v2h-1.5V2a.5.5 0 0 0-.5-.5H8V0h2Z\" \/>\n\t\t\t<\/svg>\n\t\t<\/button><\/figure>\n\n\n\n<p>\u00c0 l&rsquo;inverse, on n&rsquo;observe pas d&rsquo;association tr\u00e8s probante entre le pourcentage de musulmans dans le pays d&rsquo;origine et le taux de mis en cause pour viols en Europe.<\/p>\n\n\n\n<figure data-wp-context=\"{&quot;imageId&quot;:&quot;69f188f313e36&quot;}\" data-wp-interactive=\"core\/image\" data-wp-key=\"69f188f313e36\" class=\"wp-block-image size-large wp-lightbox-container\"><img loading=\"lazy\" decoding=\"async\" width=\"1024\" height=\"703\" data-wp-class--hide=\"state.isContentHidden\" data-wp-class--show=\"state.isContentVisible\" data-wp-init=\"callbacks.setButtonStyles\" data-wp-on--click=\"actions.showLightbox\" data-wp-on--load=\"callbacks.setButtonStyles\" data-wp-on-window--resize=\"callbacks.setButtonStyles\" src=\"https:\/\/leseffrontes.fr\/wp-content\/uploads\/2025\/03\/19_19_religion_et_violences_sexuelles_en_allemagne_ajustees_selon_age_et_sexe-1024x703.jpeg\" alt=\"Pas de corr\u00e9lation significative entre pourcentage de musulmans dans le pays d'origine et taux de mis en cause pour viols en Allemagne\" class=\"wp-image-2865\" title=\"Pas de corr\u00e9lation significative entre pourcentage de musulmans dans le pays d'origine et taux de mis en cause pour viols en Allemagne\" srcset=\"https:\/\/leseffrontes.fr\/wp-content\/uploads\/2025\/03\/19_19_religion_et_violences_sexuelles_en_allemagne_ajustees_selon_age_et_sexe-1024x703.jpeg 1024w, https:\/\/leseffrontes.fr\/wp-content\/uploads\/2025\/03\/19_19_religion_et_violences_sexuelles_en_allemagne_ajustees_selon_age_et_sexe-300x206.jpeg 300w, https:\/\/leseffrontes.fr\/wp-content\/uploads\/2025\/03\/19_19_religion_et_violences_sexuelles_en_allemagne_ajustees_selon_age_et_sexe-768x527.jpeg 768w, https:\/\/leseffrontes.fr\/wp-content\/uploads\/2025\/03\/19_19_religion_et_violences_sexuelles_en_allemagne_ajustees_selon_age_et_sexe.jpeg 1200w\" sizes=\"auto, (max-width: 1024px) 100vw, 1024px\" \/><button\n\t\t\tclass=\"lightbox-trigger\"\n\t\t\ttype=\"button\"\n\t\t\taria-haspopup=\"dialog\"\n\t\t\taria-label=\"Agrandir\"\n\t\t\tdata-wp-init=\"callbacks.initTriggerButton\"\n\t\t\tdata-wp-on--click=\"actions.showLightbox\"\n\t\t\tdata-wp-style--right=\"state.imageButtonRight\"\n\t\t\tdata-wp-style--top=\"state.imageButtonTop\"\n\t\t>\n\t\t\t\n<svg xmlns=\"http:\/\/www.w3.org\/2000\/svg\" width=\"12\" height=\"12\" fill=\"none\" viewBox=\"0 0 12 12\">\n\t\t\t\t<path fill=\"#fff\" d=\"M2 0a2 2 0 0 0-2 2v2h1.5V2a.5.5 0 0 1 .5-.5h2V0H2Zm2 10.5H2a.5.5 0 0 1-.5-.5V8H0v2a2 2 0 0 0 2 2h2v-1.5ZM8 12v-1.5h2a.5.5 0 0 0 .5-.5V8H12v2a2 2 0 0 1-2 2H8Zm2-12a2 2 0 0 1 2 2v2h-1.5V2a.5.5 0 0 0-.5-.5H8V0h2Z\" \/>\n\t\t\t<\/svg>\n\t\t<\/button><\/figure>\n\n\n\n<p>Si un facteur culturel entre en jeu, il est probablement plus large que le seul fait religieux. Il concernerait plus largement la libert\u00e9 et la place des femmes dans les pays d&rsquo;origine.<\/p>\n\n\n\n<figure data-wp-context=\"{&quot;imageId&quot;:&quot;69f188f31429b&quot;}\" data-wp-interactive=\"core\/image\" data-wp-key=\"69f188f31429b\" class=\"wp-block-image size-large wp-lightbox-container\"><img loading=\"lazy\" decoding=\"async\" width=\"1024\" height=\"705\" data-wp-class--hide=\"state.isContentHidden\" data-wp-class--show=\"state.isContentVisible\" data-wp-init=\"callbacks.setButtonStyles\" data-wp-on--click=\"actions.showLightbox\" data-wp-on--load=\"callbacks.setButtonStyles\" data-wp-on-window--resize=\"callbacks.setButtonStyles\" src=\"https:\/\/leseffrontes.fr\/wp-content\/uploads\/2025\/03\/19_20_statut_des_femmes_et_violences_sexuelles_en_allemagne_ajustees_selon_age_et_sexe-1024x705.jpeg\" alt=\"Le taux de mis en cause pour viols en Allemagne est davantage associ\u00e9 \u00e0 la place de la femme dans le pays d'origine qu'\u00e0 la religion\" class=\"wp-image-2866\" title=\"Le taux de mis en cause pour viols en Allemagne est davantage associ\u00e9 \u00e0 la place de la femme dans le pays d'origine qu'\u00e0 la religion\" srcset=\"https:\/\/leseffrontes.fr\/wp-content\/uploads\/2025\/03\/19_20_statut_des_femmes_et_violences_sexuelles_en_allemagne_ajustees_selon_age_et_sexe-1024x705.jpeg 1024w, https:\/\/leseffrontes.fr\/wp-content\/uploads\/2025\/03\/19_20_statut_des_femmes_et_violences_sexuelles_en_allemagne_ajustees_selon_age_et_sexe-300x207.jpeg 300w, https:\/\/leseffrontes.fr\/wp-content\/uploads\/2025\/03\/19_20_statut_des_femmes_et_violences_sexuelles_en_allemagne_ajustees_selon_age_et_sexe-768x529.jpeg 768w, https:\/\/leseffrontes.fr\/wp-content\/uploads\/2025\/03\/19_20_statut_des_femmes_et_violences_sexuelles_en_allemagne_ajustees_selon_age_et_sexe.jpeg 1200w\" sizes=\"auto, (max-width: 1024px) 100vw, 1024px\" \/><button\n\t\t\tclass=\"lightbox-trigger\"\n\t\t\ttype=\"button\"\n\t\t\taria-haspopup=\"dialog\"\n\t\t\taria-label=\"Agrandir\"\n\t\t\tdata-wp-init=\"callbacks.initTriggerButton\"\n\t\t\tdata-wp-on--click=\"actions.showLightbox\"\n\t\t\tdata-wp-style--right=\"state.imageButtonRight\"\n\t\t\tdata-wp-style--top=\"state.imageButtonTop\"\n\t\t>\n\t\t\t\n<svg xmlns=\"http:\/\/www.w3.org\/2000\/svg\" width=\"12\" height=\"12\" fill=\"none\" viewBox=\"0 0 12 12\">\n\t\t\t\t<path fill=\"#fff\" d=\"M2 0a2 2 0 0 0-2 2v2h1.5V2a.5.5 0 0 1 .5-.5h2V0H2Zm2 10.5H2a.5.5 0 0 1-.5-.5V8H0v2a2 2 0 0 0 2 2h2v-1.5ZM8 12v-1.5h2a.5.5 0 0 0 .5-.5V8H12v2a2 2 0 0 1-2 2H8Zm2-12a2 2 0 0 1 2 2v2h-1.5V2a.5.5 0 0 0-.5-.5H8V0h2Z\" \/>\n\t\t\t<\/svg>\n\t\t<\/button><\/figure>\n\n\n\n<h2 class=\"wp-block-heading\">Quelles le\u00e7ons pour la France&nbsp;?<\/h2>\n\n\n\n<p>En d\u00e9pit de la surrepr\u00e9sentation des \u00e9trangers, les auteurs de violences sexuelles sont de toutes origines et tous milieux. Cependant les immigr\u00e9s peu dipl\u00f4m\u00e9s, issus de pays pauvres o\u00f9 la place de la femme n&rsquo;est pas la m\u00eame sont proportionnellement plus impliqu\u00e9s dans les violences sexuelles que les populations europ\u00e9ennes. Or, la France a choisi une immigration pr\u00e9sentant ces param\u00e8tres.<\/p>\n\n\n\n<figure data-wp-context=\"{&quot;imageId&quot;:&quot;69f188f314755&quot;}\" data-wp-interactive=\"core\/image\" data-wp-key=\"69f188f314755\" class=\"wp-block-image size-large wp-lightbox-container\"><img loading=\"lazy\" decoding=\"async\" width=\"1024\" height=\"703\" data-wp-class--hide=\"state.isContentHidden\" data-wp-class--show=\"state.isContentVisible\" data-wp-init=\"callbacks.setButtonStyles\" data-wp-on--click=\"actions.showLightbox\" data-wp-on--load=\"callbacks.setButtonStyles\" data-wp-on-window--resize=\"callbacks.setButtonStyles\" src=\"https:\/\/leseffrontes.fr\/wp-content\/uploads\/2025\/03\/19_21_france_une_immigration_de_pays_pauvres-1024x703.jpeg\" alt=\"En France, les \u00e9trangers sont issus de pays particuli\u00e8rement pauvres\" class=\"wp-image-2867\" title=\"En France, les \u00e9trangers sont issus de pays particuli\u00e8rement pauvres\" srcset=\"https:\/\/leseffrontes.fr\/wp-content\/uploads\/2025\/03\/19_21_france_une_immigration_de_pays_pauvres-1024x703.jpeg 1024w, https:\/\/leseffrontes.fr\/wp-content\/uploads\/2025\/03\/19_21_france_une_immigration_de_pays_pauvres-300x206.jpeg 300w, https:\/\/leseffrontes.fr\/wp-content\/uploads\/2025\/03\/19_21_france_une_immigration_de_pays_pauvres-768x527.jpeg 768w, https:\/\/leseffrontes.fr\/wp-content\/uploads\/2025\/03\/19_21_france_une_immigration_de_pays_pauvres.jpeg 1200w\" sizes=\"auto, (max-width: 1024px) 100vw, 1024px\" \/><button\n\t\t\tclass=\"lightbox-trigger\"\n\t\t\ttype=\"button\"\n\t\t\taria-haspopup=\"dialog\"\n\t\t\taria-label=\"Agrandir\"\n\t\t\tdata-wp-init=\"callbacks.initTriggerButton\"\n\t\t\tdata-wp-on--click=\"actions.showLightbox\"\n\t\t\tdata-wp-style--right=\"state.imageButtonRight\"\n\t\t\tdata-wp-style--top=\"state.imageButtonTop\"\n\t\t>\n\t\t\t\n<svg xmlns=\"http:\/\/www.w3.org\/2000\/svg\" width=\"12\" height=\"12\" fill=\"none\" viewBox=\"0 0 12 12\">\n\t\t\t\t<path fill=\"#fff\" d=\"M2 0a2 2 0 0 0-2 2v2h1.5V2a.5.5 0 0 1 .5-.5h2V0H2Zm2 10.5H2a.5.5 0 0 1-.5-.5V8H0v2a2 2 0 0 0 2 2h2v-1.5ZM8 12v-1.5h2a.5.5 0 0 0 .5-.5V8H12v2a2 2 0 0 1-2 2H8Zm2-12a2 2 0 0 1 2 2v2h-1.5V2a.5.5 0 0 0-.5-.5H8V0h2Z\" \/>\n\t\t\t<\/svg>\n\t\t<\/button><\/figure>\n\n\n\n<p>Oui, il serait judicieux d&rsquo;explorer un changement de politique pour se tourner vers une immigration&nbsp;:<\/p>\n\n\n\n<ul class=\"wp-block-list\">\n<li>Plus dipl\u00f4m\u00e9e<\/li>\n\n\n\n<li>Plus proche de notre niveau de richesse<\/li>\n\n\n\n<li>Accordant la m\u00eame place aux femmes qu&rsquo;en Occident<\/li>\n<\/ul>\n\n\n\n<p>Une telle inflexion de notre politique migratoire ne suffirait absolument pas pour r\u00e9duire de mani\u00e8re drastique les violences sexuelles subies par les femmes en France, mais elle y contribuerait.<\/p>\n\n\n\n<p>La surrepr\u00e9sentation des immigr\u00e9s parmi les auteurs de violences sexuelles m\u00e9ritait donc un billet d\u00e9taill\u00e9, mais elle ne peut faire oublier que oui, les hommes sont tr\u00e8s largement surrepr\u00e9sent\u00e9s parmi les auteurs de violences sexuelles, de m\u00eame que les femmes sont surrepr\u00e9sent\u00e9es parmi les victimes.<\/p>\n\n\n\n<figure data-wp-context=\"{&quot;imageId&quot;:&quot;69f188f314c2d&quot;}\" data-wp-interactive=\"core\/image\" data-wp-key=\"69f188f314c2d\" class=\"wp-block-image size-large wp-lightbox-container\"><img loading=\"lazy\" decoding=\"async\" width=\"1024\" height=\"705\" data-wp-class--hide=\"state.isContentHidden\" data-wp-class--show=\"state.isContentVisible\" data-wp-init=\"callbacks.setButtonStyles\" data-wp-on--click=\"actions.showLightbox\" data-wp-on--load=\"callbacks.setButtonStyles\" data-wp-on-window--resize=\"callbacks.setButtonStyles\" src=\"https:\/\/leseffrontes.fr\/wp-content\/uploads\/2025\/03\/19_22_violences_sexuelles_par_sexe-1024x705.jpeg\" alt=\"En France, les hommes sont tr\u00e8s largement majoritaires parmi les mis en cause pour violences sexuelles\" class=\"wp-image-2868\" title=\"En France, les hommes sont tr\u00e8s largement majoritaires parmi les mis en cause pour violences sexuelles\" srcset=\"https:\/\/leseffrontes.fr\/wp-content\/uploads\/2025\/03\/19_22_violences_sexuelles_par_sexe-1024x705.jpeg 1024w, https:\/\/leseffrontes.fr\/wp-content\/uploads\/2025\/03\/19_22_violences_sexuelles_par_sexe-300x207.jpeg 300w, https:\/\/leseffrontes.fr\/wp-content\/uploads\/2025\/03\/19_22_violences_sexuelles_par_sexe-768x529.jpeg 768w, https:\/\/leseffrontes.fr\/wp-content\/uploads\/2025\/03\/19_22_violences_sexuelles_par_sexe.jpeg 1200w\" sizes=\"auto, (max-width: 1024px) 100vw, 1024px\" \/><button\n\t\t\tclass=\"lightbox-trigger\"\n\t\t\ttype=\"button\"\n\t\t\taria-haspopup=\"dialog\"\n\t\t\taria-label=\"Agrandir\"\n\t\t\tdata-wp-init=\"callbacks.initTriggerButton\"\n\t\t\tdata-wp-on--click=\"actions.showLightbox\"\n\t\t\tdata-wp-style--right=\"state.imageButtonRight\"\n\t\t\tdata-wp-style--top=\"state.imageButtonTop\"\n\t\t>\n\t\t\t\n<svg xmlns=\"http:\/\/www.w3.org\/2000\/svg\" width=\"12\" height=\"12\" fill=\"none\" viewBox=\"0 0 12 12\">\n\t\t\t\t<path fill=\"#fff\" d=\"M2 0a2 2 0 0 0-2 2v2h1.5V2a.5.5 0 0 1 .5-.5h2V0H2Zm2 10.5H2a.5.5 0 0 1-.5-.5V8H0v2a2 2 0 0 0 2 2h2v-1.5ZM8 12v-1.5h2a.5.5 0 0 0 .5-.5V8H12v2a2 2 0 0 1-2 2H8Zm2-12a2 2 0 0 1 2 2v2h-1.5V2a.5.5 0 0 0-.5-.5H8V0h2Z\" \/>\n\t\t\t<\/svg>\n\t\t<\/button><\/figure>\n\n\n\n<p>Merci beaucoup de m&rsquo;avoir lu jusqu&rsquo;ici. Concernant les donn\u00e9es des diff\u00e9rents pays, n&rsquo;oubliez pas que les l\u00e9gislations et donc les p\u00e9rim\u00e8tres juridiques peuvent varier, de qui rend les comparaisons d\u00e9licates. Si ce billet vous a int\u00e9ress\u00e9, il vous reste encore deux choses \u00e0 faire&nbsp;:<\/p>\n\n\n\n<ul class=\"wp-block-list\">\n<li>Abonnez-vous \u00e0 <a href=\"https:\/\/x.com\/marc_vanguard\">Marc Vanguard<\/a> sur X.<\/li>\n\n\n\n<li>Aidez-moi \u00e0 diffuser massivement ce billet.<\/li>\n<\/ul>","protected":false},"excerpt":{"rendered":"<p>Marc Vanguard diffuse sur Twitter des \u00e9l\u00e9ments de statistique sur l\u2019immigration. Nous republions son travail sur les Effront\u00e9s dans l\u2019espoir que cela nourrisse chez le lecteur une r\u00e9flexion raisonnable et mesur\u00e9e, au lieu des r\u00e9actions \u00e9motionnelles si fr\u00e9quentes sur ce sujet. \u2014 TB R\u00e9v\u00e9lations issues des statistiques de sept pays&hellip;<\/p>\n<p><a class=\"excerpt-readmore\" href=\"https:\/\/leseffrontes.fr\/index.php\/2025\/03\/08\/immigration-et-violences-sexuelles\/\">Read More<\/a><\/p>","protected":false},"author":2,"featured_media":2870,"comment_status":"open","ping_status":"open","sticky":false,"template":"","format":"standard","meta":{"twitterCardType":"","cardImageID":0,"cardImage":"","cardTitle":"","cardDesc":"","cardImageAlt":"","cardPlayer":"","cardPlayerWidth":0,"cardPlayerHeight":0,"cardPlayerStream":"","cardPlayerCodec":"","footnotes":""},"categories":[7],"tags":[38,39,37],"class_list":["post-2843","post","type-post","status-publish","format-standard","has-post-thumbnail","hentry","category-faits","tag-criminalite","tag-immigration","tag-marc-vanguard","odd"],"_links":{"self":[{"href":"https:\/\/leseffrontes.fr\/index.php\/wp-json\/wp\/v2\/posts\/2843","targetHints":{"allow":["GET"]}}],"collection":[{"href":"https:\/\/leseffrontes.fr\/index.php\/wp-json\/wp\/v2\/posts"}],"about":[{"href":"https:\/\/leseffrontes.fr\/index.php\/wp-json\/wp\/v2\/types\/post"}],"author":[{"embeddable":true,"href":"https:\/\/leseffrontes.fr\/index.php\/wp-json\/wp\/v2\/users\/2"}],"replies":[{"embeddable":true,"href":"https:\/\/leseffrontes.fr\/index.php\/wp-json\/wp\/v2\/comments?post=2843"}],"version-history":[{"count":9,"href":"https:\/\/leseffrontes.fr\/index.php\/wp-json\/wp\/v2\/posts\/2843\/revisions"}],"predecessor-version":[{"id":3098,"href":"https:\/\/leseffrontes.fr\/index.php\/wp-json\/wp\/v2\/posts\/2843\/revisions\/3098"}],"wp:featuredmedia":[{"embeddable":true,"href":"https:\/\/leseffrontes.fr\/index.php\/wp-json\/wp\/v2\/media\/2870"}],"wp:attachment":[{"href":"https:\/\/leseffrontes.fr\/index.php\/wp-json\/wp\/v2\/media?parent=2843"}],"wp:term":[{"taxonomy":"category","embeddable":true,"href":"https:\/\/leseffrontes.fr\/index.php\/wp-json\/wp\/v2\/categories?post=2843"},{"taxonomy":"post_tag","embeddable":true,"href":"https:\/\/leseffrontes.fr\/index.php\/wp-json\/wp\/v2\/tags?post=2843"}],"curies":[{"name":"wp","href":"https:\/\/api.w.org\/{rel}","templated":true}]}}