{"id":2903,"date":"2025-04-05T11:32:37","date_gmt":"2025-04-05T09:32:37","guid":{"rendered":"https:\/\/leseffrontes.fr\/?p=2903"},"modified":"2025-05-09T14:26:34","modified_gmt":"2025-05-09T12:26:34","slug":"violences-faites-aux-femmes-et-sexisme-dans-le-monde","status":"publish","type":"post","link":"https:\/\/leseffrontes.fr\/index.php\/2025\/04\/05\/violences-faites-aux-femmes-et-sexisme-dans-le-monde\/","title":{"rendered":"Violences faites aux femmes et sexisme dans le monde"},"content":{"rendered":"\n<p><em>Marc Vanguard diffuse sur Twitter des \u00e9l\u00e9ments de statistique sur l\u2019immigration. Nous republions son travail sur les Effront\u00e9s dans l\u2019espoir que cela nourrisse chez le lecteur une r\u00e9flexion raisonnable et mesur\u00e9e, au lieu des r\u00e9actions \u00e9motionnelles si fr\u00e9quentes sur ce sujet. \u2014 TB<\/em><\/p>\n\n\n\n<p>La place de la femme varie beaucoup selon les pratiques et lois locales&nbsp;: l&rsquo;Occident n&rsquo;est pas l&rsquo;Afghanistan&nbsp;! Une initiative, le WomanStats Project, compile de nombreux indicateurs. Anim\u00e9e par une \u00e9quipe de chercheurs et universitaires, pour la plupart am\u00e9ricains, la plateforme WomanStats r\u00e9unit des indicateurs publics et construit ses propres index.<\/p>\n\n\n\n<p>F\u00e9minicides&nbsp;: l&rsquo;Europe, le Japon, et quelques autres pays semblent \u00eatre des havres de s\u00e9curit\u00e9.<\/p>\n\n\n\n<figure data-wp-context=\"{&quot;imageId&quot;:&quot;69f7221642a46&quot;}\" data-wp-interactive=\"core\/image\" data-wp-key=\"69f7221642a46\" class=\"wp-block-image size-large wp-lightbox-container\"><img loading=\"lazy\" decoding=\"async\" width=\"1024\" height=\"574\" data-wp-class--hide=\"state.isContentHidden\" data-wp-class--show=\"state.isContentVisible\" data-wp-init=\"callbacks.setButtonStyles\" data-wp-on--click=\"actions.showLightbox\" data-wp-on--load=\"callbacks.setButtonStyles\" data-wp-on-window--resize=\"callbacks.setButtonStyles\" src=\"https:\/\/leseffrontes.fr\/wp-content\/uploads\/2025\/04\/21_01_carte_mondiale_taux_de_feminicide_2019-1024x574.jpeg\" alt=\"Carte mondiale des taux de f\u00e9minicides, 2019\" class=\"wp-image-2904\" title=\"Carte mondiale des taux de f\u00e9minicides, 2019\" srcset=\"https:\/\/leseffrontes.fr\/wp-content\/uploads\/2025\/04\/21_01_carte_mondiale_taux_de_feminicide_2019-1024x574.jpeg 1024w, https:\/\/leseffrontes.fr\/wp-content\/uploads\/2025\/04\/21_01_carte_mondiale_taux_de_feminicide_2019-300x168.jpeg 300w, https:\/\/leseffrontes.fr\/wp-content\/uploads\/2025\/04\/21_01_carte_mondiale_taux_de_feminicide_2019-768x431.jpeg 768w, https:\/\/leseffrontes.fr\/wp-content\/uploads\/2025\/04\/21_01_carte_mondiale_taux_de_feminicide_2019.jpeg 1200w\" sizes=\"auto, (max-width: 1024px) 100vw, 1024px\" \/><button\n\t\t\tclass=\"lightbox-trigger\"\n\t\t\ttype=\"button\"\n\t\t\taria-haspopup=\"dialog\"\n\t\t\taria-label=\"Agrandir\"\n\t\t\tdata-wp-init=\"callbacks.initTriggerButton\"\n\t\t\tdata-wp-on--click=\"actions.showLightbox\"\n\t\t\tdata-wp-style--right=\"state.imageButtonRight\"\n\t\t\tdata-wp-style--top=\"state.imageButtonTop\"\n\t\t>\n\t\t\t\n<svg xmlns=\"http:\/\/www.w3.org\/2000\/svg\" width=\"12\" height=\"12\" fill=\"none\" viewBox=\"0 0 12 12\">\n\t\t\t\t<path fill=\"#fff\" d=\"M2 0a2 2 0 0 0-2 2v2h1.5V2a.5.5 0 0 1 .5-.5h2V0H2Zm2 10.5H2a.5.5 0 0 1-.5-.5V8H0v2a2 2 0 0 0 2 2h2v-1.5ZM8 12v-1.5h2a.5.5 0 0 0 .5-.5V8H12v2a2 2 0 0 1-2 2H8Zm2-12a2 2 0 0 1 2 2v2h-1.5V2a.5.5 0 0 0-.5-.5H8V0h2Z\" \/>\n\t\t\t<\/svg>\n\t\t<\/button><\/figure>\n\n\n\n<p>S\u00e9curit\u00e9 physique des femmes&nbsp;: sur cet index, aucun pays n&rsquo;est vraiment satisfaisant aux yeux de l&rsquo;\u00e9quipe du WomanStats Project. Mais une fois de plus, la France s&rsquo;en sort relativement bien.<\/p>\n\n\n\n<figure data-wp-context=\"{&quot;imageId&quot;:&quot;69f7221642e8f&quot;}\" data-wp-interactive=\"core\/image\" data-wp-key=\"69f7221642e8f\" class=\"wp-block-image size-large wp-lightbox-container\"><img loading=\"lazy\" decoding=\"async\" width=\"1024\" height=\"575\" data-wp-class--hide=\"state.isContentHidden\" data-wp-class--show=\"state.isContentVisible\" data-wp-init=\"callbacks.setButtonStyles\" data-wp-on--click=\"actions.showLightbox\" data-wp-on--load=\"callbacks.setButtonStyles\" data-wp-on-window--resize=\"callbacks.setButtonStyles\" src=\"https:\/\/leseffrontes.fr\/wp-content\/uploads\/2025\/04\/21_02_carte_mondiale_de_la_securite_physique_des_femmes_2019-1024x575.jpeg\" alt=\"Carte mondiale de la s\u00e9curit\u00e9 physique des femmes, 2019\" class=\"wp-image-2905\" title=\"Carte mondiale de la s\u00e9curit\u00e9 physique des femmes, 2019\" srcset=\"https:\/\/leseffrontes.fr\/wp-content\/uploads\/2025\/04\/21_02_carte_mondiale_de_la_securite_physique_des_femmes_2019-1024x575.jpeg 1024w, https:\/\/leseffrontes.fr\/wp-content\/uploads\/2025\/04\/21_02_carte_mondiale_de_la_securite_physique_des_femmes_2019-300x169.jpeg 300w, https:\/\/leseffrontes.fr\/wp-content\/uploads\/2025\/04\/21_02_carte_mondiale_de_la_securite_physique_des_femmes_2019-768x431.jpeg 768w, https:\/\/leseffrontes.fr\/wp-content\/uploads\/2025\/04\/21_02_carte_mondiale_de_la_securite_physique_des_femmes_2019.jpeg 1200w\" sizes=\"auto, (max-width: 1024px) 100vw, 1024px\" \/><button\n\t\t\tclass=\"lightbox-trigger\"\n\t\t\ttype=\"button\"\n\t\t\taria-haspopup=\"dialog\"\n\t\t\taria-label=\"Agrandir\"\n\t\t\tdata-wp-init=\"callbacks.initTriggerButton\"\n\t\t\tdata-wp-on--click=\"actions.showLightbox\"\n\t\t\tdata-wp-style--right=\"state.imageButtonRight\"\n\t\t\tdata-wp-style--top=\"state.imageButtonTop\"\n\t\t>\n\t\t\t\n<svg xmlns=\"http:\/\/www.w3.org\/2000\/svg\" width=\"12\" height=\"12\" fill=\"none\" viewBox=\"0 0 12 12\">\n\t\t\t\t<path fill=\"#fff\" d=\"M2 0a2 2 0 0 0-2 2v2h1.5V2a.5.5 0 0 1 .5-.5h2V0H2Zm2 10.5H2a.5.5 0 0 1-.5-.5V8H0v2a2 2 0 0 0 2 2h2v-1.5ZM8 12v-1.5h2a.5.5 0 0 0 .5-.5V8H12v2a2 2 0 0 1-2 2H8Zm2-12a2 2 0 0 1 2 2v2h-1.5V2a.5.5 0 0 0-.5-.5H8V0h2Z\" \/>\n\t\t\t<\/svg>\n\t\t<\/button><\/figure>\n\n\n\n<p>Viols&nbsp;: l&rsquo;index <em>c<\/em><em>omprehensive scale of rape<\/em> n&rsquo;est lui non plus jamais parfait aux yeux des chercheurs du WomanStats Project. La France se classe dans la premi\u00e8re moiti\u00e9 du classement, tout comme&#8230; l&rsquo;Alg\u00e9rie, performance suffisamment rare pour \u00eatre signal\u00e9e.<\/p>\n\n\n\n<figure data-wp-context=\"{&quot;imageId&quot;:&quot;69f7221643235&quot;}\" data-wp-interactive=\"core\/image\" data-wp-key=\"69f7221643235\" class=\"wp-block-image size-large wp-lightbox-container\"><img loading=\"lazy\" decoding=\"async\" width=\"1024\" height=\"577\" data-wp-class--hide=\"state.isContentHidden\" data-wp-class--show=\"state.isContentVisible\" data-wp-init=\"callbacks.setButtonStyles\" data-wp-on--click=\"actions.showLightbox\" data-wp-on--load=\"callbacks.setButtonStyles\" data-wp-on-window--resize=\"callbacks.setButtonStyles\" src=\"https:\/\/leseffrontes.fr\/wp-content\/uploads\/2025\/04\/21_03_carte_mondiale_du_viol_2018-1024x577.jpeg\" alt=\"Carte mondiale du viol, 2018\" class=\"wp-image-2907\" title=\"Carte mondiale du viol, 2018\" srcset=\"https:\/\/leseffrontes.fr\/wp-content\/uploads\/2025\/04\/21_03_carte_mondiale_du_viol_2018-1024x577.jpeg 1024w, https:\/\/leseffrontes.fr\/wp-content\/uploads\/2025\/04\/21_03_carte_mondiale_du_viol_2018-300x169.jpeg 300w, https:\/\/leseffrontes.fr\/wp-content\/uploads\/2025\/04\/21_03_carte_mondiale_du_viol_2018-768x433.jpeg 768w, https:\/\/leseffrontes.fr\/wp-content\/uploads\/2025\/04\/21_03_carte_mondiale_du_viol_2018.jpeg 1200w\" sizes=\"auto, (max-width: 1024px) 100vw, 1024px\" \/><button\n\t\t\tclass=\"lightbox-trigger\"\n\t\t\ttype=\"button\"\n\t\t\taria-haspopup=\"dialog\"\n\t\t\taria-label=\"Agrandir\"\n\t\t\tdata-wp-init=\"callbacks.initTriggerButton\"\n\t\t\tdata-wp-on--click=\"actions.showLightbox\"\n\t\t\tdata-wp-style--right=\"state.imageButtonRight\"\n\t\t\tdata-wp-style--top=\"state.imageButtonTop\"\n\t\t>\n\t\t\t\n<svg xmlns=\"http:\/\/www.w3.org\/2000\/svg\" width=\"12\" height=\"12\" fill=\"none\" viewBox=\"0 0 12 12\">\n\t\t\t\t<path fill=\"#fff\" d=\"M2 0a2 2 0 0 0-2 2v2h1.5V2a.5.5 0 0 1 .5-.5h2V0H2Zm2 10.5H2a.5.5 0 0 1-.5-.5V8H0v2a2 2 0 0 0 2 2h2v-1.5ZM8 12v-1.5h2a.5.5 0 0 0 .5-.5V8H12v2a2 2 0 0 1-2 2H8Zm2-12a2 2 0 0 1 2 2v2h-1.5V2a.5.5 0 0 0-.5-.5H8V0h2Z\" \/>\n\t\t\t<\/svg>\n\t\t<\/button><\/figure>\n\n\n\n<p>Violences conjugales&nbsp;: rares sont les pays dont la l\u00e9gislation contre les violences domestiques est jug\u00e9e correcte. L&rsquo;Europe, les Am\u00e9riques, l&rsquo;Inde (oui&nbsp;!) ou l&rsquo;Australie s&rsquo;en tirent tr\u00e8s bien, \u00e0 l&rsquo;inverse de la Russie, de la Chine, et des pays musulmans.<\/p>\n\n\n\n<figure data-wp-context=\"{&quot;imageId&quot;:&quot;69f7221643593&quot;}\" data-wp-interactive=\"core\/image\" data-wp-key=\"69f7221643593\" class=\"wp-block-image size-large wp-lightbox-container\"><img loading=\"lazy\" decoding=\"async\" width=\"1024\" height=\"571\" data-wp-class--hide=\"state.isContentHidden\" data-wp-class--show=\"state.isContentVisible\" data-wp-init=\"callbacks.setButtonStyles\" data-wp-on--click=\"actions.showLightbox\" data-wp-on--load=\"callbacks.setButtonStyles\" data-wp-on-window--resize=\"callbacks.setButtonStyles\" src=\"https:\/\/leseffrontes.fr\/wp-content\/uploads\/2025\/04\/21_04_carte_mondiale_des_lois_sur_les_violences_domestiques_2020-1024x571.jpeg\" alt=\"Carte mondiale des lois sur les violences domestiques, 2020\" class=\"wp-image-2908\" title=\"Carte mondiale des lois sur les violences domestiques, 2020\" srcset=\"https:\/\/leseffrontes.fr\/wp-content\/uploads\/2025\/04\/21_04_carte_mondiale_des_lois_sur_les_violences_domestiques_2020-1024x571.jpeg 1024w, https:\/\/leseffrontes.fr\/wp-content\/uploads\/2025\/04\/21_04_carte_mondiale_des_lois_sur_les_violences_domestiques_2020-300x167.jpeg 300w, https:\/\/leseffrontes.fr\/wp-content\/uploads\/2025\/04\/21_04_carte_mondiale_des_lois_sur_les_violences_domestiques_2020-768x428.jpeg 768w, https:\/\/leseffrontes.fr\/wp-content\/uploads\/2025\/04\/21_04_carte_mondiale_des_lois_sur_les_violences_domestiques_2020.jpeg 1200w\" sizes=\"auto, (max-width: 1024px) 100vw, 1024px\" \/><button\n\t\t\tclass=\"lightbox-trigger\"\n\t\t\ttype=\"button\"\n\t\t\taria-haspopup=\"dialog\"\n\t\t\taria-label=\"Agrandir\"\n\t\t\tdata-wp-init=\"callbacks.initTriggerButton\"\n\t\t\tdata-wp-on--click=\"actions.showLightbox\"\n\t\t\tdata-wp-style--right=\"state.imageButtonRight\"\n\t\t\tdata-wp-style--top=\"state.imageButtonTop\"\n\t\t>\n\t\t\t\n<svg xmlns=\"http:\/\/www.w3.org\/2000\/svg\" width=\"12\" height=\"12\" fill=\"none\" viewBox=\"0 0 12 12\">\n\t\t\t\t<path fill=\"#fff\" d=\"M2 0a2 2 0 0 0-2 2v2h1.5V2a.5.5 0 0 1 .5-.5h2V0H2Zm2 10.5H2a.5.5 0 0 1-.5-.5V8H0v2a2 2 0 0 0 2 2h2v-1.5ZM8 12v-1.5h2a.5.5 0 0 0 .5-.5V8H12v2a2 2 0 0 1-2 2H8Zm2-12a2 2 0 0 1 2 2v2h-1.5V2a.5.5 0 0 0-.5-.5H8V0h2Z\" \/>\n\t\t\t<\/svg>\n\t\t<\/button><\/figure>\n\n\n\n<p>D\u00e9placements dans l&rsquo;espace public&nbsp;: dans le monde occidental, le WomanStats consid\u00e8re que&nbsp;: \u00ab&nbsp;Les femmes sont g\u00e9n\u00e9ralement harcel\u00e9es dans l&rsquo;espace public.&nbsp;\u00bb Un constat s\u00e9v\u00e8re&nbsp;? En tout cas, aucun pays ne fait mieux. Dans la plupart des pays africains, \u00ab&nbsp;Les femmes ont souvent besoin d&rsquo;une permission de leur famille pour sortir.&nbsp;\u00bb Dans les pays o\u00f9 les lois islamiques sont en vigueur (Arabie Saoudite, Iran, Afghanistan&#8230;), ce sont m\u00eame des lois gouvernementales qui r\u00e9glementent les d\u00e9placements des femmes dans l&rsquo;espace public.<\/p>\n\n\n\n<figure data-wp-context=\"{&quot;imageId&quot;:&quot;69f7221643906&quot;}\" data-wp-interactive=\"core\/image\" data-wp-key=\"69f7221643906\" class=\"wp-block-image size-large wp-lightbox-container\"><img loading=\"lazy\" decoding=\"async\" width=\"1024\" height=\"579\" data-wp-class--hide=\"state.isContentHidden\" data-wp-class--show=\"state.isContentVisible\" data-wp-init=\"callbacks.setButtonStyles\" data-wp-on--click=\"actions.showLightbox\" data-wp-on--load=\"callbacks.setButtonStyles\" data-wp-on-window--resize=\"callbacks.setButtonStyles\" src=\"https:\/\/leseffrontes.fr\/wp-content\/uploads\/2025\/04\/21_05_carte_mondiale_de_la_liberte_de_deplacement_dans_l_espace_public_des_femmes_2022-1024x579.jpeg\" alt=\"Carte mondiale de la mobilit\u00e9 des femmes dans l'espace public, 2022\" class=\"wp-image-2909\" title=\"Carte mondiale de la mobilit\u00e9 des femmes dans l'espace public, 2022\" srcset=\"https:\/\/leseffrontes.fr\/wp-content\/uploads\/2025\/04\/21_05_carte_mondiale_de_la_liberte_de_deplacement_dans_l_espace_public_des_femmes_2022-1024x579.jpeg 1024w, https:\/\/leseffrontes.fr\/wp-content\/uploads\/2025\/04\/21_05_carte_mondiale_de_la_liberte_de_deplacement_dans_l_espace_public_des_femmes_2022-300x170.jpeg 300w, https:\/\/leseffrontes.fr\/wp-content\/uploads\/2025\/04\/21_05_carte_mondiale_de_la_liberte_de_deplacement_dans_l_espace_public_des_femmes_2022-768x434.jpeg 768w, https:\/\/leseffrontes.fr\/wp-content\/uploads\/2025\/04\/21_05_carte_mondiale_de_la_liberte_de_deplacement_dans_l_espace_public_des_femmes_2022.jpeg 1200w\" sizes=\"auto, (max-width: 1024px) 100vw, 1024px\" \/><button\n\t\t\tclass=\"lightbox-trigger\"\n\t\t\ttype=\"button\"\n\t\t\taria-haspopup=\"dialog\"\n\t\t\taria-label=\"Agrandir\"\n\t\t\tdata-wp-init=\"callbacks.initTriggerButton\"\n\t\t\tdata-wp-on--click=\"actions.showLightbox\"\n\t\t\tdata-wp-style--right=\"state.imageButtonRight\"\n\t\t\tdata-wp-style--top=\"state.imageButtonTop\"\n\t\t>\n\t\t\t\n<svg xmlns=\"http:\/\/www.w3.org\/2000\/svg\" width=\"12\" height=\"12\" fill=\"none\" viewBox=\"0 0 12 12\">\n\t\t\t\t<path fill=\"#fff\" d=\"M2 0a2 2 0 0 0-2 2v2h1.5V2a.5.5 0 0 1 .5-.5h2V0H2Zm2 10.5H2a.5.5 0 0 1-.5-.5V8H0v2a2 2 0 0 0 2 2h2v-1.5ZM8 12v-1.5h2a.5.5 0 0 0 .5-.5V8H12v2a2 2 0 0 1-2 2H8Zm2-12a2 2 0 0 1 2 2v2h-1.5V2a.5.5 0 0 0-.5-.5H8V0h2Z\" \/>\n\t\t\t<\/svg>\n\t\t<\/button><\/figure>\n\n\n\n<p>Avortement&nbsp;: cat\u00e9goris\u00e9e comme un marqueur de la condition f\u00e9minine par le WomanStats, la libert\u00e9 d&rsquo;avorter est in\u00e9gale selon les pays. Elle n&rsquo;existe quasiment pas en dehors du monde occidental.<\/p>\n\n\n\n<figure data-wp-context=\"{&quot;imageId&quot;:&quot;69f7221643ca3&quot;}\" data-wp-interactive=\"core\/image\" data-wp-key=\"69f7221643ca3\" class=\"wp-block-image size-large wp-lightbox-container\"><img loading=\"lazy\" decoding=\"async\" width=\"1024\" height=\"573\" data-wp-class--hide=\"state.isContentHidden\" data-wp-class--show=\"state.isContentVisible\" data-wp-init=\"callbacks.setButtonStyles\" data-wp-on--click=\"actions.showLightbox\" data-wp-on--load=\"callbacks.setButtonStyles\" data-wp-on-window--resize=\"callbacks.setButtonStyles\" src=\"https:\/\/leseffrontes.fr\/wp-content\/uploads\/2025\/04\/21_06_carte_mondiale_des_restrictions_legales_de_l_avortement_2020-1024x573.jpeg\" alt=\"Carte mondiale des restriction l\u00e9gale de l'avortement, 2020\" class=\"wp-image-2910\" title=\"Carte mondiale des restriction l\u00e9gale de l'avortement, 2020\" srcset=\"https:\/\/leseffrontes.fr\/wp-content\/uploads\/2025\/04\/21_06_carte_mondiale_des_restrictions_legales_de_l_avortement_2020-1024x573.jpeg 1024w, https:\/\/leseffrontes.fr\/wp-content\/uploads\/2025\/04\/21_06_carte_mondiale_des_restrictions_legales_de_l_avortement_2020-300x168.jpeg 300w, https:\/\/leseffrontes.fr\/wp-content\/uploads\/2025\/04\/21_06_carte_mondiale_des_restrictions_legales_de_l_avortement_2020-768x429.jpeg 768w, https:\/\/leseffrontes.fr\/wp-content\/uploads\/2025\/04\/21_06_carte_mondiale_des_restrictions_legales_de_l_avortement_2020.jpeg 1200w\" sizes=\"auto, (max-width: 1024px) 100vw, 1024px\" \/><button\n\t\t\tclass=\"lightbox-trigger\"\n\t\t\ttype=\"button\"\n\t\t\taria-haspopup=\"dialog\"\n\t\t\taria-label=\"Agrandir\"\n\t\t\tdata-wp-init=\"callbacks.initTriggerButton\"\n\t\t\tdata-wp-on--click=\"actions.showLightbox\"\n\t\t\tdata-wp-style--right=\"state.imageButtonRight\"\n\t\t\tdata-wp-style--top=\"state.imageButtonTop\"\n\t\t>\n\t\t\t\n<svg xmlns=\"http:\/\/www.w3.org\/2000\/svg\" width=\"12\" height=\"12\" fill=\"none\" viewBox=\"0 0 12 12\">\n\t\t\t\t<path fill=\"#fff\" d=\"M2 0a2 2 0 0 0-2 2v2h1.5V2a.5.5 0 0 1 .5-.5h2V0H2Zm2 10.5H2a.5.5 0 0 1-.5-.5V8H0v2a2 2 0 0 0 2 2h2v-1.5ZM8 12v-1.5h2a.5.5 0 0 0 .5-.5V8H12v2a2 2 0 0 1-2 2H8Zm2-12a2 2 0 0 1 2 2v2h-1.5V2a.5.5 0 0 0-.5-.5H8V0h2Z\" \/>\n\t\t\t<\/svg>\n\t\t<\/button><\/figure>\n\n\n\n<p>Polygamie&nbsp;: dans presque TOUS les pays africains ou musulmans, au moins 1 femme sur 20 est mari\u00e9e \u00e0 un homme polygame. La Tunisie, l&rsquo;Indon\u00e9sie et la Turquie sont les seules exceptions notables.<\/p>\n\n\n\n<figure data-wp-context=\"{&quot;imageId&quot;:&quot;69f7221644003&quot;}\" data-wp-interactive=\"core\/image\" data-wp-key=\"69f7221644003\" class=\"wp-block-image size-large wp-lightbox-container\"><img loading=\"lazy\" decoding=\"async\" width=\"1024\" height=\"576\" data-wp-class--hide=\"state.isContentHidden\" data-wp-class--show=\"state.isContentVisible\" data-wp-init=\"callbacks.setButtonStyles\" data-wp-on--click=\"actions.showLightbox\" data-wp-on--load=\"callbacks.setButtonStyles\" data-wp-on-window--resize=\"callbacks.setButtonStyles\" src=\"https:\/\/leseffrontes.fr\/wp-content\/uploads\/2025\/04\/21_07_carte_mondiale_de_la_polygamie_2021-1024x576.jpeg\" alt=\"Carte mondiale de la polygynie, 2021\" class=\"wp-image-2911\" title=\"Carte mondiale de la polygynie, 2021\" srcset=\"https:\/\/leseffrontes.fr\/wp-content\/uploads\/2025\/04\/21_07_carte_mondiale_de_la_polygamie_2021-1024x576.jpeg 1024w, https:\/\/leseffrontes.fr\/wp-content\/uploads\/2025\/04\/21_07_carte_mondiale_de_la_polygamie_2021-300x169.jpeg 300w, https:\/\/leseffrontes.fr\/wp-content\/uploads\/2025\/04\/21_07_carte_mondiale_de_la_polygamie_2021-768x432.jpeg 768w, https:\/\/leseffrontes.fr\/wp-content\/uploads\/2025\/04\/21_07_carte_mondiale_de_la_polygamie_2021.jpeg 1200w\" sizes=\"auto, (max-width: 1024px) 100vw, 1024px\" \/><button\n\t\t\tclass=\"lightbox-trigger\"\n\t\t\ttype=\"button\"\n\t\t\taria-haspopup=\"dialog\"\n\t\t\taria-label=\"Agrandir\"\n\t\t\tdata-wp-init=\"callbacks.initTriggerButton\"\n\t\t\tdata-wp-on--click=\"actions.showLightbox\"\n\t\t\tdata-wp-style--right=\"state.imageButtonRight\"\n\t\t\tdata-wp-style--top=\"state.imageButtonTop\"\n\t\t>\n\t\t\t\n<svg xmlns=\"http:\/\/www.w3.org\/2000\/svg\" width=\"12\" height=\"12\" fill=\"none\" viewBox=\"0 0 12 12\">\n\t\t\t\t<path fill=\"#fff\" d=\"M2 0a2 2 0 0 0-2 2v2h1.5V2a.5.5 0 0 1 .5-.5h2V0H2Zm2 10.5H2a.5.5 0 0 1-.5-.5V8H0v2a2 2 0 0 0 2 2h2v-1.5ZM8 12v-1.5h2a.5.5 0 0 0 .5-.5V8H12v2a2 2 0 0 1-2 2H8Zm2-12a2 2 0 0 1 2 2v2h-1.5V2a.5.5 0 0 0-.5-.5H8V0h2Z\" \/>\n\t\t\t<\/svg>\n\t\t<\/button><\/figure>\n\n\n\n<p>Vous souhaitez briller en soci\u00e9t\u00e9&nbsp;? D\u00e9couvrez au passage la nuance entre polygamie et polygynie&nbsp;!<\/p>\n\n\n\n<blockquote class=\"wp-block-quote is-layout-flow wp-block-quote-is-layout-flow\">\n<p>Chez l&rsquo;humain, la polygynie est une forme de mariage o\u00f9 l&rsquo;homme \u00e9pouse plusieurs femmes. C&rsquo;est le cas le plus courant de polygamie (le fait de contracter plusieurs unions), l&rsquo;autre \u00e9tant la polyandrie, situation o\u00f9 une femme se marie avec plusieurs hommes. \u2014 Wikipedia, article Polygynie<\/p>\n<\/blockquote>","protected":false},"excerpt":{"rendered":"<p>Marc Vanguard diffuse sur Twitter des \u00e9l\u00e9ments de statistique sur l\u2019immigration. Nous republions son travail sur les Effront\u00e9s dans l\u2019espoir que cela nourrisse chez le lecteur une r\u00e9flexion raisonnable et mesur\u00e9e, au lieu des r\u00e9actions \u00e9motionnelles si fr\u00e9quentes sur ce sujet. \u2014 TB La place de la femme varie beaucoup&hellip;<\/p>\n<p><a class=\"excerpt-readmore\" href=\"https:\/\/leseffrontes.fr\/index.php\/2025\/04\/05\/violences-faites-aux-femmes-et-sexisme-dans-le-monde\/\">Read More<\/a><\/p>","protected":false},"author":2,"featured_media":2912,"comment_status":"open","ping_status":"open","sticky":false,"template":"","format":"standard","meta":{"twitterCardType":"","cardImageID":0,"cardImage":"","cardTitle":"","cardDesc":"","cardImageAlt":"","cardPlayer":"","cardPlayerWidth":0,"cardPlayerHeight":0,"cardPlayerStream":"","cardPlayerCodec":"","footnotes":""},"categories":[7],"tags":[39,37],"class_list":["post-2903","post","type-post","status-publish","format-standard","has-post-thumbnail","hentry","category-faits","tag-immigration","tag-marc-vanguard","odd"],"_links":{"self":[{"href":"https:\/\/leseffrontes.fr\/index.php\/wp-json\/wp\/v2\/posts\/2903","targetHints":{"allow":["GET"]}}],"collection":[{"href":"https:\/\/leseffrontes.fr\/index.php\/wp-json\/wp\/v2\/posts"}],"about":[{"href":"https:\/\/leseffrontes.fr\/index.php\/wp-json\/wp\/v2\/types\/post"}],"author":[{"embeddable":true,"href":"https:\/\/leseffrontes.fr\/index.php\/wp-json\/wp\/v2\/users\/2"}],"replies":[{"embeddable":true,"href":"https:\/\/leseffrontes.fr\/index.php\/wp-json\/wp\/v2\/comments?post=2903"}],"version-history":[{"count":4,"href":"https:\/\/leseffrontes.fr\/index.php\/wp-json\/wp\/v2\/posts\/2903\/revisions"}],"predecessor-version":[{"id":2969,"href":"https:\/\/leseffrontes.fr\/index.php\/wp-json\/wp\/v2\/posts\/2903\/revisions\/2969"}],"wp:featuredmedia":[{"embeddable":true,"href":"https:\/\/leseffrontes.fr\/index.php\/wp-json\/wp\/v2\/media\/2912"}],"wp:attachment":[{"href":"https:\/\/leseffrontes.fr\/index.php\/wp-json\/wp\/v2\/media?parent=2903"}],"wp:term":[{"taxonomy":"category","embeddable":true,"href":"https:\/\/leseffrontes.fr\/index.php\/wp-json\/wp\/v2\/categories?post=2903"},{"taxonomy":"post_tag","embeddable":true,"href":"https:\/\/leseffrontes.fr\/index.php\/wp-json\/wp\/v2\/tags?post=2903"}],"curies":[{"name":"wp","href":"https:\/\/api.w.org\/{rel}","templated":true}]}}