{"id":3038,"date":"2025-05-25T18:17:30","date_gmt":"2025-05-25T16:17:30","guid":{"rendered":"https:\/\/leseffrontes.fr\/?p=3038"},"modified":"2025-07-14T15:24:39","modified_gmt":"2025-07-14T13:24:39","slug":"les-ia-sont-elles-sexistes","status":"publish","type":"post","link":"https:\/\/leseffrontes.fr\/index.php\/2025\/05\/25\/les-ia-sont-elles-sexistes\/","title":{"rendered":"Les IA sont-elles sexistes\u00a0?"},"content":{"rendered":"\n<p>Bient\u00f4t trois ans que les \u00ab&nbsp;intelligences artificielles&nbsp;\u00bb \u00e0 \u00ab&nbsp;grand mod\u00e8le de langage&nbsp;\u00bb (LLM) \u00e9patent les r\u00e9seaux, les m\u00e9dias et le public. \u00ab&nbsp;La machine me parle&nbsp;! Comme mes potes, mes coll\u00e8gues et mon coiffeur&nbsp;! Et plut\u00f4t mieux, d\u2019ailleurs. L\u2019ordinateur pense. Il va bient\u00f4t tout faire, ce sera les vacances pour tout le monde. Plus besoin de r\u00e9fl\u00e9chir&nbsp;! &nbsp;\u00bb D\u2019accord, je comprends votre enthousiaste. Qui n\u2019a jamais r\u00eav\u00e9 d\u2019avoir \u00e0 sa disposition un g\u00e9nie tir\u00e9 d\u2019une lampe, capable de combler docilement tous ses d\u00e9sirs&nbsp;? Un r\u00eave bien enfantin. Comme ce n\u2019est pas encore tout \u00e0 fait au point, j\u2019aimerais profiter de ces derni\u00e8res ann\u00e9es avant l\u2019extinction compl\u00e8te des capacit\u00e9s intellectuelles de l\u2019humanit\u00e9 pour r\u00e9fl\u00e9chir un peu avec vous sur une question toute simple&nbsp;: les IA sont-elles sexistes&nbsp;?<\/p>\n\n\n\n<p>Comme je suis fain\u00e9ant, moi aussi, j\u2019ai attendu qu\u2019un g\u00e9nie sorte de la lampe et fasse le travail \u00e0 ma place&nbsp;: David Rozado, qui enseigne l\u2019informatique \u00e0 l\u2019\u00e9cole polytechnique d\u2019Otago en Nouvelle-Z\u00e9lande. David s\u2019est demand\u00e9 ce que donnerait une \u00e9tude des choix de recrutement effectu\u00e9s par des IA, sur le m\u00eame mod\u00e8le que <a href=\"https:\/\/leseffrontes.fr\/index.php\/2024\/02\/17\/quelles-discriminations-a-lembauche-selon-le-sexe\/\">celles que l\u2019on pratique pour d\u00e9tecter les discriminations sur le march\u00e9 du travail<\/a>.<\/p>\n\n\n\n<blockquote class=\"wp-block-quote is-layout-flow wp-block-quote-is-layout-flow\">\n<p>Dans le cadre d&rsquo;une exp\u00e9rience impliquant 22 LLM de premier plan et 70 professions courantes, chaque mod\u00e8le [d\u2019IA] a re\u00e7u syst\u00e9matiquement une description de poste ainsi qu&rsquo;une paire de CV correspondant \u00e0 la profession (l&rsquo;un comprenant un pr\u00e9nom masculin et l&rsquo;autre un pr\u00e9nom f\u00e9minin) et il lui a \u00e9t\u00e9 demand\u00e9 de s\u00e9lectionner le candidat le plus appropri\u00e9 pour le poste. Chaque paire de CV a \u00e9t\u00e9 pr\u00e9sent\u00e9e deux fois, les noms \u00e9tant intervertis afin de s&rsquo;assurer que les pr\u00e9f\u00e9rences observ\u00e9es dans la s\u00e9lection des candidats \u00e9taient bien induites par les noms sexu\u00e9s. Le nombre total de d\u00e9cisions \u00e9tait de 30.800 (22 mod\u00e8les \u00d7 70 professions \u00d7 10 descriptions de poste diff\u00e9rentes par profession \u00d7 2 pr\u00e9sentations par paire de CV). Les paires de CV ont \u00e9t\u00e9 \u00e9chantillonn\u00e9es \u00e0 partir d&rsquo;un ensemble de 10 CV par profession. La figure suivante illustre l&rsquo;essentiel de l&rsquo;exp\u00e9rience.<\/p>\n<cite> David Rozado, \u00ab&nbsp;The Strange Behavior of LLMs in Hiring Decisions: Systemic Gender and Positional Biases in Candidate Selection&nbsp;\u00bb, Rozado\u2019s Visual Analytics, 2025<\/cite><\/blockquote>\n\n\n\n<figure data-wp-context=\"{&quot;imageId&quot;:&quot;69f5390f79de9&quot;}\" data-wp-interactive=\"core\/image\" data-wp-key=\"69f5390f79de9\" class=\"wp-block-image size-large wp-lightbox-container\"><img loading=\"lazy\" decoding=\"async\" width=\"1024\" height=\"480\" data-wp-class--hide=\"state.isContentHidden\" data-wp-class--show=\"state.isContentVisible\" data-wp-init=\"callbacks.setButtonStyles\" data-wp-on--click=\"actions.showLightbox\" data-wp-on--load=\"callbacks.setButtonStyles\" data-wp-on-window--resize=\"callbacks.setButtonStyles\" src=\"https:\/\/leseffrontes.fr\/wp-content\/uploads\/2025\/05\/test_discrimination_embauche_ia-1024x480.jpg\" alt=\"Test de discrimination \u00e0 l'embauche des LLM\" class=\"wp-image-3040\" title=\"Test de discrimination \u00e0 l'embauche des LLM\" srcset=\"https:\/\/leseffrontes.fr\/wp-content\/uploads\/2025\/05\/test_discrimination_embauche_ia-1024x480.jpg 1024w, https:\/\/leseffrontes.fr\/wp-content\/uploads\/2025\/05\/test_discrimination_embauche_ia-300x141.jpg 300w, https:\/\/leseffrontes.fr\/wp-content\/uploads\/2025\/05\/test_discrimination_embauche_ia-768x360.jpg 768w, https:\/\/leseffrontes.fr\/wp-content\/uploads\/2025\/05\/test_discrimination_embauche_ia.jpg 1200w\" sizes=\"auto, (max-width: 1024px) 100vw, 1024px\" \/><button\n\t\t\tclass=\"lightbox-trigger\"\n\t\t\ttype=\"button\"\n\t\t\taria-haspopup=\"dialog\"\n\t\t\taria-label=\"Agrandir\"\n\t\t\tdata-wp-init=\"callbacks.initTriggerButton\"\n\t\t\tdata-wp-on--click=\"actions.showLightbox\"\n\t\t\tdata-wp-style--right=\"state.imageButtonRight\"\n\t\t\tdata-wp-style--top=\"state.imageButtonTop\"\n\t\t>\n\t\t\t\n<svg xmlns=\"http:\/\/www.w3.org\/2000\/svg\" width=\"12\" height=\"12\" fill=\"none\" viewBox=\"0 0 12 12\">\n\t\t\t\t<path fill=\"#fff\" d=\"M2 0a2 2 0 0 0-2 2v2h1.5V2a.5.5 0 0 1 .5-.5h2V0H2Zm2 10.5H2a.5.5 0 0 1-.5-.5V8H0v2a2 2 0 0 0 2 2h2v-1.5ZM8 12v-1.5h2a.5.5 0 0 0 .5-.5V8H12v2a2 2 0 0 1-2 2H8Zm2-12a2 2 0 0 1 2 2v2h-1.5V2a.5.5 0 0 0-.5-.5H8V0h2Z\" \/>\n\t\t\t<\/svg>\n\t\t<\/button><\/figure>\n\n\n\n<p>R\u00e9sultat (j\u2019ai mis quelques mots en gras, au hasard)&nbsp;:<\/p>\n\n\n\n<blockquote class=\"wp-block-quote is-layout-flow wp-block-quote-is-layout-flow\">\n<p>Malgr\u00e9 des qualifications professionnelles <strong>identiques<\/strong> pour les deux sexes, tous les LLM ont syst\u00e9matiquement <strong>privil\u00e9gi\u00e9<\/strong> les candidats de nom f\u00e9minin lorsqu&rsquo;il s&rsquo;est agi de s\u00e9lectionner le candidat le plus <strong>qualifi\u00e9<\/strong> pour le poste \u00e0 pourvoir. Les candidates ont \u00e9t\u00e9 choisies dans 56,9&nbsp;% des cas, contre 43,1&nbsp;% pour les candidats.<\/p>\n<cite> <em>Ibid.<\/em><\/cite><\/blockquote>\n\n\n\n<p>Si vous voulez le d\u00e9tail, voici le niveau de discrimination pour chaque IA&nbsp;:<\/p>\n\n\n\n<figure class=\"wp-block-image size-large\"><img loading=\"lazy\" decoding=\"async\" width=\"1024\" height=\"936\" src=\"https:\/\/leseffrontes.fr\/wp-content\/uploads\/2025\/05\/preference_des_llm_dans_le_recrutement_par_sexe-1024x936.jpg\" alt=\"Pr\u00e9f\u00e9rence de recrutement des LLM\" class=\"wp-image-3041\" title=\"Pr\u00e9f\u00e9rence de recrutement des LLM\" srcset=\"https:\/\/leseffrontes.fr\/wp-content\/uploads\/2025\/05\/preference_des_llm_dans_le_recrutement_par_sexe-1024x936.jpg 1024w, https:\/\/leseffrontes.fr\/wp-content\/uploads\/2025\/05\/preference_des_llm_dans_le_recrutement_par_sexe-300x274.jpg 300w, https:\/\/leseffrontes.fr\/wp-content\/uploads\/2025\/05\/preference_des_llm_dans_le_recrutement_par_sexe-768x702.jpg 768w, https:\/\/leseffrontes.fr\/wp-content\/uploads\/2025\/05\/preference_des_llm_dans_le_recrutement_par_sexe.jpg 1200w\" sizes=\"auto, (max-width: 1024px) 100vw, 1024px\" \/><\/figure>\n\n\n\n<p>Et par profession&nbsp;:<\/p>\n\n\n\n<figure class=\"wp-block-image size-large\"><img loading=\"lazy\" decoding=\"async\" width=\"728\" height=\"1024\" src=\"https:\/\/leseffrontes.fr\/wp-content\/uploads\/2025\/05\/preference_des_llm_dans_le_recrutement_par_profession-728x1024.jpg\" alt=\"Pr\u00e9f\u00e9rence de recrutement des LLM, par profession\" class=\"wp-image-3042\" title=\"Pr\u00e9f\u00e9rence de recrutement des LLM, par profession\" srcset=\"https:\/\/leseffrontes.fr\/wp-content\/uploads\/2025\/05\/preference_des_llm_dans_le_recrutement_par_profession-728x1024.jpg 728w, https:\/\/leseffrontes.fr\/wp-content\/uploads\/2025\/05\/preference_des_llm_dans_le_recrutement_par_profession-213x300.jpg 213w, https:\/\/leseffrontes.fr\/wp-content\/uploads\/2025\/05\/preference_des_llm_dans_le_recrutement_par_profession-768x1080.jpg 768w, https:\/\/leseffrontes.fr\/wp-content\/uploads\/2025\/05\/preference_des_llm_dans_le_recrutement_par_profession-1093x1536.jpg 1093w, https:\/\/leseffrontes.fr\/wp-content\/uploads\/2025\/05\/preference_des_llm_dans_le_recrutement_par_profession.jpg 1200w\" sizes=\"auto, (max-width: 728px) 100vw, 728px\" \/><\/figure>\n\n\n\n<p>Toutes les IA (Deepseek, OpenAi, Grok, etc.) semblent penser que les femmes font de bien meilleurs plombiers, couvreurs, policiers ou militaires que les hommes. Si un humain pr\u00e9tendait cela, on insinuerait dans son dos qu\u2019il n\u2019a \u00ab&nbsp;pas l\u2019\u00e9lectricit\u00e9 \u00e0 tous les \u00e9tages&nbsp;\u00bb. Mais, s\u2019agissant d\u2019ordinateurs, je crois que l\u2019on peut exclure cette hypoth\u00e8se.<\/p>\n\n\n\n<p>Pendant ce temps, David s\u2019est ing\u00e9ni\u00e9 \u00e0 approfondir ses investigations&nbsp;:<\/p>\n\n\n\n<blockquote class=\"wp-block-quote is-layout-flow wp-block-quote-is-layout-flow\">\n<p>Dans une exp\u00e9rience suppl\u00e9mentaire, l&rsquo;ajout d&rsquo;un champ explicite indiquant le sexe \u00e0 chaque CV (c&rsquo;est-\u00e0-dire, \u00ab&nbsp;Sexe&nbsp;: masculin&nbsp;\u00bb ou \u00ab&nbsp;Sexe&nbsp;: f\u00e9minin&nbsp;\u00bb), en plus des noms sexu\u00e9s, a amplifi\u00e9 la pr\u00e9f\u00e9rence des LLM pour les candidates (s\u00e9lection de 58,9&nbsp;% de candidates contre 41,1&nbsp;% de candidats masculins).<\/p>\n<cite> <em>Ibid.<\/em><\/cite><\/blockquote>\n\n\n\n<p>En somme, lors de la premi\u00e8re phase, les IA n\u2019ont pas discrimin\u00e9 autant qu\u2019elles y sont enclines, parce qu\u2019elles ne sont pas toujours assez malines pour relier un pr\u00e9nom \u00e0 un sexe. Autrement dit, leur \u00ab&nbsp;compr\u00e9hension&nbsp;\u00bb des donn\u00e9es qu\u2019on leur pr\u00e9sente demeure moins fiable que celle d\u2019un enfant normalement \u00e9veill\u00e9. Dans le doute, David a voulu tester \u00e0 quel point les IA peuvent r\u00e9pondre n\u2019importe quoi, en regardant si l\u2019ordre de pr\u00e9sentation des candidatures affectait leur pr\u00e9f\u00e9rence.<\/p>\n\n\n\n<blockquote class=\"wp-block-quote is-layout-flow wp-block-quote-is-layout-flow\">\n<p>Dans une exp\u00e9rience suivante, le sexe des candidats a \u00e9t\u00e9 masqu\u00e9 en rempla\u00e7ant tous les noms sexu\u00e9s par des \u00e9tiquettes g\u00e9n\u00e9riques (\u00ab&nbsp;Candidat A&nbsp;\u00bb pour les hommes et \u00ab&nbsp;Candidat B&nbsp;\u00bb pour les femmes). La plupart des LLM ont montr\u00e9 une l\u00e9g\u00e8re pr\u00e9f\u00e9rence pour le \u00ab&nbsp;candidat A&nbsp;\u00bb, avec 12 des 22 LLM montrant individuellement une pr\u00e9f\u00e9rence statistiquement significative pour le \u00ab&nbsp;candidat A&nbsp;\u00bb et 2 mod\u00e8les manifestant une pr\u00e9f\u00e9rence significative pour le \u00ab&nbsp;candidat B&nbsp;\u00bb.<\/p>\n<cite> <em>Ibid.<\/em><\/cite><\/blockquote>\n\n\n\n<p>De m\u00eame, David a montr\u00e9 que toutes les IA \u00e9tudi\u00e9es pr\u00e9f\u00e8rent plut\u00f4t le premier CV qu\u2019on leur pr\u00e9sente au second \u2014 sauf une qui, par esprit de contradiction, pr\u00e9f\u00e8re nettement le second CV au premier&nbsp;! Je vous rappelle que les CV sont \u00e9quivalents en qualification et qu\u2019on les permute dans la moiti\u00e9 des cas. Si vous travaillez dans les ressources humaines, j\u2019aimerais que vous preniez juste un moment pour r\u00e9fl\u00e9chir \u00e0 ce que cela implique quant \u00e0 la qualit\u00e9 du recrutement confi\u00e9 \u00e0 des IA. Merci.<\/p>\n\n\n\n<h2 class=\"wp-block-heading\">Conclusion<\/h2>\n\n\n\n<blockquote class=\"wp-block-quote is-layout-flow wp-block-quote-is-layout-flow\">\n<p>Les r\u00e9sultats pr\u00e9sent\u00e9s ci-dessus indiquent que les LLM d\u2019avant-garde, lorsqu&rsquo;on leur demande de s\u00e9lectionner le candidat le plus qualifi\u00e9 sur la base d&rsquo;une description de poste et de deux CV correspondant \u00e0 la profession (l&rsquo;un d&rsquo;un candidat masculin et l&rsquo;autre d&rsquo;une candidate f\u00e9minine), adoptent un comportement qui s&rsquo;\u00e9carte des normes d&rsquo;\u00e9quit\u00e9. Dans ce contexte, les LLM ne semblent pas agir de mani\u00e8re rationnelle. Au lieu de cela, ils produisent des r\u00e9ponses bien exprim\u00e9es, qui peuvent sembler superficiellement logiques, mais qui, en fin de compte, ne sont pas fond\u00e9es sur un raisonnement \u00e0 partir de principes. Que ce comportement provienne plut\u00f4t des donn\u00e9es de pr\u00e9-entra\u00eenement, du post-entra\u00eenement ou d&rsquo;autres facteurs inconnus demeure incertain, soulignant la n\u00e9cessit\u00e9 d&rsquo;une \u00e9tude plus approfondie. Mais la pr\u00e9sence constante de ces biais dans tous les mod\u00e8les test\u00e9s soul\u00e8ve des questions plus g\u00e9n\u00e9rales&nbsp;: Dans la course au d\u00e9veloppement de syst\u00e8mes d&rsquo;IA toujours plus performants, des d\u00e9salignements subtils mais cons\u00e9quents pourraient passer inaper\u00e7us avant le d\u00e9ploiement d\u2019un LLM.<\/p>\n<cite> <em>Ibid.<\/em><\/cite><\/blockquote>\n\n\n\n<p>C\u2019est une fa\u00e7on polie de dire qu\u2019on fait d\u00e9j\u00e0 n\u2019importe quoi avec les IA, sans le moindre souci des cons\u00e9quences. Mais je vois quelqu\u2019un qui l\u00e8ve le doigt pour formuler une objection pertinente. Passez-lui le micro\u2026<\/p>\n\n\n\n<p><strong>\u00ab&nbsp;Mais, Tancr\u00e8de, ce sont des IA g\u00e9n\u00e9ralistes. Les IA de recrutement sont s\u00fbrement mieux con\u00e7ues pour leur but propre.&nbsp;\u00bb<\/strong><\/p>\n\n\n\n<p>C\u2019est s\u00fbr\u2026 Elles sont d\u2019ailleurs con\u00e7ues <em>intentionnellement<\/em> pour exercer une discrimination contre les hommes. Comme je l\u2019ai d\u00e9j\u00e0 racont\u00e9&nbsp;:<\/p>\n\n\n\n<blockquote class=\"wp-block-quote is-layout-flow wp-block-quote-is-layout-flow\">\n<p>Certaines entreprises \u00e9laborent d\u00e9sormais des syst\u00e8mes de recrutement automatis\u00e9s. Le but est de faire \u00e9valuer les candidats par une \u00ab&nbsp;intelligence artificielle&nbsp;\u00bb plut\u00f4t que par des recruteurs humains afin qu\u2019un vilain pr\u00e9jug\u00e9 ne fasse pas rater \u00e0 l\u2019entreprise un cerveau g\u00e9nial cach\u00e9 dans le cr\u00e2ne d\u2019une transsexuelle lesbienne ob\u00e8se et racis\u00e9e (c\u2019est un exemple\u2026). Petit souci&nbsp;: apr\u00e8s avoir \u00e9t\u00e9 gav\u00e9e aux donn\u00e9es, l\u2019IA se verrait bien mettre plut\u00f4t des gar\u00e7ons que des filles aux postes d\u2019ing\u00e9nieur&nbsp;! Ce biais misogyne n\u2019est bien s\u00fbr pas tol\u00e9rable par les Directrices des ressources humaines, ni par le Service de communication, ni par les Hautes Commissions \u00e0 l\u2019\u00c9galit\u00e9 de R\u00e9sultat. Les informaticiens (quasiment tous des gar\u00e7ons et d\u00e9sireux de bien faire), s\u2019efforcent de corriger le penchant sexiste de leurs algorithmes. La Commission europ\u00e9enne elle-m\u00eame surveille le dossier.<\/p>\n<cite> Tancr\u00e8de Basti\u00e9, \u00ab&nbsp;<a href=\"https:\/\/leseffrontes.fr\/index.php\/2023\/12\/15\/les-garcons-et-les-filles-sont-ils-notes-egalement-a-lecole\/\">Les gar\u00e7ons et les filles sont-ils not\u00e9s \u00e9galement \u00e0 l\u2019\u00e9cole&nbsp;?<\/a>&nbsp;\u00bb, Les Effront\u00e9s, 2023<\/cite><\/blockquote>\n\n\n\n<p>Comment je le sais&nbsp;? Parce que j\u2019ai \u00e9t\u00e9 t\u00e9moin de certaines discussions sur ce sujet dans une tr\u00e8s grande entreprise \u00e0 qui la Commission europ\u00e9enne demandait de garantir que l\u2019IA respecterait ses objectifs id\u00e9ologiques. Je ne vous dirai pas quelle entreprise parce que 1) j\u2019avais sign\u00e9 un accord de non-divulgation et 2) les m\u00eames injonctions ont certainement \u00e9t\u00e9 faites \u00e0 toutes les autres boites d\u00e9veloppant des syst\u00e8mes de recrutement, qu\u2019elles ont probablement accept\u00e9 sans moufter.<\/p>\n\n\n\n<p>Le biais constat\u00e9 par David Rozado dans les IA g\u00e9n\u00e9ralistes est le reflet d\u2019un biais id\u00e9ologique assum\u00e9 par l\u2019ensemble des soci\u00e9t\u00e9s occidentales. Le <a href=\"https:\/\/leseffrontes.fr\/index.php\/2024\/01\/12\/le-mythe-de-la-misogynie-1\/\">mythe de la misogynie<\/a> dissimule une misandrie d\u00e9complex\u00e9e (l\u2019a-t-elle jamais \u00e9t\u00e9\u00a0?) de la part des femmes et des hommes d\u00e9sireux de complaire aux femmes (\u00e7a fait beaucoup de monde). Le recrutement par IA ne fait qu\u2019automatiser le sexisme contemporain et les opinions des nouilles dipl\u00f4m\u00e9es. Cela n\u2019emp\u00eachera nullement les plombiers, les couvreurs, les policiers, les militaires et plus g\u00e9n\u00e9ralement les gens exer\u00e7ant des professions dures, risqu\u00e9es ou comp\u00e9titives d\u2019\u00eatre tr\u00e8s, tr\u00e8s majoritairement des hommes. Sans eux, la soci\u00e9t\u00e9 s\u2019effondrerait, les immeubles de bureaux se videraient et les centres de calcul s\u2019\u00e9teindraient. \u00ab\u00a0Sans les femmes pour vous enfanter (me r\u00e9pondra-t-on vivement) <a href=\"https:\/\/leseffrontes.fr\/index.php\/2025\/06\/09\/limmigration-de-masse-fait-baisser-la-natalite\/\">c\u2019est la natalit\u00e9 qui s\u2019effondrerait<\/a> et la soci\u00e9t\u00e9 d\u00e9clinerait\u00a0!\u00a0\u00bb Ben oui. C\u2019est bien l\u00e0 o\u00f9 nous en sommes.<\/p>\n\n\n\n<p><\/p>","protected":false},"excerpt":{"rendered":"<p>Bient\u00f4t trois ans que les \u00ab&nbsp;intelligences artificielles&nbsp;\u00bb \u00e0 \u00ab&nbsp;grand mod\u00e8le de langage&nbsp;\u00bb (LLM) \u00e9patent les r\u00e9seaux, les m\u00e9dias et le public. \u00ab&nbsp;La machine me parle&nbsp;! Comme mes potes, mes coll\u00e8gues et mon coiffeur&nbsp;! Et plut\u00f4t mieux, d\u2019ailleurs. L\u2019ordinateur pense. Il va bient\u00f4t tout faire, ce sera les vacances pour tout&hellip;<\/p>\n<p><a class=\"excerpt-readmore\" href=\"https:\/\/leseffrontes.fr\/index.php\/2025\/05\/25\/les-ia-sont-elles-sexistes\/\">Read More<\/a><\/p>","protected":false},"author":2,"featured_media":3039,"comment_status":"open","ping_status":"open","sticky":false,"template":"","format":"standard","meta":{"twitterCardType":"","cardImageID":0,"cardImage":"","cardTitle":"","cardDesc":"","cardImageAlt":"","cardPlayer":"","cardPlayerWidth":0,"cardPlayerHeight":0,"cardPlayerStream":"","cardPlayerCodec":"","footnotes":""},"categories":[1],"tags":[76,61,26],"class_list":["post-3038","post","type-post","status-publish","format-standard","has-post-thumbnail","hentry","category-opinions","tag-ia","tag-misandrie","tag-travail","odd"],"_links":{"self":[{"href":"https:\/\/leseffrontes.fr\/index.php\/wp-json\/wp\/v2\/posts\/3038","targetHints":{"allow":["GET"]}}],"collection":[{"href":"https:\/\/leseffrontes.fr\/index.php\/wp-json\/wp\/v2\/posts"}],"about":[{"href":"https:\/\/leseffrontes.fr\/index.php\/wp-json\/wp\/v2\/types\/post"}],"author":[{"embeddable":true,"href":"https:\/\/leseffrontes.fr\/index.php\/wp-json\/wp\/v2\/users\/2"}],"replies":[{"embeddable":true,"href":"https:\/\/leseffrontes.fr\/index.php\/wp-json\/wp\/v2\/comments?post=3038"}],"version-history":[{"count":5,"href":"https:\/\/leseffrontes.fr\/index.php\/wp-json\/wp\/v2\/posts\/3038\/revisions"}],"predecessor-version":[{"id":3068,"href":"https:\/\/leseffrontes.fr\/index.php\/wp-json\/wp\/v2\/posts\/3038\/revisions\/3068"}],"wp:featuredmedia":[{"embeddable":true,"href":"https:\/\/leseffrontes.fr\/index.php\/wp-json\/wp\/v2\/media\/3039"}],"wp:attachment":[{"href":"https:\/\/leseffrontes.fr\/index.php\/wp-json\/wp\/v2\/media?parent=3038"}],"wp:term":[{"taxonomy":"category","embeddable":true,"href":"https:\/\/leseffrontes.fr\/index.php\/wp-json\/wp\/v2\/categories?post=3038"},{"taxonomy":"post_tag","embeddable":true,"href":"https:\/\/leseffrontes.fr\/index.php\/wp-json\/wp\/v2\/tags?post=3038"}],"curies":[{"name":"wp","href":"https:\/\/api.w.org\/{rel}","templated":true}]}}