{"id":3107,"date":"2025-07-20T13:29:02","date_gmt":"2025-07-20T11:29:02","guid":{"rendered":"https:\/\/leseffrontes.fr\/?p=3107"},"modified":"2026-01-27T14:47:49","modified_gmt":"2026-01-27T13:47:49","slug":"affaire-pelicot-une-revue-de-presse-internationale","status":"publish","type":"post","link":"https:\/\/leseffrontes.fr\/index.php\/2025\/07\/20\/affaire-pelicot-une-revue-de-presse-internationale\/","title":{"rendered":"Affaire Pelicot\u00a0: une revue de presse internationale"},"content":{"rendered":"\n<p>Le <a href=\"https:\/\/leseffrontes.fr\/index.php\/2025\/06\/25\/retour-sur-laffaire-pelicot-la-faute-a\/\">proc\u00e8s retentissant de Dominique Pelicot et ses cinquante co-accus\u00e9s<\/a> a int\u00e9ress\u00e9 la presse bien au-del\u00e0 des fronti\u00e8res nationales\u00a0: l\u2019affaire a \u00e9t\u00e9 comment\u00e9e jusqu\u2019aux \u00c9tats-Unis et en Inde. On pouvait lire en octobre 2024, dans Courrier International, une s\u00e9lection de citations et d\u2019articles complets pris dans la presse \u00e9trang\u00e8re. Les auteurs des papiers choisis ont tous trouv\u00e9 dans les circonstances si particuli\u00e8res de \u00ab\u00a0l\u2019affaire des viols de Mazan\u00a0\u00bb l\u2019inspiration de g\u00e9n\u00e9ralisations p\u00e9remptoires et de raccourcis abrupts \u00e9jectant la logique d\u00e8s le premier virage.<\/p>\n\n\n\n<h2 class=\"wp-block-heading\">Soyez horrifi\u00e9s&nbsp;!<\/h2>\n\n\n\n<p>Commen\u00e7ons par Leo Klimm, correspondant \u00e0 Paris du magazine Der Spiegel, que ses inepties sermonneuses placent en rival direct de notre in\u00e9narrable Mathieu Slama&nbsp;:<\/p>\n\n\n\n<blockquote class=\"wp-block-quote is-layout-flow wp-block-quote-is-layout-flow\">\n<p>Triste, scandaleux, une honte pour tous les hommes \u2014 voil\u00e0 ce qu\u2019est le proc\u00e8s pour viol qui se tient \u00e0 Avignon. [\u2026] Chaque jour, pr\u00e8s d\u2019une centaine de personnes viennent suivre le proc\u00e8s en direct. Les visiteurs masculins peuvent se compter sur les doigts d\u2019une main. Les femmes repr\u00e9sentent de tr\u00e8s loin la majorit\u00e9. Elles sont l\u00e0, elle se sentent li\u00e9es \u00e0 la victime parce qu\u2019elles on souvent v\u00e9cu elles-m\u00eames l\u2019exp\u00e9rience de violences sexuelles. Mais \u00e0 qui se sentent li\u00e9s les hommes, qui brillent par leur absence&nbsp;?<\/p>\n<\/blockquote>\n\n\n\n<p>Et bien, pas aux criminels. C\u2019est plut\u00f4t bien, non&nbsp;? Les femmes ont certainement des raisons de s\u2019identifier \u00e0 Gis\u00e8le Pelicot \u2014 sinon par leur v\u00e9cu propre, au moins par la crainte de figurer un jour parmi les victimes \u2014 ce qui vient s\u2019ajouter \u00e0 leur penchant habituel pour les histoires sordides (80&nbsp;% de l\u2019audience des \u00e9missions consacr\u00e9es aux crimes est f\u00e9minine).<\/p>\n\n\n\n<blockquote class=\"wp-block-quote is-layout-flow wp-block-quote-is-layout-flow\">\n<p>Or l\u2019indiff\u00e9rence des hommes signifie que, dans les faits, ils tol\u00e8rent la violence sexuelle contre les femmes.<\/p>\n<\/blockquote>\n\n\n\n<p>Heureusement, il y a un courageux journaliste comme Leo qui assiste assid\u00fbment au proc\u00e8s&nbsp;! (Il se trouve qu\u2019il est pay\u00e9 pour \u00e7a, mais c\u2019est s\u00fbrement une co\u00efncidence.)<\/p>\n\n\n\n<blockquote class=\"wp-block-quote is-layout-flow wp-block-quote-is-layout-flow\">\n<p>Tous les hommes ne sont pas des criminels. Mais presque toutes les femmes peuvent t\u00e9moigner d\u2019agressions commises par des hommes. C\u2019est pourquoi il importe de ne pas laisser les femmes seules face \u00e0 cette r\u00e9alit\u00e9. [\u2026] C\u2019est aux hommes qu\u2019il incombe de mettre en place un climat o\u00f9 la violence sexuelle et sexualis\u00e9e ne reste pas sans cons\u00e9quence.<\/p>\n<\/blockquote>\n\n\n\n<p>\u00c7a s\u2019appelle la loi, il me semble. C\u2019est gr\u00e2ce \u00e0 cela que Dominique Pelicot et les autres ont \u00e9t\u00e9 jug\u00e9s et condamn\u00e9s. C\u2019est chouette, hein&nbsp;?<\/p>\n\n\n\n<blockquote class=\"wp-block-quote is-layout-flow wp-block-quote-is-layout-flow\">\n<p>Les auteurs des agressions peuvent \u00eatre des coll\u00e8gues, des voisins, des fr\u00e8res. Des hommes avec lesquels on a peut-\u00eatre m\u00eame d\u00e9j\u00e0 bu une bi\u00e8re.<\/p>\n<\/blockquote>\n\n\n\n<p>Oui, ils n\u2019arrivent pas de la plan\u00e8te Mars, ne vivent pas de la ros\u00e9e du matin et ne sont pas surmont\u00e9s d\u2019une enseigne lumineuse clignotante pour les signaler \u00e0 la suspicion des passants. \u00c7a alors&nbsp;! Le monde est mal fait.<\/p>\n\n\n\n<blockquote class=\"wp-block-quote is-layout-flow wp-block-quote-is-layout-flow\">\n<p>Ils sont par ailleurs beaucoup trop nombreux pour que l\u2019on puisse consid\u00e9rer cela comme un cas isol\u00e9.<\/p>\n<\/blockquote>\n\n\n\n<p>Ils sont bien assez nombreux pour que l\u2019on puisse constater, comme je l\u2019ai fait dans un billet pr\u00e9c\u00e9dent, qu\u2019<a href=\"https:\/\/leseffrontes.fr\/index.php\/2025\/06\/25\/retour-sur-laffaire-pelicot-la-faute-a\/\">en termes d\u2019ant\u00e9c\u00e9dants judicaires, familiaux et anthropologiques les condamn\u00e9s de l\u2019affaire Pelicot ne sont pas repr\u00e9sentatifs de la population masculine fran\u00e7aise<\/a>.<\/p>\n\n\n\n<blockquote class=\"wp-block-quote is-layout-flow wp-block-quote-is-layout-flow\">\n<p>[Gis\u00e8le Pelicot] tient \u00e0 ce que le proc\u00e8s des viols de Mazan soit le plus ouvert possible, afin que les violeurs partout dans le monde ne puissent plus se cacher.<\/p>\n<\/blockquote>\n\n\n\n<p>Vont-ils arborer un maillot \u00ab&nbsp;Fier d\u2019\u00eatre un violeur&nbsp;\u00bb avec un badge \u00ab&nbsp;Gis\u00e8le on t\u2019\u2764\ufe0f&nbsp;\u00bb&nbsp;? Si quelqu\u2019un comprend le raisonnement de Leo, qu\u2019il me l\u2019explique dans les commentaires.<\/p>\n\n\n\n<blockquote class=\"wp-block-quote is-layout-flow wp-block-quote-is-layout-flow\">\n<p>Hommes, regardez&nbsp;! Sans voyeurisme. Hommes soyez horrifi\u00e9s&nbsp;! Sans faux-semblants. Honte \u00e0 qui ne le fait pas.<\/p>\n<\/blockquote>\n\n\n\n<p>Bon, mettez-le au lit \u00e0 huit heures avec son doudou et ne lui lisez pas d\u2019histoires qui font peur avant qu\u2019il s\u2019endorme. Au suivant.<\/p>\n\n\n\n<h2 class=\"wp-block-heading\">C\u2019est la faute au porno et \u00e0 Sergio&nbsp;!<\/h2>\n\n\n\n<p>Sergio del Molino s\u2019\u00e9panche dans le quotidien espagnol El Pa\u00eds. Lui aussi est tr\u00e8s tourneboul\u00e9 par l\u2019affaire.<\/p>\n\n\n\n<blockquote class=\"wp-block-quote is-layout-flow wp-block-quote-is-layout-flow\">\n<p>On sait depuis longtemps que les monstres ne se cachent pas sous les lits ou dans les armoires.<\/p>\n<\/blockquote>\n\n\n\n<p>L\u00e0, vous voyez&nbsp;: il ne faut pas traumatiser les jeunes hommes impressionnables. <a href=\"https:\/\/leseffrontes.fr\/index.php\/2023\/12\/31\/leffrontee-du-mois-de-decembre-2023-charlotte\/\">Le loup et le petit chaperon rouge<\/a>, m\u00eame en version \u00e9dulcor\u00e9e par les studios Disney, c\u2019est s\u00fbrement d\u00e9j\u00e0 trop pour ces petits poucets.<\/p>\n\n\n\n<blockquote class=\"wp-block-quote is-layout-flow wp-block-quote-is-layout-flow\">\n<p>Lorsqu\u2019on regarde le monstre, c\u2019est soi-m\u00eame qu\u2019on voit.<\/p>\n<\/blockquote>\n\n\n\n<p>Non, Sergio. Non. Tu m\u2019inqui\u00e8tes, l\u00e0\u2026<\/p>\n\n\n\n<blockquote class=\"wp-block-quote is-layout-flow wp-block-quote-is-layout-flow\">\n<p>Le d\u00e9go\u00fbt de lui et la honte de nous-m\u00eames. C\u2019est son triomphe.<\/p>\n<\/blockquote>\n\n\n\n<p>Faites venir un psychiatre, c\u2019est une urgence&nbsp;! J\u2019esp\u00e8re que son journal le mutera \u00e0 la rubrique \u00ab&nbsp;jardinage et cuisine&nbsp;\u00bb. Les chroniques judiciaires, c\u2019est trop dur pour Sergio.<\/p>\n\n\n\n<blockquote class=\"wp-block-quote is-layout-flow wp-block-quote-is-layout-flow\">\n<p>\u00ab&nbsp;Es-tu bien s\u00fbr de ne pas \u00eatre comme moi&nbsp;?&nbsp;\u00bb nous demande-t-il.<\/p>\n<\/blockquote>\n\n\n\n<p>Oui. Parfaitement s\u00fbr. Et toi aussi j\u2019esp\u00e8re&nbsp;? Quel est ton probl\u00e8me, Sergio&nbsp;?<\/p>\n\n\n\n<blockquote class=\"wp-block-quote is-layout-flow wp-block-quote-is-layout-flow\">\n<p>La seule fa\u00e7on de le vaincre et de le faire ramper dans son cachot, dans la pleine conscience de sa monstruosit\u00e9 pour que celle-ci le ronge jusqu\u2019\u00e0 la mort, c\u2019est de l\u2019\u00e9couter avec indiff\u00e9rence et s\u00e9v\u00e9rit\u00e9, puis de tourner aussit\u00f4t le regard vers sa victime, Gis\u00e8le, pour ne plus jamais la perdre de vue et lui demander pardon d\u2019avoir permis l\u2019enfer qu\u2019elle a v\u00e9cu.<\/p>\n<\/blockquote>\n\n\n\n<p>Nous n\u2019avons rien permis, Sergio. La soci\u00e9t\u00e9 punit le viol comme les autres crimes&nbsp;: <em>dans la mesure o\u00f9 la police et la justice ont connaissance des faits criminels<\/em>. Tant que les faits sont inconnus, il n\u2019y a pas d\u2019enqu\u00eate et pas de proc\u00e8s. Que veux-tu qu\u2019on y fasse&nbsp;? Reprocherais-tu \u00e0 un m\u00e9decin de ne pas avoir diagnostiqu\u00e9 une maladie grave <em>avant<\/em> d\u2019avoir vu le patient et les r\u00e9sultats des analyses&nbsp;? Et puis, un conseil d\u2019ami&nbsp;: tourner le regard vers Gis\u00e8le pour \u00ab&nbsp;ne plus jamais la perdre de vue&nbsp;\u00bb, \u00e7a pourrait te valoir des ennuis. J\u2019dis \u00e7a, j\u2019dis rien\u2026<\/p>\n\n\n\n<blockquote class=\"wp-block-quote is-layout-flow wp-block-quote-is-layout-flow\">\n<p>Si nous parvenons \u00e0 surmonter notre peur d\u2019\u00eatre domin\u00e9s par les germes de la monstruosit\u00e9 qui sont en nous, nous pourrons ressentir une culpabilit\u00e9 beaucoup plus utile, qui nous fera agir au lieu de nous paralyser devant le mal. Parce que nous sommes coupables. Bien s\u00fbr que nous le sommes. Coupables de livrer des proies aux caprices des monstres et de laisser les mots des monstres r\u00e9sonner plus fort que les silences de leurs victimes.<\/p>\n<\/blockquote>\n\n\n\n<p>Et quelles actions pr\u00e9conises-tu, Sergio, dans ton exaltation mortificatrice&nbsp;? Rien. C\u2019est la fin de ton papier, et tu n\u2019as pas la moindre id\u00e9e de ce que tu pourrais faire de mieux que la police et la justice. J\u2019aimerais te sugg\u00e9rer d\u2019\u00e9crire \u00e0 l\u2019avenir des articles moins \u00e9motionnels, plus d\u00e9tach\u00e9s de l\u2019actualit\u00e9, qui te laisseraient assez serein pour \u00e9laborer un discours raisonn\u00e9. Un truc d\u2019homme, selon mes standards.<\/p>\n\n\n\n<p>Toujours en Espagne, le journal en ligne P\u00fablico soutient que&nbsp;: \u00ab&nbsp;l\u2019existence d\u2019une culture du viol est incontestable&nbsp;\u00bb et que \u00ab&nbsp;la pornographie renforce cette culture&nbsp;\u00bb.<\/p>\n\n\n\n<blockquote class=\"wp-block-quote is-layout-flow wp-block-quote-is-layout-flow\">\n<p>Comme le souligne le site progressiste, dans la plupart des affaires de ce type, les d\u00e9linquants sexuels reconnaissent que la pornographie a eu une \u00ab&nbsp;influence&nbsp;\u00bb sur leurs crimes.<\/p>\n<\/blockquote>\n\n\n\n<p>Voil\u00e0 une strat\u00e9gie de d\u00e9fense bien en phase avec le go\u00fbt actuel pour l\u2019\u00e9tat de victime&nbsp;: le violeur se pr\u00e9sente lui-m\u00eame comme une <em>victime<\/em> de la pornographie. Cependant, si la pornographie \u00e9tait un facteur quelque peu signifiant dans la commission de viols, la fr\u00e9quence de tels actes aurait consid\u00e9rablement augment\u00e9 ces derni\u00e8res d\u00e9cennies, dans le sillage de la consommation d\u00e9sormais totalement banale de ce type de contenus.<\/p>\n\n\n\n<blockquote class=\"wp-block-quote is-layout-flow wp-block-quote-is-layout-flow\">\n<p>\u00ab&nbsp;Ce n\u2019est pas un hasard non plus si Pelicot a enregistr\u00e9 tous les viols subis par sa femme en vid\u00e9o&nbsp;\u00bb, et que de \u00ab&nbsp;nombreuses recherches de <em>sleep porn<\/em> [porno du sommeil]&nbsp;\u00bb ont \u00e9t\u00e9 trouv\u00e9es sur son ordinateur. [\u2026] Or, dans cette affaire, et pendant des ann\u00e9es, aucun des accus\u00e9s \u00ab&nbsp;n\u2019a jug\u00e9 bon de le d\u00e9noncer \u00e0 la police. Parce qu\u2019ils avaient d\u00e9j\u00e0 vu \u00e7a mille fois dans des vid\u00e9os, et c\u2019\u00e9tait normal&nbsp;\u00bb, d\u00e9plore le m\u00e9dia.<\/p>\n<\/blockquote>\n\n\n\n<p>Normal pour qui&nbsp;? Dans le billet <a href=\"https:\/\/leseffrontes.fr\/index.php\/2022\/01\/30\/quy-a-t-il-sur-un-site-pornographique\/\">Qu\u2019y a-t-il sur un site pornographique&nbsp;?<\/a> j\u2019avais dress\u00e9 la liste des 96 cat\u00e9gories de vid\u00e9os propos\u00e9es par le site Pornhub, et montr\u00e9 que la tr\u00e8s, tr\u00e8s grande majorit\u00e9 des contenus disponibles pr\u00e9sentent des pratiques sexuelles ordinaires. <em>Sleep porn<\/em> n\u2019\u00e9tait m\u00eame pas une cat\u00e9gorie. Copuler avec une femme inconsciente est un fantasme \u00ab&nbsp;normal&nbsp;\u00bb pour quelqu\u2019un qui <em>a<\/em> ce fantasme. La somnophilie \u2014 puisque c\u2019est son nom savant \u2014 n\u2019est qu\u2019une paraphilie parmi des centaines d\u2019autres.<\/p>\n\n\n\n<h2 class=\"wp-block-heading\">La culture du viol pr\u00e9vaut en France\u2026 d\u2019apr\u00e8s les Indiens<\/h2>\n\n\n\n<p>Pendant ce temps, en Inde, le quotidien The Hindu estime que&nbsp;:<\/p>\n\n\n\n<blockquote class=\"wp-block-quote is-layout-flow wp-block-quote-is-layout-flow\">\n<p>C\u2019est au tour de la France de redresser son bilan catastrophique en mati\u00e8re de lutte contre les abus sexuels et la culture du viol qui pr\u00e9vaut.<\/p>\n<\/blockquote>\n\n\n\n<p>Cependant, The Hindustan Times note qu\u2019en Inde&nbsp;:<\/p>\n\n\n\n<blockquote class=\"wp-block-quote is-layout-flow wp-block-quote-is-layout-flow\">\n<p>Les m\u00e9diateurs, y compris les juges, conseillent aux filles d\u2019\u00e9pouser leur violeur parce que, bien s\u00fbr, personne d\u2019autre ne le fera.<\/p>\n<\/blockquote>\n\n\n\n<p>Et au lieu de relever l\u2019immense \u00e9cart culturel entre la France et l\u2019Inde, Courrier International commente&nbsp;:<\/p>\n\n\n\n<blockquote class=\"wp-block-quote is-layout-flow wp-block-quote-is-layout-flow\">\n<p>En France comme en Inde, la plupart des viols sont commis par une personne de l\u2019entourage.<\/p>\n<\/blockquote>\n\n\n\n<p>En France, en tout cas, les chercheurs qui \u00e9crivent sur les violences sexuelles ont une vision \u00e9tonnamment large de \u00ab&nbsp;l\u2019entourage&nbsp;\u00bb des victimes&nbsp;:<\/p>\n\n\n\n<blockquote class=\"wp-block-quote is-layout-flow wp-block-quote-is-layout-flow\">\n<p>Ainsi, y compris dans les espaces publics, les viols, tentatives de viol et autres agressions sexuelles sont tr\u00e8s souvent commises par des <strong>personnes connues<\/strong>. En particulier, les viols et tentatives de viol d\u00e9clar\u00e9s par les femmes au cours des douze derniers mois ne sont jamais le fait d\u2019inconnu.e.s, m\u00eame si une part de ces agressions est le fait de <strong>personnes que la victime venait juste de rencontrer<\/strong>.<\/p>\n<cite> \u00ab&nbsp;Pr\u00e9sentation de l\u2019enqu\u00eate Virage et premiers r\u00e9sultats sur les violences sexuelles&nbsp;\u00bb, INED, 2017, p. 44<\/cite><\/blockquote>\n\n\n\n<p>Vous avez bien lu&nbsp;: un rendez-vous Tinder ou un type rencontr\u00e9 dans un bar, c\u2019est une \u00ab&nbsp;personne connue&nbsp;\u00bb. \u00c0 ce compte l\u00e0, \u00eatre victime d\u2019un inconnu ne peut \u00eatre qu\u2019exceptionnel. Tandis que beaucoup de gens peinent \u00e0 distinguer \u00ab&nbsp;la plupart des criminels sont des hommes&nbsp;\u00bb de \u00ab&nbsp;la plupart des hommes sont des criminels&nbsp;\u00bb, l\u2019extension maximale de la cat\u00e9gorie \u00ab&nbsp;auteur connu de la victime&nbsp;\u00bb n\u2019aide pas \u00e0 distinguer \u00ab&nbsp;la plupart des auteurs de viols \u00e9taient (quelque peu) connus de la victime&nbsp;\u00bb de \u00ab&nbsp;la plupart des hommes que vous connaissez pourraient bien \u00eatre des violeurs&nbsp;\u00bb. Dans la r\u00e9alit\u00e9 la plupart des femmes sont davantage en s\u00e9curit\u00e9 avec leurs (vrais) proches qu\u2019avec des presque inconnus. Mais la r\u00e9alit\u00e9 c\u2019est ennuyeux, et notre \u00e9poque d\u00e9teste ce qui est ennuyeux.<\/p>\n\n\n\n<h2 class=\"wp-block-heading\">Boire ou conduire&nbsp;?<\/h2>\n\n\n\n<p>En Autriche, la sociologue Mareike Fallwickl s\u2019insurge contre les bracelets permettant de d\u00e9tecter des drogues dans les boissons, que certains organisateurs de festivals distribuent gracieusement aux festivali\u00e8res.<\/p>\n\n\n\n<blockquote class=\"wp-block-quote is-layout-flow wp-block-quote-is-layout-flow\">\n<p>Au lieu de nous concentrer sur le r\u00f4le des victimes, nous devrions nous concentrer sur celui des auteurs. Au lieu de distribuer aux filles des bracelets <em>drink-check<\/em> et de leur signaler ainsi qu\u2019elles sont les seules responsables de leur s\u00e9curit\u00e9, nous devrions socialiser les gar\u00e7ons de fa\u00e7on totalement diff\u00e9rente.<\/p>\n<\/blockquote>\n\n\n\n<p>Un adulte est toujours le premier responsable de sa propre s\u00e9curit\u00e9 \u2014 un principe jamais contest\u00e9 quand il s\u2019agit d\u2019un homme. Les soci\u00e9t\u00e9s occidentales procurent \u00e0 leurs citoyens un haut niveau de s\u00e9curit\u00e9 collective gr\u00e2ce au travail de la police et de la justice. Les femmes ne sont donc pas \u00ab&nbsp;seules&nbsp;\u00bb, elles ont simplement int\u00e9r\u00eat \u00e0 mener leur vie de grande personne \u00e9mancip\u00e9e avec prudence, comme tout le monde. \u00c0 ce propos, voici un extrait d\u2019une \u00e9tude italienne sur des victimes de violences sexuelles sous l\u2019influence de substances diverses&nbsp;:<\/p>\n\n\n\n<blockquote class=\"wp-block-quote is-layout-flow wp-block-quote-is-layout-flow\">\n<p>Deux cent vingt-deux patientes ont \u00e9t\u00e9 enr\u00f4l\u00e9es, dont 25 \u00e9taient mineures, 141 \u00e9taient italiennes, la plupart connaissaient leur agresseur et avaient \u00e9t\u00e9 viol\u00e9es dans un domicile priv\u00e9. Cent cinquante-cinq d&rsquo;entre elles ont d\u00e9clar\u00e9 au personnel soignant avoir consomm\u00e9 des substances alcoolis\u00e9es et\/ou des drogues en relation avec l&rsquo;\u00e9v\u00e9nement (86 ont d\u00e9clar\u00e9 avoir bu de l&rsquo;alcool, 36 avoir pris des drogues et 33 ont r\u00e9v\u00e9l\u00e9 avoir consomm\u00e9 \u00e0 la fois de l&rsquo;alcool et des drogues). Si la femme connaissait son agresseur, la consommation d&rsquo;alcool \u00e9tait d\u00e9crite comme <strong>volontaire dans plus de 80% des cas<\/strong>, tandis que pour les drogues, la consommation \u00e9tait aussi souvent volontaire que frauduleuse. [\u2026] Les r\u00e9sultats obtenus soulignent que, m\u00eame dans le nord de l&rsquo;Italie, <strong>l&rsquo;alcool est la substance psychoactive la plus r\u00e9pandue dans les cas d&rsquo;agressions sexuelles<\/strong> facilit\u00e9es par la drogue.<\/p>\n<cite> Barbara Mognetti, Marco Bo, Giovanni Nicolao Berta, Antonella Canavese, Paola Castagna, Federica Collini, Veronica Santa, Alberto Salomone &amp; Sarah Gino, \u00ab&nbsp;Sexual Harassments Related to Alcohol and Drugs Intake: The Experience of the Rape Centre of Turin&nbsp;\u00bb, The International Journal of Environmental Research and Public Health, 2022<\/cite><\/blockquote>\n\n\n\n<p>Autrement dit&nbsp;: dans la plupart des viols sous substance, la substance a \u00e9t\u00e9 mise dans le verre de la victime par elle-m\u00eame, tout \u00e0 fait volontairement. Comme le disait <a href=\"https:\/\/x.com\/KovitzMos\" target=\"_blank\" rel=\"noreferrer noopener\">Mos Majorum sur X<\/a> en pr\u00e9sentant cette \u00e9tude&nbsp;:<\/p>\n\n\n\n<blockquote class=\"wp-block-quote is-layout-flow wp-block-quote-is-layout-flow\">\n<p>Un propos responsable consisterait \u00e0 inciter les femmes \u00e0 prendre des pr\u00e9cautions en choisissant leur conjoint, leurs lieux de sortie et leur taux d&rsquo;alcool\u00e9mie\u2026<\/p>\n<\/blockquote>\n\n\n\n<p>Mareike a cependant une toute autre id\u00e9e&nbsp;:<\/p>\n\n\n\n<blockquote class=\"wp-block-quote is-layout-flow wp-block-quote-is-layout-flow\">\n<p>Il faut repenser l\u2019\u00e9ducation et faire entrer dans les t\u00eates le concept de consentement enthousiaste&nbsp;: seul un oui clair et net est un oui.<\/p>\n<\/blockquote>\n\n\n\n<p>Je suis s\u00fbr que les gar\u00e7ons seraient ravis qu\u2019on leur dise oui ou non <em>explicitement<\/em>. Ce sont les filles qu\u2019il faudrait convaincre d\u2019abandonner <a href=\"https:\/\/leseffrontes.fr\/index.php\/2024\/07\/14\/le-temps-des-simagrees\/\">le jeu si excitant de l\u2019implicite<\/a>. Je ne parierais pas un centime sur la r\u00e9ussite d\u2019une telle entreprise. Remarquons&nbsp;: Marieke croit que les criminels sont <em>victimes<\/em> d\u2019un manque d\u2019\u00e9ducation. Si seulement on avait expliqu\u00e9 \u00e0 Dominique Pelicot que ce qu\u2019il faisait \u00e9t\u00e9 tr\u00e8s vilain, il aurait s\u00fbrement\u2026 beaucoup ri.<\/p>\n\n\n\n<h2 class=\"wp-block-heading\">Le progr\u00e8s vers la r\u00e9gression<\/h2>\n\n\n\n<p>Au Danemark, Tine Kirkensgaard, correspondante du quotidien Politiken, s\u2019indigne&nbsp;:<\/p>\n\n\n\n<blockquote class=\"wp-block-quote is-layout-flow wp-block-quote-is-layout-flow\">\n<p>Le proc\u00e8s Pelicot \u00ab&nbsp;remplit les m\u00e9dias fran\u00e7ais et les discussions indign\u00e9es dans les caf\u00e9s, mais n\u2019a pas d\u00e9clench\u00e9 un d\u00e9bat politique plus large&nbsp;\u00bb, d\u00e9plore la journaliste. Or l\u2019affaire \u00ab&nbsp;doit aussi conduire \u00e0 une action politique en France. \u00c0 commencer par l\u2019inscription du consentement dans la loi sur le viol&nbsp;\u00bb, estime-t-elle.<\/p>\n<\/blockquote>\n\n\n\n<p>Depuis 1857, la d\u00e9finition juridique du viol dans le droit fran\u00e7ais faisait intervenir la notion de consentement. En cons\u00e9quence, c\u2019\u00e9tait \u00e0 l\u2019accusation (c\u2019est \u00e0 dire \u00e0 la victime) d\u2019apporter des \u00e9l\u00e9ments de preuve de son absence de consentement et de subir les questions de la d\u00e9fense. En 1980, l\u2019avocate Gis\u00e8le Halimi et la s\u00e9natrice Brigitte Gros obtiennent une red\u00e9finition claire et nette du viol, sans faire intervenir la notion de consentement&nbsp;:<\/p>\n\n\n\n<blockquote class=\"wp-block-quote is-layout-flow wp-block-quote-is-layout-flow\">\n<p>Tout acte de p\u00e9n\u00e9tration sexuelle de quelque nature qu&rsquo;il soit, commis sur la personne d&rsquo;autrui, par violence, contrainte ou surprise.<\/p>\n<\/blockquote>\n\n\n\n<p>C\u2019est bien sur cette base qu\u2019ont \u00e9t\u00e9 condamn\u00e9s Dominique Pelicot et ses co-accus\u00e9s (la loi a \u00e9t\u00e9 amend\u00e9e de quelques boursouflures inutiles depuis 1980, mais l\u2019essentiel n\u2019a pas chang\u00e9). Quel besoin y aurait-il de r\u00e9introduire dans les d\u00e9bats judiciaires la question du consentement, le plus souvent au d\u00e9triment de la victime&nbsp;? Courrier International a un argument nouille&nbsp;:<\/p>\n\n\n\n<blockquote class=\"wp-block-quote is-layout-flow wp-block-quote-is-layout-flow\">\n<p>De fait la notion de consentement n\u2019appara\u00eet pas dans la d\u00e9finition du viol en droit fran\u00e7ais. Contrairement \u00e0 une dizaine de pays europ\u00e9ens qui incluent cette notion dans leur loi, dont le Danemark.<\/p>\n<\/blockquote>\n\n\n\n<p>Et bien&nbsp;: que la dizaine de pays r\u00e9trogrades rattrapent leur retard sur la France en r\u00e9\u00e9crivant leur propre d\u00e9finition du viol, et qu\u2019on ne nous demande pas de revenir \u00e0 la d\u00e9finition de 1857.<\/p>\n\n\n\n<h2 class=\"wp-block-heading\">Conclusion<\/h2>\n\n\n\n<p>J\u2019arr\u00eate ici cette consternante revue de presse&nbsp;: le billet est d\u00e9j\u00e0 bien long. Et pourtant il y avait encore de la mati\u00e8re, et je n\u2019ai m\u00eame pas comment\u00e9 les propos les plus absurdes. Si la \u00ab&nbsp;culture du viol&nbsp;\u00bb et le fumeux \u00ab&nbsp;patriarcat&nbsp;\u00bb sont toujours aussi insaisissables en Occident, l\u2019\u00e9talage continuel d\u2019irr\u00e9flexion sous la plume de gens cens\u00e9s exercer des professions intellectuelles sugg\u00e8re que nous faisons face \u00e0 un vrai ph\u00e9nom\u00e8ne \u00ab&nbsp;syst\u00e9mique&nbsp;\u00bb&nbsp;: <em>la cr\u00e9tinisation des \u00e9lites<\/em>.<\/p>","protected":false},"excerpt":{"rendered":"<p>Le proc\u00e8s retentissant de Dominique Pelicot et ses cinquante co-accus\u00e9s a int\u00e9ress\u00e9 la presse bien au-del\u00e0 des fronti\u00e8res nationales\u00a0: l\u2019affaire a \u00e9t\u00e9 comment\u00e9e jusqu\u2019aux \u00c9tats-Unis et en Inde. On pouvait lire en octobre 2024, dans Courrier International, une s\u00e9lection de citations et d\u2019articles complets pris dans la presse \u00e9trang\u00e8re. Les&hellip;<\/p>\n<p><a class=\"excerpt-readmore\" href=\"https:\/\/leseffrontes.fr\/index.php\/2025\/07\/20\/affaire-pelicot-une-revue-de-presse-internationale\/\">Read More<\/a><\/p>","protected":false},"author":2,"featured_media":3108,"comment_status":"open","ping_status":"open","sticky":false,"template":"","format":"standard","meta":{"twitterCardType":"","cardImageID":0,"cardImage":"","cardTitle":"","cardDesc":"","cardImageAlt":"","cardPlayer":"","cardPlayerWidth":0,"cardPlayerHeight":0,"cardPlayerStream":"","cardPlayerCodec":"","footnotes":""},"categories":[1],"tags":[78,38,61],"class_list":["post-3107","post","type-post","status-publish","format-standard","has-post-thumbnail","hentry","category-opinions","tag-affaire-pelicot","tag-criminalite","tag-misandrie","odd"],"_links":{"self":[{"href":"https:\/\/leseffrontes.fr\/index.php\/wp-json\/wp\/v2\/posts\/3107","targetHints":{"allow":["GET"]}}],"collection":[{"href":"https:\/\/leseffrontes.fr\/index.php\/wp-json\/wp\/v2\/posts"}],"about":[{"href":"https:\/\/leseffrontes.fr\/index.php\/wp-json\/wp\/v2\/types\/post"}],"author":[{"embeddable":true,"href":"https:\/\/leseffrontes.fr\/index.php\/wp-json\/wp\/v2\/users\/2"}],"replies":[{"embeddable":true,"href":"https:\/\/leseffrontes.fr\/index.php\/wp-json\/wp\/v2\/comments?post=3107"}],"version-history":[{"count":13,"href":"https:\/\/leseffrontes.fr\/index.php\/wp-json\/wp\/v2\/posts\/3107\/revisions"}],"predecessor-version":[{"id":3459,"href":"https:\/\/leseffrontes.fr\/index.php\/wp-json\/wp\/v2\/posts\/3107\/revisions\/3459"}],"wp:featuredmedia":[{"embeddable":true,"href":"https:\/\/leseffrontes.fr\/index.php\/wp-json\/wp\/v2\/media\/3108"}],"wp:attachment":[{"href":"https:\/\/leseffrontes.fr\/index.php\/wp-json\/wp\/v2\/media?parent=3107"}],"wp:term":[{"taxonomy":"category","embeddable":true,"href":"https:\/\/leseffrontes.fr\/index.php\/wp-json\/wp\/v2\/categories?post=3107"},{"taxonomy":"post_tag","embeddable":true,"href":"https:\/\/leseffrontes.fr\/index.php\/wp-json\/wp\/v2\/tags?post=3107"}],"curies":[{"name":"wp","href":"https:\/\/api.w.org\/{rel}","templated":true}]}}