{"id":3301,"date":"2025-10-31T16:32:32","date_gmt":"2025-10-31T15:32:32","guid":{"rendered":"https:\/\/leseffrontes.fr\/?p=3301"},"modified":"2025-10-31T16:32:32","modified_gmt":"2025-10-31T15:32:32","slug":"les-effrontees-du-mois-doctobre-2025-fiammetta-et-emilia","status":"publish","type":"post","link":"https:\/\/leseffrontes.fr\/index.php\/2025\/10\/31\/les-effrontees-du-mois-doctobre-2025-fiammetta-et-emilia\/","title":{"rendered":"Les Effront\u00e9es du mois d&rsquo;octobre 2025\u00a0: Fiammetta et Emilia"},"content":{"rendered":"\n<blockquote class=\"wp-block-quote is-layout-flow wp-block-quote-is-layout-flow\">\n<p>\u2014 C\u2019est la concordance chromatique entre votre tenue et vos pommes qui m\u2019a fait vous arr\u00eater, Mademoiselle. Je me suis dit&nbsp;: \u00ab&nbsp;Eugenio, voici une personne qui a du go\u00fbt&nbsp;!&nbsp;\u00bb C\u2019est rare chez une jeune femme\u2026 Mais peut-\u00eatre paraissez-vous moins que votre \u00e2ge v\u00e9ritable&nbsp;?<\/p>\n\n\n\n<p>\u2014 Oh non, Monsieur Eugenio&nbsp;! Dis-lui, Emilia.<\/p>\n\n\n\n<p>\u2014 Elle est aussi jeune qu\u2019elle y para\u00eet. Et elle a du go\u00fbt, comme vous dites, bien que nous ne soyons pas riches. Et vous, Monsieur&nbsp;?<\/p>\n\n\n\n<p>\u2014 Moi, je ne peux vivre sans la beaut\u00e9. Il faut mettre de l\u2019art en toute chose, m\u00eame les plus banales. Voyez cette chemise\u2026 T\u00e2tez.<\/p>\n\n\n\n<p>\u2014 Elle est douce.<\/p>\n\n\n\n<p>\u2014 En effet, je l\u2019ai re\u00e7ue du marquis de Parlantini qui les fait tailler dans un lin m\u00eal\u00e9 de coton. Voil\u00e0 un homme qui sait partager discr\u00e8tement son raffinement avec ceux qui le m\u00e9rite. Votre foulard, si bien assorti \u00e0 vos l\u00e8vres, en sugg\u00e8re d\u00e9j\u00e0 la douceur.<\/p>\n\n\n\n<p>\u2014 Comme vous y allez, Monsieur Eugenio\u2026<\/p>\n\n\n\n<p>\u2014 Vous la faites rougir. Tu rougis, Fiammetta&nbsp;!<\/p>\n\n\n\n<p>\u2014 Fiammetta&nbsp;! J\u2019en \u00e9tais s\u00fbr&nbsp;! Quel admirable pr\u00e9nom&nbsp;! La petite flamme de l\u2019art vous habite, elle rayonne partout o\u00f9 vous jetez un regard. Vous devez \u00eatre entour\u00e9e de pr\u00e9tendants tous plus d\u00e9sirables les uns que les autres&nbsp;: gros m\u00e9tayers, patrons d\u2019auberges, charrons prosp\u00e8res, ma\u00eetres d\u2019attelages, peut-\u00eatre m\u00eame un clerc de notaire\u2026<\/p>\n\n\n\n<p>\u2014 Mais point du tout, Monsieur Eugenio, je vous assure&nbsp;! D\u2019ordinaire on ne m\u2019aborde pas, je ne sais pourquoi.<\/p>\n\n\n\n<p>\u2014 Comment&nbsp;? Est-ce ainsi&nbsp;? Oh, les pleutres&nbsp;! Oh, les chapons&nbsp;! Dans quelle \u00e9poque indigne vivons-nous&nbsp;? Moi je sais pourquoi, Mademoiselle&nbsp;: c\u2019est la peur.<\/p>\n\n\n\n<p>\u2014 La peur&nbsp;? De moi&nbsp;?<\/p>\n\n\n\n<p>\u2014 La peur de ne savoir que dire. La peur de votre rejet, de vos moqueries peut-\u00eatre. La peur de votre famille aussi. Il suffirait d\u2019un mot de vous, sans doute, pour que l\u2019on punisse l\u2019insolent.<\/p>\n\n\n\n<p>\u2014 Mais en aucune fa\u00e7on&nbsp;! Je ne suis pas une m\u00e9chante personne. Comment pourrais-je en vouloir \u00e0 un homme courtois qui me fait l\u2019honneur de m\u2019accorder quelques paroles&nbsp;? Mes journ\u00e9es sont si ennuyeuses.<\/p>\n\n\n\n<p>\u2014 C\u2019est ainsi, aujourd\u2019hui. Les gar\u00e7ons craignent les filles. Leurs anc\u00eatres rougissent de honte dans l\u2019au-del\u00e0. Pourtant, il suffirait d\u2019un peu d\u2019audace, d\u2019un peu d\u2019imagination\u2026 Tenez, imaginons&nbsp;: un gar\u00e7on peu instruit mais bien \u00e9lev\u00e9, encore dans le giron de sa m\u00e8re pourrait vous dire \u00ab&nbsp;Mademoiselle, je n\u2019ai pas vu de gorrrge comme la v\u00f4trrre depuis ma nourrrrice. Je crrrois que si j\u2019y posais la t\u00eate je trouverrrais l\u00e0 le rrrepos d\u2019un ange et la forrrce de soulever une vache.&nbsp;\u00bb Ce serait un peu hardi, n\u2019est-ce pas&nbsp;?<\/p>\n\n\n\n<p>\u2014 Hi hi hi&nbsp;!<\/p>\n\n\n\n<p>\u2014 Ou bien, tenez, un homme de plus d\u2019exp\u00e9rience vous dirait \u00ab&nbsp;Mademoiselle, la gr\u00e2ce de vos pas invite \u00e0 la danse. \u00cates-vous danseuse\u00a0? Du tout\u00a0? Cela ne fait rien, vous \u00eates dou\u00e9e, \u00e7a se voit. Un bon danseur vous fera danser comme si vos pieds lui appartenaient. Je serai dimanche au bal de Chioggia. Il me faut une partenaire, sinon je devrai danser avec toutes les jolies esseul\u00e9es et je crains que l\u2019ivresse aidant l\u2019une d\u2019entre elles ne se fasse \u00e9pouser de moi. Venez donc m\u2019en sauver\u00a0!\u00a0\u00bb<\/p>\n\n\n\n<p>\u2014 Oh oh oh&nbsp;!<\/p>\n\n\n\n<p>\u2014 Ou bien, un homme\u2026 un peu voyou, voyez-vous&nbsp;? Il vous dirait \u00ab&nbsp;Vois le mal que tu me fais, Fiammetta. Je br\u00fble \u00e0 cause de toi. Tous les jours tu passes et tu repasses devant moi, avec ton panier charg\u00e9 de p\u00e9ch\u00e9s. Cette chevelure \u00e0 peine ramass\u00e9e sur cette nuque blanche comme le marbre me rend fou&nbsp;! Et ces mollets que tu d\u00e9couvres \u00e0 chaque pas, Dieu et le Diable savent que j\u2019ai vu les plus gracieux du pays, mais des comme les tiens, jamais&nbsp;! Je vais faire un malheur, femme. Je d\u00e9fierai les gardes du Palais. Je sauterai sur les \u00e9paules du Doge comme sur la croupe d\u2019un \u00e2ne. On me mettra aux fers. On m\u2019enverra aux gal\u00e8res. Je serai fouett\u00e9 au sang par ta faute, si tu ne me sauves pas, Fiammetta&nbsp;! Toi seule peut me donner la r\u00e9demption, si tu m\u2019ouvres ton c\u0153ur et tes bras. \u00d4 Fiammetta&nbsp;! Je ne veux plus \u00eatre un bandit depuis que je t\u2019ai vue.&nbsp;\u00bb<\/p>\n\n\n\n<p>\u2014 C\u2019est extraordinaire, Monsieur Eugenio, comme vous le racontez, on croirait que c\u2019est vous le bandit&nbsp;!<\/p>\n\n\n\n<p>\u2014 Ah, vous me troublez. Pardonnez, je ne voulais pas vous faire peur. Une jeune fille si na\u00efve\u2026<\/p>\n\n\n\n<p>\u2014 Je ne suis pas si na\u00efve&nbsp;! Vous m\u2019amusez. Beaucoup.<\/p>\n\n\n\n<p>\u2014 Je vous ai trop longtemps distrait de votre labeur. Je dois dispara\u00eetre et ne plus vous importuner.<\/p>\n\n\n\n<p>\u2014 Mais surtout pas&nbsp;! Importunez-moi, je vous en prie.<\/p>\n\n\n\n<p>\u2014 Importunez-l\u00e0, Monsieur Eugenio, puisqu\u2019elle vous le demande.<\/p>\n\n\n\n<p>\u2014 D\u00e9posez donc votre panier au village puis, sur le chemin de Padoue, juste avant le calvaire, prenez le sentier qui monte \u00e0 l\u2019ancienne grange. Les foins y sont rentr\u00e9s, un couple de tourterelles y a nich\u00e9. Nous y serons bien pour nous importuner. Venez avec une pomme, une plume et un second foulard. Je connais des jeux que Mme la Marquise elle-m\u00eame ne d\u00e9daigne pas lorsque l\u2019ennui et l\u2019absence de son \u00e9poux la font venir \u00e0 mes rendez-vous.<\/p>\n<\/blockquote>\n\n\n\n<p>Illustration&nbsp;: <em>Le Flirt<\/em>, par Eugene de Blaas, 1904<\/p>","protected":false},"excerpt":{"rendered":"<p>\u2014 C\u2019est la concordance chromatique entre votre tenue et vos pommes qui m\u2019a fait vous arr\u00eater, Mademoiselle. Je me suis dit&nbsp;: \u00ab&nbsp;Eugenio, voici une personne qui a du go\u00fbt&nbsp;!&nbsp;\u00bb C\u2019est rare chez une jeune femme\u2026 Mais peut-\u00eatre paraissez-vous moins que votre \u00e2ge v\u00e9ritable&nbsp;? \u2014 Oh non, Monsieur Eugenio&nbsp;! Dis-lui, Emilia.&hellip;<\/p>\n<p><a class=\"excerpt-readmore\" href=\"https:\/\/leseffrontes.fr\/index.php\/2025\/10\/31\/les-effrontees-du-mois-doctobre-2025-fiammetta-et-emilia\/\">Read More<\/a><\/p>","protected":false},"author":2,"featured_media":3302,"comment_status":"open","ping_status":"open","sticky":false,"template":"","format":"standard","meta":{"twitterCardType":"","cardImageID":0,"cardImage":"","cardTitle":"","cardDesc":"","cardImageAlt":"","cardPlayer":"","cardPlayerWidth":0,"cardPlayerHeight":0,"cardPlayerStream":"","cardPlayerCodec":"","footnotes":""},"categories":[8],"tags":[64,79],"class_list":["post-3301","post","type-post","status-publish","format-standard","has-post-thumbnail","hentry","category-effronteedumois","tag-effrontee","tag-eugene-de-blaas","odd"],"_links":{"self":[{"href":"https:\/\/leseffrontes.fr\/index.php\/wp-json\/wp\/v2\/posts\/3301","targetHints":{"allow":["GET"]}}],"collection":[{"href":"https:\/\/leseffrontes.fr\/index.php\/wp-json\/wp\/v2\/posts"}],"about":[{"href":"https:\/\/leseffrontes.fr\/index.php\/wp-json\/wp\/v2\/types\/post"}],"author":[{"embeddable":true,"href":"https:\/\/leseffrontes.fr\/index.php\/wp-json\/wp\/v2\/users\/2"}],"replies":[{"embeddable":true,"href":"https:\/\/leseffrontes.fr\/index.php\/wp-json\/wp\/v2\/comments?post=3301"}],"version-history":[{"count":4,"href":"https:\/\/leseffrontes.fr\/index.php\/wp-json\/wp\/v2\/posts\/3301\/revisions"}],"predecessor-version":[{"id":3306,"href":"https:\/\/leseffrontes.fr\/index.php\/wp-json\/wp\/v2\/posts\/3301\/revisions\/3306"}],"wp:featuredmedia":[{"embeddable":true,"href":"https:\/\/leseffrontes.fr\/index.php\/wp-json\/wp\/v2\/media\/3302"}],"wp:attachment":[{"href":"https:\/\/leseffrontes.fr\/index.php\/wp-json\/wp\/v2\/media?parent=3301"}],"wp:term":[{"taxonomy":"category","embeddable":true,"href":"https:\/\/leseffrontes.fr\/index.php\/wp-json\/wp\/v2\/categories?post=3301"},{"taxonomy":"post_tag","embeddable":true,"href":"https:\/\/leseffrontes.fr\/index.php\/wp-json\/wp\/v2\/tags?post=3301"}],"curies":[{"name":"wp","href":"https:\/\/api.w.org\/{rel}","templated":true}]}}