{"id":3465,"date":"2026-02-02T11:19:00","date_gmt":"2026-02-02T10:19:00","guid":{"rendered":"https:\/\/leseffrontes.fr\/?p=3465"},"modified":"2026-02-21T15:02:45","modified_gmt":"2026-02-21T14:02:45","slug":"dix-chiffres-hallucinants-sur-nos-quartiers-prioritaires","status":"publish","type":"post","link":"https:\/\/leseffrontes.fr\/index.php\/2026\/02\/02\/dix-chiffres-hallucinants-sur-nos-quartiers-prioritaires\/","title":{"rendered":"Dix chiffres hallucinants sur nos quartiers prioritaires"},"content":{"rendered":"\n<p><em>Marc Vanguard diffuse sur X (ex-Twitter) des \u00e9l\u00e9ments de statistique sur l\u2019immigration. Nous republions son travail sur les Effront\u00e9s dans l\u2019espoir que cela nourrisse chez le lecteur une r\u00e9flexion raisonnable et mesur\u00e9e, au lieu des r\u00e9actions \u00e9motionnelles si fr\u00e9quentes sur ce sujet. \u2014 TB<\/em><\/p>\n\n\n\n<p>C&rsquo;est <em>pire<\/em> que ce que vous pensez. Il y a en France des territoires aussi peupl\u00e9s que la Finlande, avec 28% d&rsquo;illettr\u00e9s, le taux d&rsquo;homicide du Rwanda, et une pauvret\u00e9 alarmante.<\/p>\n\n\n\n<p><strong>Population totale des quartiers prioritaires&nbsp;: 5,3 millions d&rsquo;habitants.<\/strong> C&rsquo;est l&rsquo;\u00e9quivalent de la population de v\u00e9ritables \u00c9tats comme la Finlande ou la Slovaquie.<\/p>\n\n\n\n<p><strong>Taux d&rsquo;homicides volontaires&nbsp;: 4 pour 100.000 habitants.<\/strong> \u00c9quivalent \u00e0 celui du Rwanda ou du Pakistan.<\/p>\n\n\n\n<p><strong>Taux d&rsquo;illettrisme&nbsp;: 28%.<\/strong> C&rsquo;est 3,5 fois le taux observ\u00e9 en moyenne en France m\u00e9tropolitaine.<\/p>\n\n\n\n<p><strong>Part de la population sans dipl\u00f4me&nbsp;: 44%.<\/strong> C&rsquo;est plus de 2 fois le taux observ\u00e9 en moyenne en France (21%).<\/p>\n\n\n\n<p><strong>Taux d&#8217;emploi&nbsp;: 47% en 2020.<\/strong> \u00c0 comparer \u00e0 un taux de 65% en France. Aucun pays de l&rsquo;UE est \u00e0 moins de 54%.<\/p>\n\n\n\n<p><strong>Taux de pauvret\u00e9 au seuil de 60% en 2020&nbsp;: 44%.<\/strong> C&rsquo;est 3 fois plus que le taux observ\u00e9 en France (15%).<\/p>\n\n\n\n<p><strong>Revenu disponible m\u00e9dian par unit\u00e9 de consommation en 2021&nbsp;: 14.700\u20ac.<\/strong> \u00c0 titre de comparaison, il est de 23k\u20ac en France, et de 15k\u20ac en Slov\u00e9nie.<\/p>\n\n\n\n<p><strong>Part des m\u00e9nages impos\u00e9s&nbsp;: 26%.<\/strong> C&rsquo;est 53% en France.<\/p>\n\n\n\n<p><strong>Taux de personnes couvertes par la CAF&nbsp;: 70%.<\/strong> 3,7 millions de personnes couvertes sur 5,3 millions de r\u00e9sidents.<\/p>\n\n\n\n<p><strong>Nombre de politiques de d\u00e9veloppement mises en \u0153uvre&nbsp;: difficile \u00e0 estimer&nbsp;!<\/strong><\/p>\n\n\n\n<ul class=\"wp-block-list\">\n<li>Programme National de R\u00e9novation Urbaine&nbsp;: 12 milliards d\u2019euros.<\/li>\n\n\n\n<li>Plan d&rsquo;investissement dans les comp\u00e9tences, avec 115.000 formations dans les Quartiers Prioritaires de la politique de la Ville (QPV) en 2022<\/li>\n\n\n\n<li>D\u00e9doublement des classes, avec r\u00e9duction \u00e0 12 \u00e9l\u00e8ves maximum dans les classes de CP et CE1.<\/li>\n\n\n\n<li>Exon\u00e9rations de taxe fonci\u00e8re et autres initiatives fiscales<\/li>\n\n\n\n<li>Soutien aux r\u00e9gies de quartier et au tissu associatif local<\/li>\n\n\n\n<li>Etc.<\/li>\n<\/ul>\n\n\n\n<p>Le plus inqui\u00e9tant avec nos Quartiers Prioritaires de la Ville (QPV), c&rsquo;est pr\u00e9cis\u00e9ment qu&rsquo;on semble avoir tout essay\u00e9. Les moyens mobilis\u00e9s ont \u00e9t\u00e9 consid\u00e9rables, et les r\u00e9sultats d\u00e9cevants. Alors que fait-on&nbsp;? Qu&rsquo;esp\u00e8re-t-on&nbsp;? \u00c0 titre personnel, je ne vois pas d&rsquo;espoir d&rsquo;am\u00e9lioration \u00e0 court terme. Oui, basculer vers une immigration plus s\u00e9lective, plus dipl\u00f4m\u00e9e et moins pauvre permettrait d&rsquo;\u00e9viter une aggravation des probl\u00e8mes des QPV. C&rsquo;est, \u00e0 mon avis, <em>n\u00e9cessaire<\/em>. Accueillir massivement des populations pauvres et peu \u00e9duqu\u00e9es n&rsquo;est clairement pas l&rsquo;id\u00e9e du si\u00e8cle pour r\u00e9duire la pauvret\u00e9 et am\u00e9liorer le niveau d&rsquo;\u00e9ducation. Cependant, il y a d\u00e9j\u00e0 5,3 millions de personnes dans les QPV, et m\u00eame un arr\u00eat complet des flux migratoires n&rsquo;y changerait rien. Par ailleurs, 75% de ces habitants ont la nationalit\u00e9 fran\u00e7aise. La politique migratoire ne peut pas r\u00e9soudre tous nos probl\u00e8mes. Bref, le sujet est \u00e9pineux&nbsp;!<\/p>\n\n\n\n<p>Si vous voulez retrouver les chiffres que j&rsquo;ai utilis\u00e9s dans ce fil, voici les sources&nbsp;:<\/p>\n\n\n\n<ul class=\"wp-block-list\">\n<li>Pour la plupart des donn\u00e9es concernant les QPV\u00a0: <a href=\"https:\/\/sig.ville.gouv.fr\/\" target=\"_blank\" rel=\"noreferrer noopener\">sig.ville.gouv.fr<\/a><\/li>\n\n\n\n<li>Pour les homicides\u00a0: <a href=\"https:\/\/www.interieur.gouv.fr\/Interstats\" target=\"_blank\" rel=\"noreferrer noopener\">www.interieur.gouv.fr\/Interstats<\/a><\/li>\n\n\n\n<li>Pour l&rsquo;illettrisme: <a href=\"https:\/\/insee.fr\/\" target=\"_blank\" rel=\"noreferrer noopener\">insee.fr<\/a><\/li>\n\n\n\n<li>Pour les comparatifs internationaux\u00a0: <a href=\"https:\/\/ec.europa.eu\/eurostat\" target=\"_blank\" rel=\"noreferrer noopener\">ec.europa.eu\/eurostat<\/a> (population, revenus) et <a href=\"https:\/\/www.unodc.org\/\" target=\"_blank\" rel=\"noreferrer noopener\">www.unodc.org<\/a> (homicides).<\/li>\n<\/ul>\n\n\n\n<p>Ce billet vous a-t-il int\u00e9ress\u00e9&nbsp;? Si oui, pensez \u00e0 vous abonner \u00e0 <a href=\"https:\/\/x.com\/marc_vanguard\" target=\"_blank\" rel=\"noreferrer noopener\">Marc Vanguard sur X<\/a>, et \u00e0 diffuser largement cette publication. N&rsquo;h\u00e9sitez pas \u00e0 dire en commentaire si vous voyez un espoir particulier pour am\u00e9liorer la situation\u00a0!<\/p>","protected":false},"excerpt":{"rendered":"<p>Marc Vanguard diffuse sur X (ex-Twitter) des \u00e9l\u00e9ments de statistique sur l\u2019immigration. Nous republions son travail sur les Effront\u00e9s dans l\u2019espoir que cela nourrisse chez le lecteur une r\u00e9flexion raisonnable et mesur\u00e9e, au lieu des r\u00e9actions \u00e9motionnelles si fr\u00e9quentes sur ce sujet. \u2014 TB C&rsquo;est pire que ce que vous&hellip;<\/p>\n<p><a class=\"excerpt-readmore\" href=\"https:\/\/leseffrontes.fr\/index.php\/2026\/02\/02\/dix-chiffres-hallucinants-sur-nos-quartiers-prioritaires\/\">Read More<\/a><\/p>","protected":false},"author":2,"featured_media":3466,"comment_status":"open","ping_status":"open","sticky":false,"template":"","format":"standard","meta":{"twitterCardType":"","cardImageID":0,"cardImage":"","cardTitle":"","cardDesc":"","cardImageAlt":"","cardPlayer":"","cardPlayerWidth":0,"cardPlayerHeight":0,"cardPlayerStream":"","cardPlayerCodec":"","footnotes":""},"categories":[7],"tags":[38,39,37],"class_list":["post-3465","post","type-post","status-publish","format-standard","has-post-thumbnail","hentry","category-faits","tag-criminalite","tag-immigration","tag-marc-vanguard","odd"],"_links":{"self":[{"href":"https:\/\/leseffrontes.fr\/index.php\/wp-json\/wp\/v2\/posts\/3465","targetHints":{"allow":["GET"]}}],"collection":[{"href":"https:\/\/leseffrontes.fr\/index.php\/wp-json\/wp\/v2\/posts"}],"about":[{"href":"https:\/\/leseffrontes.fr\/index.php\/wp-json\/wp\/v2\/types\/post"}],"author":[{"embeddable":true,"href":"https:\/\/leseffrontes.fr\/index.php\/wp-json\/wp\/v2\/users\/2"}],"replies":[{"embeddable":true,"href":"https:\/\/leseffrontes.fr\/index.php\/wp-json\/wp\/v2\/comments?post=3465"}],"version-history":[{"count":3,"href":"https:\/\/leseffrontes.fr\/index.php\/wp-json\/wp\/v2\/posts\/3465\/revisions"}],"predecessor-version":[{"id":3500,"href":"https:\/\/leseffrontes.fr\/index.php\/wp-json\/wp\/v2\/posts\/3465\/revisions\/3500"}],"wp:featuredmedia":[{"embeddable":true,"href":"https:\/\/leseffrontes.fr\/index.php\/wp-json\/wp\/v2\/media\/3466"}],"wp:attachment":[{"href":"https:\/\/leseffrontes.fr\/index.php\/wp-json\/wp\/v2\/media?parent=3465"}],"wp:term":[{"taxonomy":"category","embeddable":true,"href":"https:\/\/leseffrontes.fr\/index.php\/wp-json\/wp\/v2\/categories?post=3465"},{"taxonomy":"post_tag","embeddable":true,"href":"https:\/\/leseffrontes.fr\/index.php\/wp-json\/wp\/v2\/tags?post=3465"}],"curies":[{"name":"wp","href":"https:\/\/api.w.org\/{rel}","templated":true}]}}