{"id":3885,"date":"2026-08-31T18:24:15","date_gmt":"2026-08-31T16:24:15","guid":{"rendered":"https:\/\/leseffrontes.fr\/?p=3885"},"modified":"2026-08-30T18:28:21","modified_gmt":"2026-08-30T16:28:21","slug":"les-effrontees-du-mois-daout-2026-orithye-et-boreas","status":"publish","type":"post","link":"https:\/\/leseffrontes.fr\/index.php\/2026\/08\/31\/les-effrontees-du-mois-daout-2026-orithye-et-boreas\/","title":{"rendered":"Les Effront\u00e9es du mois d\u2019ao\u00fbt 2026\u00a0: Orithye et Boreas"},"content":{"rendered":"\n<blockquote class=\"wp-block-quote is-layout-flow wp-block-quote-is-layout-flow\">\n<p class=\"wp-block-paragraph\">\u2014 Bonjour \u00e0 tous&nbsp;! Bienvenue \u00e0 nos auditeurs pour ces olympiades en direct d\u2019\u00c9lis que j\u2019ai le plaisir de couvrir en compagnie de notre \u00e9crivain-voyageur pr\u00e9f\u00e9r\u00e9, Pausanias le P\u00e9ri\u00e9g\u00e8te&nbsp;!<\/p>\n\n\n\n<p class=\"wp-block-paragraph\">\u2014 Bonjour. Merci de m\u2019accueillir en \u00c9lide, Nicostratos.<\/p>\n\n\n\n<p class=\"wp-block-paragraph\">\u2014 C\u2019est un plaisir&nbsp;! Pour suivre cette journ\u00e9e consacr\u00e9e \u00e0 la lutte f\u00e9minine, tous les royaumes nous \u00e9coutent durant cette grande tr\u00e8ve olympique&nbsp;: Laconiens, Messeniens, Arcadiens, Attiques, <a href=\"https:\/\/leseffrontes.fr\/index.php\/2026\/01\/31\/leffrontee-du-mois-de-janvier-2026-leslie\/\">B\u00e9otiens<\/a>, Cr\u00e9tois, Ioniens, Thessaliens, <a href=\"https:\/\/leseffrontes.fr\/index.php\/2024\/11\/30\/leffronte-du-mois-de-novembre-2024-thais\/\">Paphlagoniens<\/a>, Eolidiens, Phrygiens, Mac\u00e9doniens, Thraces, Lesbiens\u2026<\/p>\n\n\n\n<p class=\"wp-block-paragraph\">\u2014 Oui, ils aiment la lutte f\u00e9minine, l\u00e0-bas.<\/p>\n\n\n\n<p class=\"wp-block-paragraph\">\u2014 Et voici que nos athl\u00e8tes se pr\u00e9sentent dans le stade pour ce premier match tr\u00e8s attendu. Il s\u2019agit de l\u2019ath\u00e9nienne Orithye, championne junior de la ligue f\u00e9minine d\u2019Attique, oppos\u00e9e \u00e0 Boreas, qui nous vient de Thrace, o\u00f9 elle concourait jusqu\u2019\u00e0 r\u00e9cemment en lutte masculine senior.<\/p>\n\n\n\n<p class=\"wp-block-paragraph\">\u2014 Comment cela&nbsp;? Nicostratos, buvez-vous d\u00e8s le matin&nbsp;?<\/p>\n\n\n\n<p class=\"wp-block-paragraph\">\u2014 Pas la moindre goutte, cher Pausanias, je vous l\u2019assure&nbsp;! Boreas a demand\u00e9 son changement de ligue en m\u00eame temps qu\u2019elle annon\u00e7ait avoir d\u00e9couvert sa f\u00e9minit\u00e9 profonde.<\/p>\n\n\n\n<p class=\"wp-block-paragraph\">\u2014 Sans blague&nbsp;? Et comment justifie-t-il cela&nbsp;?<\/p>\n\n\n\n<p class=\"wp-block-paragraph\">\u2014 Elle a d\u00e9clar\u00e9&nbsp;: \u00ab&nbsp;Je suis m\u00e9tag\u00e9nos [NdT&nbsp;: <em>transgenre<\/em>]. Je suis une femme. Je m\u2019identifie comme une femme parfois, pour la lutte, alors je vais m\u2019inscrire aux olympiades en lutte f\u00e9minine. Elle vont avoir des cauchemars, elles le devront. Je sens vraiment que je vais \u00eatre dominante.&nbsp;\u00bb<\/p>\n\n\n\n<p class=\"wp-block-paragraph\">\u2014 Qui croit s\u00e9rieusement que cet homme pesant le poids d\u2019un \u00e2ne et atteignant presque sept pieds de haut soit devenu une femme&nbsp;? A-t-il d\u00e9rang\u00e9 des serpents concupiscents, comme Tir\u00e9sias&nbsp;? Ou le monde civilis\u00e9 tout entier est-il devenu un nid de serpents d\u00e9rang\u00e9s&nbsp;?<\/p>\n\n\n\n<p class=\"wp-block-paragraph\">\u2014 Je vous laisse la responsabilit\u00e9 de vos propos, cher Pausanias, car voici les lutteuses qui s\u2019\u00e9lancent\u2026 Boreas saisit Orithye par le bassin. Orithye tente une frappe \u00e0 main ouverte en plein visage, mais Boreas n\u2019en a cure et s\u2019\u00e9lance hors du cercle avec son adversaire sur l\u2019\u00e9paule. Ce n\u2019est pas du tout r\u00e9glementaire&nbsp;! L\u2019arbitre siffle, le public hurle&nbsp;! Boreas vient de dispara\u00eetre, emportant Orithye hors du stade. Elles seront certainement disqualifi\u00e9es\u2026<\/p>\n\n\n\n<p class=\"wp-block-paragraph\">\u2014 Mais bougre d\u2019\u00e2ne, ce n\u2019est pas une lutte, c\u2019est un enl\u00e8vement&nbsp;! \u00cates-vous donc aveugle, sourd et born\u00e9 pour ne pas voir qu\u2019un homme est un homme et qu\u2019une femme est une femme&nbsp;?<\/p>\n\n\n\n<p class=\"wp-block-paragraph\">\u2014 Vos propos archa\u00efques n\u2019engagent que vous, Pausanias&nbsp;! Nous devons rendre l\u2019antenne provisoirement. Merci \u00e0 nos partenaires&nbsp;: Mania le plus grand parc d\u2019attraction d\u2019Arcadie et <a href=\"https:\/\/leseffrontes.fr\/index.php\/2024\/08\/31\/les-effrontee-du-mois-daout-2024-les-bacchantes\/\">Amp\u00e9los<\/a>, l\u2019huile haute-performance des athl\u00e8tes et des <a href=\"https:\/\/leseffrontes.fr\/index.php\/2022\/03\/30\/les-effrontees-du-mois-de-mars-2022-les-nymphes-des-fontaines\/\">\u00e9rom\u00e8nes<\/a>&nbsp;!<\/p>\n<\/blockquote>\n\n\n\n<p class=\"wp-block-paragraph\">Illustration&nbsp;: <em>L\u2019enl\u00e8vement d\u2019Orithye par Boreas<\/em>, par Peter Paul Rubens, 1620<\/p>","protected":false},"excerpt":{"rendered":"<p>\u2014 Bonjour \u00e0 tous&nbsp;! Bienvenue \u00e0 nos auditeurs pour ces olympiades en direct d\u2019\u00c9lis que j\u2019ai le plaisir de couvrir en compagnie de notre \u00e9crivain-voyageur pr\u00e9f\u00e9r\u00e9, Pausanias le P\u00e9ri\u00e9g\u00e8te&nbsp;! \u2014 Bonjour. Merci de m\u2019accueillir en \u00c9lide, Nicostratos. \u2014 C\u2019est un plaisir&nbsp;! Pour suivre cette journ\u00e9e consacr\u00e9e \u00e0 la lutte f\u00e9minine,&hellip;<\/p>\n<p><a class=\"excerpt-readmore\" href=\"https:\/\/leseffrontes.fr\/index.php\/2026\/08\/31\/les-effrontees-du-mois-daout-2026-orithye-et-boreas\/\">Read More<\/a><\/p>","protected":false},"author":2,"featured_media":3886,"comment_status":"open","ping_status":"open","sticky":false,"template":"","format":"standard","meta":{"twitterCardType":"","cardImageID":0,"cardImage":"","cardTitle":"","cardDesc":"","cardImageAlt":"","cardPlayer":"","cardPlayerWidth":0,"cardPlayerHeight":0,"cardPlayerStream":"","cardPlayerCodec":"","footnotes":""},"categories":[8],"tags":[64],"class_list":["post-3885","post","type-post","status-publish","format-standard","has-post-thumbnail","hentry","category-effronteedumois","tag-effrontee","odd"],"_links":{"self":[{"href":"https:\/\/leseffrontes.fr\/index.php\/wp-json\/wp\/v2\/posts\/3885","targetHints":{"allow":["GET"]}}],"collection":[{"href":"https:\/\/leseffrontes.fr\/index.php\/wp-json\/wp\/v2\/posts"}],"about":[{"href":"https:\/\/leseffrontes.fr\/index.php\/wp-json\/wp\/v2\/types\/post"}],"author":[{"embeddable":true,"href":"https:\/\/leseffrontes.fr\/index.php\/wp-json\/wp\/v2\/users\/2"}],"replies":[{"embeddable":true,"href":"https:\/\/leseffrontes.fr\/index.php\/wp-json\/wp\/v2\/comments?post=3885"}],"version-history":[{"count":2,"href":"https:\/\/leseffrontes.fr\/index.php\/wp-json\/wp\/v2\/posts\/3885\/revisions"}],"predecessor-version":[{"id":3888,"href":"https:\/\/leseffrontes.fr\/index.php\/wp-json\/wp\/v2\/posts\/3885\/revisions\/3888"}],"wp:featuredmedia":[{"embeddable":true,"href":"https:\/\/leseffrontes.fr\/index.php\/wp-json\/wp\/v2\/media\/3886"}],"wp:attachment":[{"href":"https:\/\/leseffrontes.fr\/index.php\/wp-json\/wp\/v2\/media?parent=3885"}],"wp:term":[{"taxonomy":"category","embeddable":true,"href":"https:\/\/leseffrontes.fr\/index.php\/wp-json\/wp\/v2\/categories?post=3885"},{"taxonomy":"post_tag","embeddable":true,"href":"https:\/\/leseffrontes.fr\/index.php\/wp-json\/wp\/v2\/tags?post=3885"}],"curies":[{"name":"wp","href":"https:\/\/api.w.org\/{rel}","templated":true}]}}