{"id":3889,"date":"2026-09-01T14:56:38","date_gmt":"2026-09-01T12:56:38","guid":{"rendered":"https:\/\/leseffrontes.fr\/?p=3889"},"modified":"2026-09-01T14:56:39","modified_gmt":"2026-09-01T12:56:39","slug":"insecurite-et-delinquance-bilan-2025","status":"publish","type":"post","link":"https:\/\/leseffrontes.fr\/index.php\/2026\/09\/01\/insecurite-et-delinquance-bilan-2025\/","title":{"rendered":"Ins\u00e9curit\u00e9 et d\u00e9linquance\u00a0: bilan 2025"},"content":{"rendered":"\n<p class=\"wp-block-paragraph\"><em>Marc Vanguard diffuse sur X des \u00e9l\u00e9ments de statistique sur la criminalit\u00e9 et l\u2019immigration. Nous republions son travail sur les Effront\u00e9s dans l\u2019espoir que cela nourrisse chez le lecteur une r\u00e9flexion raisonnable et mesur\u00e9e, au lieu des r\u00e9actions \u00e9motionnelles si fr\u00e9quentes sur ce sujet. \u2014 TB<\/em><\/p>\n\n\n\n<p class=\"wp-block-paragraph\">Ins\u00e9curit\u00e9, crimes et d\u00e9lits en France&nbsp;: les chiffres d\u00e9finitifs pour l&rsquo;ann\u00e9e 2025 viennent d&rsquo;\u00eatre publi\u00e9s [le 9 juillet]. C&rsquo;est <em>cata<\/em><em>s<\/em><em>trophique<\/em>. L&rsquo;essentiel \u00e0 retenir est dans ce fil de synth\u00e8se.<\/p>\n\n\n\n<p class=\"wp-block-paragraph\">Pour commencer, voici un petit tableau de synth\u00e8se&nbsp;:<\/p>\n\n\n\n<figure data-wp-context=\"{&quot;imageId&quot;:&quot;6a96db569c659&quot;}\" data-wp-interactive=\"core\/image\" data-wp-key=\"6a96db569c659\" class=\"wp-block-image size-large wp-lightbox-container\"><img loading=\"lazy\" decoding=\"async\" width=\"1024\" height=\"707\" data-wp-class--hide=\"state.isContentHidden\" data-wp-class--show=\"state.isContentVisible\" data-wp-init=\"callbacks.setButtonStyles\" data-wp-on--click=\"actions.showLightbox\" data-wp-on--load=\"callbacks.setButtonStyles\" data-wp-on--pointerdown=\"actions.preloadImage\" data-wp-on--pointerenter=\"actions.preloadImageWithDelay\" data-wp-on--pointerleave=\"actions.cancelPreload\" data-wp-on-window--resize=\"callbacks.setButtonStyles\" src=\"https:\/\/leseffrontes.fr\/wp-content\/uploads\/2026\/09\/37_01_tableau_des_crimes_et_delits_en_france_en_2025-1024x707.jpeg\" alt=\"Crimes et d\u00e9lits en France en 2025\" class=\"wp-image-3890\" title=\"Crimes et d\u00e9lits en France en 2025\" srcset=\"https:\/\/leseffrontes.fr\/wp-content\/uploads\/2026\/09\/37_01_tableau_des_crimes_et_delits_en_france_en_2025-1024x707.jpeg 1024w, https:\/\/leseffrontes.fr\/wp-content\/uploads\/2026\/09\/37_01_tableau_des_crimes_et_delits_en_france_en_2025-300x207.jpeg 300w, https:\/\/leseffrontes.fr\/wp-content\/uploads\/2026\/09\/37_01_tableau_des_crimes_et_delits_en_france_en_2025-768x530.jpeg 768w, https:\/\/leseffrontes.fr\/wp-content\/uploads\/2026\/09\/37_01_tableau_des_crimes_et_delits_en_france_en_2025.jpeg 1200w\" sizes=\"auto, (max-width: 1024px) 100vw, 1024px\" \/><button\n\t\t\tclass=\"lightbox-trigger\"\n\t\t\ttype=\"button\"\n\t\t\taria-haspopup=\"dialog\"\n\t\t\tdata-wp-bind--aria-label=\"state.thisImage.triggerButtonAriaLabel\"\n\t\t\tdata-wp-init=\"callbacks.initTriggerButton\"\n\t\t\tdata-wp-on--click=\"actions.showLightbox\"\n\t\t\tdata-wp-style--right=\"state.thisImage.buttonRight\"\n\t\t\tdata-wp-style--top=\"state.thisImage.buttonTop\"\n\t\t>\n\t\t\t\n<svg xmlns=\"http:\/\/www.w3.org\/2000\/svg\" width=\"12\" height=\"12\" fill=\"none\" viewBox=\"0 0 12 12\">\n\t\t\t\t<path fill=\"#fff\" d=\"M2 0a2 2 0 0 0-2 2v2h1.5V2a.5.5 0 0 1 .5-.5h2V0H2Zm2 10.5H2a.5.5 0 0 1-.5-.5V8H0v2a2 2 0 0 0 2 2h2v-1.5ZM8 12v-1.5h2a.5.5 0 0 0 .5-.5V8H12v2a2 2 0 0 1-2 2H8Zm2-12a2 2 0 0 1 2 2v2h-1.5V2a.5.5 0 0 0-.5-.5H8V0h2Z\" \/>\n\t\t\t<\/svg>\n\t\t<\/button><\/figure>\n\n\n\n<p class=\"wp-block-paragraph\">Et maintenant, regardons si ces trois \u00ab&nbsp;id\u00e9es re\u00e7ues&nbsp;\u00bb sont vraies en 2025&nbsp;:<\/p>\n\n\n\n<ul class=\"wp-block-list\">\n<li>\u00ab\u00a0Les violences explosent\u00a0\u00bb<\/li>\n\n\n\n<li>\u00ab\u00a0Le niveau d&rsquo;ins\u00e9curit\u00e9 est tr\u00e8s \u00e9lev\u00e9\u00a0\u00bb<\/li>\n\n\n\n<li>\u00ab\u00a0Les \u00e9trangers sont surrepr\u00e9sent\u00e9s dans les d\u00e9lits\u00a0\u00bb<\/li>\n<\/ul>\n\n\n\n<p class=\"wp-block-paragraph\">C&rsquo;est parti&nbsp;!<\/p>\n\n\n\n<h2 class=\"wp-block-heading\">\u00ab&nbsp;Les violences explosent&nbsp;\u00bb<\/h2>\n\n\n\n<p class=\"wp-block-paragraph\">C&rsquo;est en effet ce que montrent les chiffres calamiteux sur l&rsquo;ann\u00e9e 2025. Exemple&nbsp;: les agressions augmentent ENCORE de 5%, on est au total sur une hausse de plus de 26% depuis 2017.<\/p>\n\n\n\n<figure data-wp-context=\"{&quot;imageId&quot;:&quot;6a96db569cbe4&quot;}\" data-wp-interactive=\"core\/image\" data-wp-key=\"6a96db569cbe4\" class=\"wp-block-image size-large wp-lightbox-container\"><img loading=\"lazy\" decoding=\"async\" width=\"1024\" height=\"706\" data-wp-class--hide=\"state.isContentHidden\" data-wp-class--show=\"state.isContentVisible\" data-wp-init=\"callbacks.setButtonStyles\" data-wp-on--click=\"actions.showLightbox\" data-wp-on--load=\"callbacks.setButtonStyles\" data-wp-on--pointerdown=\"actions.preloadImage\" data-wp-on--pointerenter=\"actions.preloadImageWithDelay\" data-wp-on--pointerleave=\"actions.cancelPreload\" data-wp-on-window--resize=\"callbacks.setButtonStyles\" src=\"https:\/\/leseffrontes.fr\/wp-content\/uploads\/2026\/09\/37_02_crimes_et_delits_en_hausse-1024x706.jpeg\" alt=\"Les crimes et d\u00e9lits en hausse\" class=\"wp-image-3891\" title=\"Les crimes et d\u00e9lits en hausse\" srcset=\"https:\/\/leseffrontes.fr\/wp-content\/uploads\/2026\/09\/37_02_crimes_et_delits_en_hausse-1024x706.jpeg 1024w, https:\/\/leseffrontes.fr\/wp-content\/uploads\/2026\/09\/37_02_crimes_et_delits_en_hausse-300x207.jpeg 300w, https:\/\/leseffrontes.fr\/wp-content\/uploads\/2026\/09\/37_02_crimes_et_delits_en_hausse-768x529.jpeg 768w, https:\/\/leseffrontes.fr\/wp-content\/uploads\/2026\/09\/37_02_crimes_et_delits_en_hausse.jpeg 1200w\" sizes=\"auto, (max-width: 1024px) 100vw, 1024px\" \/><button\n\t\t\tclass=\"lightbox-trigger\"\n\t\t\ttype=\"button\"\n\t\t\taria-haspopup=\"dialog\"\n\t\t\tdata-wp-bind--aria-label=\"state.thisImage.triggerButtonAriaLabel\"\n\t\t\tdata-wp-init=\"callbacks.initTriggerButton\"\n\t\t\tdata-wp-on--click=\"actions.showLightbox\"\n\t\t\tdata-wp-style--right=\"state.thisImage.buttonRight\"\n\t\t\tdata-wp-style--top=\"state.thisImage.buttonTop\"\n\t\t>\n\t\t\t\n<svg xmlns=\"http:\/\/www.w3.org\/2000\/svg\" width=\"12\" height=\"12\" fill=\"none\" viewBox=\"0 0 12 12\">\n\t\t\t\t<path fill=\"#fff\" d=\"M2 0a2 2 0 0 0-2 2v2h1.5V2a.5.5 0 0 1 .5-.5h2V0H2Zm2 10.5H2a.5.5 0 0 1-.5-.5V8H0v2a2 2 0 0 0 2 2h2v-1.5ZM8 12v-1.5h2a.5.5 0 0 0 .5-.5V8H12v2a2 2 0 0 1-2 2H8Zm2-12a2 2 0 0 1 2 2v2h-1.5V2a.5.5 0 0 0-.5-.5H8V0h2Z\" \/>\n\t\t\t<\/svg>\n\t\t<\/button><\/figure>\n\n\n\n<p class=\"wp-block-paragraph\">Est-ce que cette hausse des violences enregistr\u00e9es est un ph\u00e9nom\u00e8ne normal, observ\u00e9 partout en Europe&nbsp;? NON. Exemple&nbsp;: la hausse des homicides en France est sans commune mesure avec ce qu&rsquo;on voit dans les grands pays voisins. Et encore, ces donn\u00e9es Eurostat datent de 2024.<\/p>\n\n\n\n<figure data-wp-context=\"{&quot;imageId&quot;:&quot;6a96db569cfca&quot;}\" data-wp-interactive=\"core\/image\" data-wp-key=\"6a96db569cfca\" class=\"wp-block-image size-large wp-lightbox-container\"><img loading=\"lazy\" decoding=\"async\" width=\"1024\" height=\"705\" data-wp-class--hide=\"state.isContentHidden\" data-wp-class--show=\"state.isContentVisible\" data-wp-init=\"callbacks.setButtonStyles\" data-wp-on--click=\"actions.showLightbox\" data-wp-on--load=\"callbacks.setButtonStyles\" data-wp-on--pointerdown=\"actions.preloadImage\" data-wp-on--pointerenter=\"actions.preloadImageWithDelay\" data-wp-on--pointerleave=\"actions.cancelPreload\" data-wp-on-window--resize=\"callbacks.setButtonStyles\" src=\"https:\/\/leseffrontes.fr\/wp-content\/uploads\/2026\/09\/37_03_une_hausse_hors_norme_dans_l_ue-1024x705.jpeg\" alt=\"Une hausse hors-norme dans l'UE\" class=\"wp-image-3892\" title=\"Une hausse hors-norme dans l'UE\" srcset=\"https:\/\/leseffrontes.fr\/wp-content\/uploads\/2026\/09\/37_03_une_hausse_hors_norme_dans_l_ue-1024x705.jpeg 1024w, https:\/\/leseffrontes.fr\/wp-content\/uploads\/2026\/09\/37_03_une_hausse_hors_norme_dans_l_ue-300x207.jpeg 300w, https:\/\/leseffrontes.fr\/wp-content\/uploads\/2026\/09\/37_03_une_hausse_hors_norme_dans_l_ue-768x529.jpeg 768w, https:\/\/leseffrontes.fr\/wp-content\/uploads\/2026\/09\/37_03_une_hausse_hors_norme_dans_l_ue.jpeg 1200w\" sizes=\"auto, (max-width: 1024px) 100vw, 1024px\" \/><button\n\t\t\tclass=\"lightbox-trigger\"\n\t\t\ttype=\"button\"\n\t\t\taria-haspopup=\"dialog\"\n\t\t\tdata-wp-bind--aria-label=\"state.thisImage.triggerButtonAriaLabel\"\n\t\t\tdata-wp-init=\"callbacks.initTriggerButton\"\n\t\t\tdata-wp-on--click=\"actions.showLightbox\"\n\t\t\tdata-wp-style--right=\"state.thisImage.buttonRight\"\n\t\t\tdata-wp-style--top=\"state.thisImage.buttonTop\"\n\t\t>\n\t\t\t\n<svg xmlns=\"http:\/\/www.w3.org\/2000\/svg\" width=\"12\" height=\"12\" fill=\"none\" viewBox=\"0 0 12 12\">\n\t\t\t\t<path fill=\"#fff\" d=\"M2 0a2 2 0 0 0-2 2v2h1.5V2a.5.5 0 0 1 .5-.5h2V0H2Zm2 10.5H2a.5.5 0 0 1-.5-.5V8H0v2a2 2 0 0 0 2 2h2v-1.5ZM8 12v-1.5h2a.5.5 0 0 0 .5-.5V8H12v2a2 2 0 0 1-2 2H8Zm2-12a2 2 0 0 1 2 2v2h-1.5V2a.5.5 0 0 0-.5-.5H8V0h2Z\" \/>\n\t\t\t<\/svg>\n\t\t<\/button><\/figure>\n\n\n\n<p class=\"wp-block-paragraph\">Et m\u00eame quand on observe un recul en France, il est rarement spectaculaire par rapport \u00e0 ce qu&rsquo;on observe ailleurs. Comme on peut le voir ici avec les vols simples et les cambriolages de logements.<\/p>\n\n\n\n<figure data-wp-context=\"{&quot;imageId&quot;:&quot;6a96db569d3a6&quot;}\" data-wp-interactive=\"core\/image\" data-wp-key=\"6a96db569d3a6\" class=\"wp-block-image size-large wp-lightbox-container\"><img loading=\"lazy\" decoding=\"async\" width=\"1024\" height=\"705\" data-wp-class--hide=\"state.isContentHidden\" data-wp-class--show=\"state.isContentVisible\" data-wp-init=\"callbacks.setButtonStyles\" data-wp-on--click=\"actions.showLightbox\" data-wp-on--load=\"callbacks.setButtonStyles\" data-wp-on--pointerdown=\"actions.preloadImage\" data-wp-on--pointerenter=\"actions.preloadImageWithDelay\" data-wp-on--pointerleave=\"actions.cancelPreload\" data-wp-on-window--resize=\"callbacks.setButtonStyles\" src=\"https:\/\/leseffrontes.fr\/wp-content\/uploads\/2026\/09\/37_04_les_reculs_ne_sont_pas_exceptionnels-1024x705.jpeg\" alt=\"Les reculs des vols et violences ne sont pas exceptionnels\" class=\"wp-image-3893\" title=\"Les reculs des vols et violences ne sont pas exceptionnels\" srcset=\"https:\/\/leseffrontes.fr\/wp-content\/uploads\/2026\/09\/37_04_les_reculs_ne_sont_pas_exceptionnels-1024x705.jpeg 1024w, https:\/\/leseffrontes.fr\/wp-content\/uploads\/2026\/09\/37_04_les_reculs_ne_sont_pas_exceptionnels-300x207.jpeg 300w, https:\/\/leseffrontes.fr\/wp-content\/uploads\/2026\/09\/37_04_les_reculs_ne_sont_pas_exceptionnels-768x529.jpeg 768w, https:\/\/leseffrontes.fr\/wp-content\/uploads\/2026\/09\/37_04_les_reculs_ne_sont_pas_exceptionnels.jpeg 1200w\" sizes=\"auto, (max-width: 1024px) 100vw, 1024px\" \/><button\n\t\t\tclass=\"lightbox-trigger\"\n\t\t\ttype=\"button\"\n\t\t\taria-haspopup=\"dialog\"\n\t\t\tdata-wp-bind--aria-label=\"state.thisImage.triggerButtonAriaLabel\"\n\t\t\tdata-wp-init=\"callbacks.initTriggerButton\"\n\t\t\tdata-wp-on--click=\"actions.showLightbox\"\n\t\t\tdata-wp-style--right=\"state.thisImage.buttonRight\"\n\t\t\tdata-wp-style--top=\"state.thisImage.buttonTop\"\n\t\t>\n\t\t\t\n<svg xmlns=\"http:\/\/www.w3.org\/2000\/svg\" width=\"12\" height=\"12\" fill=\"none\" viewBox=\"0 0 12 12\">\n\t\t\t\t<path fill=\"#fff\" d=\"M2 0a2 2 0 0 0-2 2v2h1.5V2a.5.5 0 0 1 .5-.5h2V0H2Zm2 10.5H2a.5.5 0 0 1-.5-.5V8H0v2a2 2 0 0 0 2 2h2v-1.5ZM8 12v-1.5h2a.5.5 0 0 0 .5-.5V8H12v2a2 2 0 0 1-2 2H8Zm2-12a2 2 0 0 1 2 2v2h-1.5V2a.5.5 0 0 0-.5-.5H8V0h2Z\" \/>\n\t\t\t<\/svg>\n\t\t<\/button><\/figure>\n\n\n\n<h2 class=\"wp-block-heading\">\u00ab&nbsp;Le niveau d&rsquo;ins\u00e9curit\u00e9 est tr\u00e8s \u00e9lev\u00e9&nbsp;\u00bb<\/h2>\n\n\n\n<p class=\"wp-block-paragraph\">En 2025, les forces de l&rsquo;ordre ont enregistr\u00e9 en moyenne 100 vols ou cambriolages, 25 agressions et 6 viols chaque heure. \u00c0 premi\u00e8re vue, \u00e7a semble \u00e9norme, mais pour se faire un avis plus fin, il faut regarder nos pays voisins.<\/p>\n\n\n\n<figure data-wp-context=\"{&quot;imageId&quot;:&quot;6a96db569d7a4&quot;}\" data-wp-interactive=\"core\/image\" data-wp-key=\"6a96db569d7a4\" class=\"wp-block-image size-large wp-lightbox-container\"><img loading=\"lazy\" decoding=\"async\" width=\"1024\" height=\"707\" data-wp-class--hide=\"state.isContentHidden\" data-wp-class--show=\"state.isContentVisible\" data-wp-init=\"callbacks.setButtonStyles\" data-wp-on--click=\"actions.showLightbox\" data-wp-on--load=\"callbacks.setButtonStyles\" data-wp-on--pointerdown=\"actions.preloadImage\" data-wp-on--pointerenter=\"actions.preloadImageWithDelay\" data-wp-on--pointerleave=\"actions.cancelPreload\" data-wp-on-window--resize=\"callbacks.setButtonStyles\" src=\"https:\/\/leseffrontes.fr\/wp-content\/uploads\/2026\/09\/37_05_nombre_de_delits_par_heure-1024x707.jpeg\" alt=\"\" class=\"wp-image-3894\" srcset=\"https:\/\/leseffrontes.fr\/wp-content\/uploads\/2026\/09\/37_05_nombre_de_delits_par_heure-1024x707.jpeg 1024w, https:\/\/leseffrontes.fr\/wp-content\/uploads\/2026\/09\/37_05_nombre_de_delits_par_heure-300x207.jpeg 300w, https:\/\/leseffrontes.fr\/wp-content\/uploads\/2026\/09\/37_05_nombre_de_delits_par_heure-768x530.jpeg 768w, https:\/\/leseffrontes.fr\/wp-content\/uploads\/2026\/09\/37_05_nombre_de_delits_par_heure.jpeg 1200w\" sizes=\"auto, (max-width: 1024px) 100vw, 1024px\" \/><button\n\t\t\tclass=\"lightbox-trigger\"\n\t\t\ttype=\"button\"\n\t\t\taria-haspopup=\"dialog\"\n\t\t\tdata-wp-bind--aria-label=\"state.thisImage.triggerButtonAriaLabel\"\n\t\t\tdata-wp-init=\"callbacks.initTriggerButton\"\n\t\t\tdata-wp-on--click=\"actions.showLightbox\"\n\t\t\tdata-wp-style--right=\"state.thisImage.buttonRight\"\n\t\t\tdata-wp-style--top=\"state.thisImage.buttonTop\"\n\t\t>\n\t\t\t\n<svg xmlns=\"http:\/\/www.w3.org\/2000\/svg\" width=\"12\" height=\"12\" fill=\"none\" viewBox=\"0 0 12 12\">\n\t\t\t\t<path fill=\"#fff\" d=\"M2 0a2 2 0 0 0-2 2v2h1.5V2a.5.5 0 0 1 .5-.5h2V0H2Zm2 10.5H2a.5.5 0 0 1-.5-.5V8H0v2a2 2 0 0 0 2 2h2v-1.5ZM8 12v-1.5h2a.5.5 0 0 0 .5-.5V8H12v2a2 2 0 0 1-2 2H8Zm2-12a2 2 0 0 1 2 2v2h-1.5V2a.5.5 0 0 0-.5-.5H8V0h2Z\" \/>\n\t\t\t<\/svg>\n\t\t<\/button><\/figure>\n\n\n\n<p class=\"wp-block-paragraph\">L&rsquo;indicateur de comparaison internationale le plus fiable, ce sont les homicides. La France est sur le podium des taux d&rsquo;homicide <em>les plus \u00e9lev\u00e9s<\/em> d&rsquo;Europe occidentale, avec la Belgique et la Finlande. Et encore, ces derni\u00e8res donn\u00e9es harmonis\u00e9es remontent \u00e0 2024.<\/p>\n\n\n\n<figure data-wp-context=\"{&quot;imageId&quot;:&quot;6a96db569db72&quot;}\" data-wp-interactive=\"core\/image\" data-wp-key=\"6a96db569db72\" class=\"wp-block-image size-full wp-lightbox-container\"><img loading=\"lazy\" decoding=\"async\" width=\"1000\" height=\"1000\" data-wp-class--hide=\"state.isContentHidden\" data-wp-class--show=\"state.isContentVisible\" data-wp-init=\"callbacks.setButtonStyles\" data-wp-on--click=\"actions.showLightbox\" data-wp-on--load=\"callbacks.setButtonStyles\" data-wp-on--pointerdown=\"actions.preloadImage\" data-wp-on--pointerenter=\"actions.preloadImageWithDelay\" data-wp-on--pointerleave=\"actions.cancelPreload\" data-wp-on-window--resize=\"callbacks.setButtonStyles\" src=\"https:\/\/leseffrontes.fr\/wp-content\/uploads\/2026\/09\/37_06_taux_d_homicide_en_france.jpeg\" alt=\"Le taux d'homicide en France est l'un des plus hauts d'Europe occidentale\" class=\"wp-image-3895\" title=\"Le taux d'homicide en France est l'un des plus hauts d'Europe occidentale\" srcset=\"https:\/\/leseffrontes.fr\/wp-content\/uploads\/2026\/09\/37_06_taux_d_homicide_en_france.jpeg 1000w, https:\/\/leseffrontes.fr\/wp-content\/uploads\/2026\/09\/37_06_taux_d_homicide_en_france-300x300.jpeg 300w, https:\/\/leseffrontes.fr\/wp-content\/uploads\/2026\/09\/37_06_taux_d_homicide_en_france-150x150.jpeg 150w, https:\/\/leseffrontes.fr\/wp-content\/uploads\/2026\/09\/37_06_taux_d_homicide_en_france-768x768.jpeg 768w\" sizes=\"auto, (max-width: 1000px) 100vw, 1000px\" \/><button\n\t\t\tclass=\"lightbox-trigger\"\n\t\t\ttype=\"button\"\n\t\t\taria-haspopup=\"dialog\"\n\t\t\tdata-wp-bind--aria-label=\"state.thisImage.triggerButtonAriaLabel\"\n\t\t\tdata-wp-init=\"callbacks.initTriggerButton\"\n\t\t\tdata-wp-on--click=\"actions.showLightbox\"\n\t\t\tdata-wp-style--right=\"state.thisImage.buttonRight\"\n\t\t\tdata-wp-style--top=\"state.thisImage.buttonTop\"\n\t\t>\n\t\t\t\n<svg xmlns=\"http:\/\/www.w3.org\/2000\/svg\" width=\"12\" height=\"12\" fill=\"none\" viewBox=\"0 0 12 12\">\n\t\t\t\t<path fill=\"#fff\" d=\"M2 0a2 2 0 0 0-2 2v2h1.5V2a.5.5 0 0 1 .5-.5h2V0H2Zm2 10.5H2a.5.5 0 0 1-.5-.5V8H0v2a2 2 0 0 0 2 2h2v-1.5ZM8 12v-1.5h2a.5.5 0 0 0 .5-.5V8H12v2a2 2 0 0 1-2 2H8Zm2-12a2 2 0 0 1 2 2v2h-1.5V2a.5.5 0 0 0-.5-.5H8V0h2Z\" \/>\n\t\t\t<\/svg>\n\t\t<\/button><\/figure>\n\n\n\n<p class=\"wp-block-paragraph\">En r\u00e9alit\u00e9, quel que soit l&rsquo;indicateur ou le classement international observ\u00e9, le probl\u00e8me d&rsquo;ins\u00e9curit\u00e9 en France est flagrant. Il faut \u00eatre compl\u00e8tement aveugl\u00e9 par l&rsquo;id\u00e9ologie pour le nier.<\/p>\n\n\n\n<figure data-wp-context=\"{&quot;imageId&quot;:&quot;6a96db569df4d&quot;}\" data-wp-interactive=\"core\/image\" data-wp-key=\"6a96db569df4d\" class=\"wp-block-image size-large wp-lightbox-container\"><img loading=\"lazy\" decoding=\"async\" width=\"1024\" height=\"685\" data-wp-class--hide=\"state.isContentHidden\" data-wp-class--show=\"state.isContentVisible\" data-wp-init=\"callbacks.setButtonStyles\" data-wp-on--click=\"actions.showLightbox\" data-wp-on--load=\"callbacks.setButtonStyles\" data-wp-on--pointerdown=\"actions.preloadImage\" data-wp-on--pointerenter=\"actions.preloadImageWithDelay\" data-wp-on--pointerleave=\"actions.cancelPreload\" data-wp-on-window--resize=\"callbacks.setButtonStyles\" src=\"https:\/\/leseffrontes.fr\/wp-content\/uploads\/2026\/09\/37_07_indicateurs-1024x685.jpeg\" alt=\"Indicateurs d'ins\u00e9curit\u00e9 en Europe\" class=\"wp-image-3896\" title=\"Indicateurs d'ins\u00e9curit\u00e9 en Europe\" srcset=\"https:\/\/leseffrontes.fr\/wp-content\/uploads\/2026\/09\/37_07_indicateurs-1024x685.jpeg 1024w, https:\/\/leseffrontes.fr\/wp-content\/uploads\/2026\/09\/37_07_indicateurs-300x201.jpeg 300w, https:\/\/leseffrontes.fr\/wp-content\/uploads\/2026\/09\/37_07_indicateurs-768x514.jpeg 768w, https:\/\/leseffrontes.fr\/wp-content\/uploads\/2026\/09\/37_07_indicateurs.jpeg 1200w\" sizes=\"auto, (max-width: 1024px) 100vw, 1024px\" \/><button\n\t\t\tclass=\"lightbox-trigger\"\n\t\t\ttype=\"button\"\n\t\t\taria-haspopup=\"dialog\"\n\t\t\tdata-wp-bind--aria-label=\"state.thisImage.triggerButtonAriaLabel\"\n\t\t\tdata-wp-init=\"callbacks.initTriggerButton\"\n\t\t\tdata-wp-on--click=\"actions.showLightbox\"\n\t\t\tdata-wp-style--right=\"state.thisImage.buttonRight\"\n\t\t\tdata-wp-style--top=\"state.thisImage.buttonTop\"\n\t\t>\n\t\t\t\n<svg xmlns=\"http:\/\/www.w3.org\/2000\/svg\" width=\"12\" height=\"12\" fill=\"none\" viewBox=\"0 0 12 12\">\n\t\t\t\t<path fill=\"#fff\" d=\"M2 0a2 2 0 0 0-2 2v2h1.5V2a.5.5 0 0 1 .5-.5h2V0H2Zm2 10.5H2a.5.5 0 0 1-.5-.5V8H0v2a2 2 0 0 0 2 2h2v-1.5ZM8 12v-1.5h2a.5.5 0 0 0 .5-.5V8H12v2a2 2 0 0 1-2 2H8Zm2-12a2 2 0 0 1 2 2v2h-1.5V2a.5.5 0 0 0-.5-.5H8V0h2Z\" \/>\n\t\t\t<\/svg>\n\t\t<\/button><\/figure>\n\n\n\n<p class=\"wp-block-paragraph\">Et la mauvaise nouvelle, c&rsquo;est que les violences continuent \u00e0 augmenter en 2026, d&rsquo;apr\u00e8s les tous premiers chiffres sur les six premiers mois. Les chiffres provisoires de l&rsquo;ins\u00e9curit\u00e9 pour les 6 premiers mois de l&rsquo;ann\u00e9e, montrent une nouvelle augmentation des&nbsp;:<\/p>\n\n\n\n<ul class=\"wp-block-list\">\n<li>Homicides (+6%)<\/li>\n\n\n\n<li>Agressions (+7%)<\/li>\n\n\n\n<li>Violences sexuelles (+23%)<\/li>\n<\/ul>\n\n\n\n<p class=\"wp-block-paragraph\">Alors qu&rsquo;au premier semestre 2017, on ne comptait que 441 homicides, on en d\u00e9nombre 653 sur les six premiers mois de 2026. Une hausse de +48%. Prudence toutefois, les donn\u00e9es conjoncturelles pr\u00e9sent\u00e9es ici sont provisoires, et susceptibles d&rsquo;\u00eatre r\u00e9vis\u00e9es dans les donn\u00e9es consolid\u00e9es qui seront pr\u00e9sent\u00e9es d\u00e9but 2027. (Source&nbsp;: Minist\u00e8re de l&rsquo;Int\u00e9rieur, Interstats Conjoncture N\u00b0 130)<\/p>\n\n\n\n<figure data-wp-context=\"{&quot;imageId&quot;:&quot;6a96db569e39e&quot;}\" data-wp-interactive=\"core\/image\" data-wp-key=\"6a96db569e39e\" class=\"wp-block-image size-full wp-lightbox-container\"><img loading=\"lazy\" decoding=\"async\" width=\"1000\" height=\"1000\" data-wp-class--hide=\"state.isContentHidden\" data-wp-class--show=\"state.isContentVisible\" data-wp-init=\"callbacks.setButtonStyles\" data-wp-on--click=\"actions.showLightbox\" data-wp-on--load=\"callbacks.setButtonStyles\" data-wp-on--pointerdown=\"actions.preloadImage\" data-wp-on--pointerenter=\"actions.preloadImageWithDelay\" data-wp-on--pointerleave=\"actions.cancelPreload\" data-wp-on-window--resize=\"callbacks.setButtonStyles\" src=\"https:\/\/leseffrontes.fr\/wp-content\/uploads\/2026\/09\/37_08_crimes_et_delits_premiers_semestres.jpeg\" alt=\"Crimes et d\u00e9lits enregistr\u00e9s sur le premier semestre\" class=\"wp-image-3897\" title=\"Crimes et d\u00e9lits enregistr\u00e9s sur le premier semestre\" srcset=\"https:\/\/leseffrontes.fr\/wp-content\/uploads\/2026\/09\/37_08_crimes_et_delits_premiers_semestres.jpeg 1000w, https:\/\/leseffrontes.fr\/wp-content\/uploads\/2026\/09\/37_08_crimes_et_delits_premiers_semestres-300x300.jpeg 300w, https:\/\/leseffrontes.fr\/wp-content\/uploads\/2026\/09\/37_08_crimes_et_delits_premiers_semestres-150x150.jpeg 150w, https:\/\/leseffrontes.fr\/wp-content\/uploads\/2026\/09\/37_08_crimes_et_delits_premiers_semestres-768x768.jpeg 768w\" sizes=\"auto, (max-width: 1000px) 100vw, 1000px\" \/><button\n\t\t\tclass=\"lightbox-trigger\"\n\t\t\ttype=\"button\"\n\t\t\taria-haspopup=\"dialog\"\n\t\t\tdata-wp-bind--aria-label=\"state.thisImage.triggerButtonAriaLabel\"\n\t\t\tdata-wp-init=\"callbacks.initTriggerButton\"\n\t\t\tdata-wp-on--click=\"actions.showLightbox\"\n\t\t\tdata-wp-style--right=\"state.thisImage.buttonRight\"\n\t\t\tdata-wp-style--top=\"state.thisImage.buttonTop\"\n\t\t>\n\t\t\t\n<svg xmlns=\"http:\/\/www.w3.org\/2000\/svg\" width=\"12\" height=\"12\" fill=\"none\" viewBox=\"0 0 12 12\">\n\t\t\t\t<path fill=\"#fff\" d=\"M2 0a2 2 0 0 0-2 2v2h1.5V2a.5.5 0 0 1 .5-.5h2V0H2Zm2 10.5H2a.5.5 0 0 1-.5-.5V8H0v2a2 2 0 0 0 2 2h2v-1.5ZM8 12v-1.5h2a.5.5 0 0 0 .5-.5V8H12v2a2 2 0 0 1-2 2H8Zm2-12a2 2 0 0 1 2 2v2h-1.5V2a.5.5 0 0 0-.5-.5H8V0h2Z\" \/>\n\t\t\t<\/svg>\n\t\t<\/button><\/figure>\n\n\n\n<h2 class=\"wp-block-heading\">\u00ab&nbsp;Les \u00e9trangers sont surrepr\u00e9sent\u00e9s dans les crimes et d\u00e9lits&nbsp;\u00bb<\/h2>\n\n\n\n<p class=\"wp-block-paragraph\">C&rsquo;est vrai depuis des d\u00e9cennies, c&rsquo;est vrai partout en Europe, et c&rsquo;est encore vrai en France en 2025. Sur 1000 citoyens fran\u00e7ais pr\u00e9sents en France en 2025, on compte 6 mis en cause pour crimes et d\u00e9lits violents. Sur 1000 \u00e9trangers maghr\u00e9bins, on compte 16 mis en cause. C&rsquo;est pr\u00e8s de <em>trois fois<\/em> plus.<\/p>\n\n\n\n<figure data-wp-context=\"{&quot;imageId&quot;:&quot;6a96db569e7ad&quot;}\" data-wp-interactive=\"core\/image\" data-wp-key=\"6a96db569e7ad\" class=\"wp-block-image size-large wp-lightbox-container\"><img loading=\"lazy\" decoding=\"async\" width=\"1024\" height=\"705\" data-wp-class--hide=\"state.isContentHidden\" data-wp-class--show=\"state.isContentVisible\" data-wp-init=\"callbacks.setButtonStyles\" data-wp-on--click=\"actions.showLightbox\" data-wp-on--load=\"callbacks.setButtonStyles\" data-wp-on--pointerdown=\"actions.preloadImage\" data-wp-on--pointerenter=\"actions.preloadImageWithDelay\" data-wp-on--pointerleave=\"actions.cancelPreload\" data-wp-on-window--resize=\"callbacks.setButtonStyles\" src=\"https:\/\/leseffrontes.fr\/wp-content\/uploads\/2026\/09\/37_09_taux_de_mis_en_cause_dans_les_crimes_et_delits_violents-1024x705.jpeg\" alt=\"Taux de mis en cause dans les crimes et d\u00e9lits violents par origine\" class=\"wp-image-3898\" title=\"Taux de mis en cause dans les crimes et d\u00e9lits violents par origine\" srcset=\"https:\/\/leseffrontes.fr\/wp-content\/uploads\/2026\/09\/37_09_taux_de_mis_en_cause_dans_les_crimes_et_delits_violents-1024x705.jpeg 1024w, https:\/\/leseffrontes.fr\/wp-content\/uploads\/2026\/09\/37_09_taux_de_mis_en_cause_dans_les_crimes_et_delits_violents-300x207.jpeg 300w, https:\/\/leseffrontes.fr\/wp-content\/uploads\/2026\/09\/37_09_taux_de_mis_en_cause_dans_les_crimes_et_delits_violents-768x529.jpeg 768w, https:\/\/leseffrontes.fr\/wp-content\/uploads\/2026\/09\/37_09_taux_de_mis_en_cause_dans_les_crimes_et_delits_violents.jpeg 1200w\" sizes=\"auto, (max-width: 1024px) 100vw, 1024px\" \/><button\n\t\t\tclass=\"lightbox-trigger\"\n\t\t\ttype=\"button\"\n\t\t\taria-haspopup=\"dialog\"\n\t\t\tdata-wp-bind--aria-label=\"state.thisImage.triggerButtonAriaLabel\"\n\t\t\tdata-wp-init=\"callbacks.initTriggerButton\"\n\t\t\tdata-wp-on--click=\"actions.showLightbox\"\n\t\t\tdata-wp-style--right=\"state.thisImage.buttonRight\"\n\t\t\tdata-wp-style--top=\"state.thisImage.buttonTop\"\n\t\t>\n\t\t\t\n<svg xmlns=\"http:\/\/www.w3.org\/2000\/svg\" width=\"12\" height=\"12\" fill=\"none\" viewBox=\"0 0 12 12\">\n\t\t\t\t<path fill=\"#fff\" d=\"M2 0a2 2 0 0 0-2 2v2h1.5V2a.5.5 0 0 1 .5-.5h2V0H2Zm2 10.5H2a.5.5 0 0 1-.5-.5V8H0v2a2 2 0 0 0 2 2h2v-1.5ZM8 12v-1.5h2a.5.5 0 0 0 .5-.5V8H12v2a2 2 0 0 1-2 2H8Zm2-12a2 2 0 0 1 2 2v2h-1.5V2a.5.5 0 0 0-.5-.5H8V0h2Z\" \/>\n\t\t\t<\/svg>\n\t\t<\/button><\/figure>\n\n\n\n<p class=\"wp-block-paragraph\">Pour ceux qui souhaitent plus de d\u00e9tails, voici en exclusivit\u00e9 le taux de mis en cause des ressortissants de diff\u00e9rentes nationalit\u00e9s pour diff\u00e9rentes natures de crimes et d\u00e9lits en 2025.<\/p>\n\n\n\n<figure data-wp-context=\"{&quot;imageId&quot;:&quot;6a96db569eb76&quot;}\" data-wp-interactive=\"core\/image\" data-wp-key=\"6a96db569eb76\" class=\"wp-block-image size-full wp-lightbox-container\"><img loading=\"lazy\" decoding=\"async\" width=\"1000\" height=\"1000\" data-wp-class--hide=\"state.isContentHidden\" data-wp-class--show=\"state.isContentVisible\" data-wp-init=\"callbacks.setButtonStyles\" data-wp-on--click=\"actions.showLightbox\" data-wp-on--load=\"callbacks.setButtonStyles\" data-wp-on--pointerdown=\"actions.preloadImage\" data-wp-on--pointerenter=\"actions.preloadImageWithDelay\" data-wp-on--pointerleave=\"actions.cancelPreload\" data-wp-on-window--resize=\"callbacks.setButtonStyles\" src=\"https:\/\/leseffrontes.fr\/wp-content\/uploads\/2026\/09\/37_10_taux_de_mis_en_cause_dans_les_crimes_et_delits_violents_2025.jpeg\" alt=\"Taux de mis en cause par nationalit\u00e9 en France, 2025\" class=\"wp-image-3899\" title=\"Taux de mis en cause par nationalit\u00e9 en France, 2025\" srcset=\"https:\/\/leseffrontes.fr\/wp-content\/uploads\/2026\/09\/37_10_taux_de_mis_en_cause_dans_les_crimes_et_delits_violents_2025.jpeg 1000w, https:\/\/leseffrontes.fr\/wp-content\/uploads\/2026\/09\/37_10_taux_de_mis_en_cause_dans_les_crimes_et_delits_violents_2025-300x300.jpeg 300w, https:\/\/leseffrontes.fr\/wp-content\/uploads\/2026\/09\/37_10_taux_de_mis_en_cause_dans_les_crimes_et_delits_violents_2025-150x150.jpeg 150w, https:\/\/leseffrontes.fr\/wp-content\/uploads\/2026\/09\/37_10_taux_de_mis_en_cause_dans_les_crimes_et_delits_violents_2025-768x768.jpeg 768w\" sizes=\"auto, (max-width: 1000px) 100vw, 1000px\" \/><button\n\t\t\tclass=\"lightbox-trigger\"\n\t\t\ttype=\"button\"\n\t\t\taria-haspopup=\"dialog\"\n\t\t\tdata-wp-bind--aria-label=\"state.thisImage.triggerButtonAriaLabel\"\n\t\t\tdata-wp-init=\"callbacks.initTriggerButton\"\n\t\t\tdata-wp-on--click=\"actions.showLightbox\"\n\t\t\tdata-wp-style--right=\"state.thisImage.buttonRight\"\n\t\t\tdata-wp-style--top=\"state.thisImage.buttonTop\"\n\t\t>\n\t\t\t\n<svg xmlns=\"http:\/\/www.w3.org\/2000\/svg\" width=\"12\" height=\"12\" fill=\"none\" viewBox=\"0 0 12 12\">\n\t\t\t\t<path fill=\"#fff\" d=\"M2 0a2 2 0 0 0-2 2v2h1.5V2a.5.5 0 0 1 .5-.5h2V0H2Zm2 10.5H2a.5.5 0 0 1-.5-.5V8H0v2a2 2 0 0 0 2 2h2v-1.5ZM8 12v-1.5h2a.5.5 0 0 0 .5-.5V8H12v2a2 2 0 0 1-2 2H8Zm2-12a2 2 0 0 1 2 2v2h-1.5V2a.5.5 0 0 0-.5-.5H8V0h2Z\" \/>\n\t\t\t<\/svg>\n\t\t<\/button><\/figure>\n\n\n\n<p class=\"wp-block-paragraph\">On observe ainsi que les \u00e9trangers maghr\u00e9bins sont proportionnellement <em>dix fois<\/em> plus mis en cause que les citoyens fran\u00e7ais dans les cambriolages. Accueillir des populations au taux de criminalit\u00e9 plus \u00e9lev\u00e9 influence <em>n\u00e9cessairement<\/em> la criminalit\u00e9 \u00e0 la hausse. Bien entendu&nbsp;:<\/p>\n\n\n\n<ul class=\"wp-block-list\">\n<li>Des facteurs inverses peuvent jouer (exemple\u00a0: le vieillissement de la population).<\/li>\n\n\n\n<li>Il y a des facteurs associ\u00e9s \u00e0 la surrepr\u00e9sentation observ\u00e9e.<\/li>\n<\/ul>\n\n\n\n<p class=\"wp-block-paragraph\">Ainsi, notre immigration est l&rsquo;une des plus pauvres d&rsquo;Europe, ce qui est associ\u00e9 \u00e0 diff\u00e9rentes caract\u00e9ristiques, dont un taux de criminalit\u00e9 \u00e9lev\u00e9.<\/p>\n\n\n\n<figure data-wp-context=\"{&quot;imageId&quot;:&quot;6a96db569efd1&quot;}\" data-wp-interactive=\"core\/image\" data-wp-key=\"6a96db569efd1\" class=\"wp-block-image size-full wp-lightbox-container\"><img loading=\"lazy\" decoding=\"async\" width=\"1000\" height=\"1000\" data-wp-class--hide=\"state.isContentHidden\" data-wp-class--show=\"state.isContentVisible\" data-wp-init=\"callbacks.setButtonStyles\" data-wp-on--click=\"actions.showLightbox\" data-wp-on--load=\"callbacks.setButtonStyles\" data-wp-on--pointerdown=\"actions.preloadImage\" data-wp-on--pointerenter=\"actions.preloadImageWithDelay\" data-wp-on--pointerleave=\"actions.cancelPreload\" data-wp-on-window--resize=\"callbacks.setButtonStyles\" src=\"https:\/\/leseffrontes.fr\/wp-content\/uploads\/2026\/09\/37_11_contribution_economique_des_immigres.jpeg\" alt=\"Contribution \u00e9conomique des immigr\u00e9s&nbsp;: des chiffres d\u00e9cevants\" class=\"wp-image-3900\" title=\"Contribution \u00e9conomique des immigr\u00e9s&nbsp;: des chiffres d\u00e9cevants\" srcset=\"https:\/\/leseffrontes.fr\/wp-content\/uploads\/2026\/09\/37_11_contribution_economique_des_immigres.jpeg 1000w, https:\/\/leseffrontes.fr\/wp-content\/uploads\/2026\/09\/37_11_contribution_economique_des_immigres-300x300.jpeg 300w, https:\/\/leseffrontes.fr\/wp-content\/uploads\/2026\/09\/37_11_contribution_economique_des_immigres-150x150.jpeg 150w, https:\/\/leseffrontes.fr\/wp-content\/uploads\/2026\/09\/37_11_contribution_economique_des_immigres-768x768.jpeg 768w\" sizes=\"auto, (max-width: 1000px) 100vw, 1000px\" \/><button\n\t\t\tclass=\"lightbox-trigger\"\n\t\t\ttype=\"button\"\n\t\t\taria-haspopup=\"dialog\"\n\t\t\tdata-wp-bind--aria-label=\"state.thisImage.triggerButtonAriaLabel\"\n\t\t\tdata-wp-init=\"callbacks.initTriggerButton\"\n\t\t\tdata-wp-on--click=\"actions.showLightbox\"\n\t\t\tdata-wp-style--right=\"state.thisImage.buttonRight\"\n\t\t\tdata-wp-style--top=\"state.thisImage.buttonTop\"\n\t\t>\n\t\t\t\n<svg xmlns=\"http:\/\/www.w3.org\/2000\/svg\" width=\"12\" height=\"12\" fill=\"none\" viewBox=\"0 0 12 12\">\n\t\t\t\t<path fill=\"#fff\" d=\"M2 0a2 2 0 0 0-2 2v2h1.5V2a.5.5 0 0 1 .5-.5h2V0H2Zm2 10.5H2a.5.5 0 0 1-.5-.5V8H0v2a2 2 0 0 0 2 2h2v-1.5ZM8 12v-1.5h2a.5.5 0 0 0 .5-.5V8H12v2a2 2 0 0 1-2 2H8Zm2-12a2 2 0 0 1 2 2v2h-1.5V2a.5.5 0 0 0-.5-.5H8V0h2Z\" \/>\n\t\t\t<\/svg>\n\t\t<\/button><\/figure>\n\n\n\n<p class=\"wp-block-paragraph\">Les \u00e9trangers sont certes minoritaires parmi les mis en cause dans les principales cat\u00e9gories de crimes et d\u00e9lits. Mais pour autant, l&rsquo;impact de l&rsquo;immigration sur l&rsquo;ins\u00e9curit\u00e9 est loin d&rsquo;\u00eatre inexistant. Ceux qui pr\u00e9tendent l&rsquo;inverse mentent.<\/p>\n\n\n\n<p class=\"wp-block-paragraph\">Si mon travail vous int\u00e9resse, il vous reste deux choses \u00e0 faire\u00a0: abonnez-vous \u00e0 <a href=\"https:\/\/x.com\/marc_vanguard\" target=\"_blank\" rel=\"noreferrer noopener\">Marc Vanguard sur X<\/a> et partagez ce billet.<\/p>","protected":false},"excerpt":{"rendered":"<p>Marc Vanguard diffuse sur X des \u00e9l\u00e9ments de statistique sur la criminalit\u00e9 et l\u2019immigration. Nous republions son travail sur les Effront\u00e9s dans l\u2019espoir que cela nourrisse chez le lecteur une r\u00e9flexion raisonnable et mesur\u00e9e, au lieu des r\u00e9actions \u00e9motionnelles si fr\u00e9quentes sur ce sujet. \u2014 TB Ins\u00e9curit\u00e9, crimes et d\u00e9lits&hellip;<\/p>\n<p><a class=\"excerpt-readmore\" href=\"https:\/\/leseffrontes.fr\/index.php\/2026\/09\/01\/insecurite-et-delinquance-bilan-2025\/\">Read More<\/a><\/p>","protected":false},"author":2,"featured_media":3901,"comment_status":"open","ping_status":"open","sticky":false,"template":"","format":"standard","meta":{"twitterCardType":"","cardImageID":0,"cardImage":"","cardTitle":"","cardDesc":"","cardImageAlt":"","cardPlayer":"","cardPlayerWidth":0,"cardPlayerHeight":0,"cardPlayerStream":"","cardPlayerCodec":"","footnotes":""},"categories":[7],"tags":[38,39,37],"class_list":["post-3889","post","type-post","status-publish","format-standard","has-post-thumbnail","hentry","category-faits","tag-criminalite","tag-immigration","tag-marc-vanguard","odd"],"_links":{"self":[{"href":"https:\/\/leseffrontes.fr\/index.php\/wp-json\/wp\/v2\/posts\/3889","targetHints":{"allow":["GET"]}}],"collection":[{"href":"https:\/\/leseffrontes.fr\/index.php\/wp-json\/wp\/v2\/posts"}],"about":[{"href":"https:\/\/leseffrontes.fr\/index.php\/wp-json\/wp\/v2\/types\/post"}],"author":[{"embeddable":true,"href":"https:\/\/leseffrontes.fr\/index.php\/wp-json\/wp\/v2\/users\/2"}],"replies":[{"embeddable":true,"href":"https:\/\/leseffrontes.fr\/index.php\/wp-json\/wp\/v2\/comments?post=3889"}],"version-history":[{"count":2,"href":"https:\/\/leseffrontes.fr\/index.php\/wp-json\/wp\/v2\/posts\/3889\/revisions"}],"predecessor-version":[{"id":3903,"href":"https:\/\/leseffrontes.fr\/index.php\/wp-json\/wp\/v2\/posts\/3889\/revisions\/3903"}],"wp:featuredmedia":[{"embeddable":true,"href":"https:\/\/leseffrontes.fr\/index.php\/wp-json\/wp\/v2\/media\/3901"}],"wp:attachment":[{"href":"https:\/\/leseffrontes.fr\/index.php\/wp-json\/wp\/v2\/media?parent=3889"}],"wp:term":[{"taxonomy":"category","embeddable":true,"href":"https:\/\/leseffrontes.fr\/index.php\/wp-json\/wp\/v2\/categories?post=3889"},{"taxonomy":"post_tag","embeddable":true,"href":"https:\/\/leseffrontes.fr\/index.php\/wp-json\/wp\/v2\/tags?post=3889"}],"curies":[{"name":"wp","href":"https:\/\/api.w.org\/{rel}","templated":true}]}}