{"id":489,"date":"2021-04-29T13:28:21","date_gmt":"2021-04-29T11:28:21","guid":{"rendered":"https:\/\/leseffrontes.fr\/?p=489"},"modified":"2025-05-09T15:15:09","modified_gmt":"2025-05-09T13:15:09","slug":"35-ans-la-falaise-de-la-fertilite","status":"publish","type":"post","link":"https:\/\/leseffrontes.fr\/index.php\/2021\/04\/29\/35-ans-la-falaise-de-la-fertilite\/","title":{"rendered":"35 ans, la falaise de la fertilit\u00e9\u00a0?"},"content":{"rendered":"\n<p>J\u2019entends souvent des jeunes femmes, disons\u2026 militantes&#8230; se plaindre de la \u00ab&nbsp;pression permanente&nbsp;\u00bb que la soci\u00e9t\u00e9 exerce sur elles dans le but de les amener \u00e0 procr\u00e9er. Pour ma part, je ne vois gu\u00e8re de publication dans les m\u00e9dias et sur les r\u00e9seaux sociaux discutant de la reproduction humaine. C\u2019est peut-\u00eatre que je ne lis pas les bonnes sources, par exemple les magazines f\u00e9minins. Nul doute que ceux-ci traitent r\u00e9guli\u00e8rement du sujet <em>b\u00e9b\u00e9<\/em> entre le sujet <em>mode<\/em>, le sujet <em>sexe<\/em> et le sujet <em>cuisine-minceur<\/em>. Et je suppose que cela r\u00e9pond aux attentes d\u2019une bonne part des lectrices. Dans les m\u00e9dias g\u00e9n\u00e9ralistes, en revanche, il me semble que le sujet est tr\u00e8s peu abord\u00e9.<\/p>\n\n\n\n<p>Il y a quelques ann\u00e9es, une c\u00e9l\u00e8bre pr\u00e9sentatrice de la t\u00e9l\u00e9vision britannique s\u2019\u00e9tait exprim\u00e9e sur l\u2019usage que les femmes devraient faire de leur p\u00e9riode de fertilit\u00e9, avec un point de vue \u00e0 contre-courant de notre \u00e9poque&nbsp;:<\/p>\n\n\n\n<blockquote class=\"wp-block-quote is-layout-flow wp-block-quote-is-layout-flow\">\n<p>Kirstie Allsopp encourage les femmes \u00e0 remettre \u00e0 plus tard leurs \u00e9tudes universitaires pour se fixer et avoir des enfants au milieu de la vingtaine, car \u00ab\u00a0la fertilit\u00e9 tombe d&rsquo;une falaise \u00e0 35 ans\u00a0\u00bb. La pr\u00e9sentatrice de <em>Location, Location, Location<\/em>, 42 ans, se qualifie de \u00ab\u00a0f\u00e9ministe passionn\u00e9e\u00a0\u00bb et a d\u00e9clar\u00e9 qu&rsquo;elle pensait que la soci\u00e9t\u00e9 n&rsquo;avait \u00ab\u00a0pas \u00e9t\u00e9 assez honn\u00eate avec les femmes\u00a0\u00bb sur ce sujet.<\/p>\n\n\n\n<p>\u00ab\u00a0L&rsquo;une des plus grandes souffrances que j&rsquo;ai vue parmi mes amies est la lutte pour avoir un enfant\u00a0\u00bb, a d\u00e9clar\u00e9 cette m\u00e8re de deux enfants au Daily Telegraph. \u00ab\u00a0Ce ne sont pas toutes des femmes qui n&rsquo;ont pas pu commencer assez t\u00f4t parce qu&rsquo;elles n&rsquo;avaient pas rencontr\u00e9 la bonne personne. Les femmes sont laiss\u00e9es pour compte par le syst\u00e8me. Nous devrions parler honn\u00eatement et franchement de la fertilit\u00e9 et du fait qu&rsquo;elle tombe d&rsquo;un coup \u00e0 35 ans. Nous devrions parler ouvertement de l&rsquo;universit\u00e9 et de la question de savoir si y aller quand on est jeune, alors que nous vivons beaucoup plus longtemps, est vraiment la voie \u00e0 suivre. Actuellement, les femmes n\u2019ont que 15 ans pour aller \u00e0 l&rsquo;universit\u00e9, mettre leur carri\u00e8re sur les rails, essayer d&rsquo;acheter une maison et avoir un b\u00e9b\u00e9. C&rsquo;est beaucoup demander.\u00a0\u00bb [\u2026]<\/p>\n\n\n\n<p>\u00ab\u00a0Je n&rsquo;ai pas de fille, mais si j&rsquo;en avais une, je lui dirais&nbsp;: \u201cCh\u00e9rie, tu sais quoi\u00a0? Ne va pas \u00e0 l&rsquo;universit\u00e9. Commence \u00e0 travailler directement apr\u00e8s l&rsquo;\u00e9cole, reste \u00e0 la maison, \u00e9conomise ton apport \u2014 je vais t&rsquo;aider, on va te trouver un appartement. Et puis on te trouvera un gentil petit ami et tu auras un b\u00e9b\u00e9 \u00e0 27 ans.\u201d\u00a0\u00bb<\/p>\n\n\n\n<p>\u00ab\u00a0Je ne veux pas que la prochaine g\u00e9n\u00e9ration de femmes subisse le m\u00eame sort que ma g\u00e9n\u00e9ration\u00a0\u00bb, a-t-elle ajout\u00e9. \u00ab\u00a0En ce moment, nous sommes en train de changer l&rsquo;ordre naturel des choses, avec des grands-parents beaucoup plus \u00e2g\u00e9s et tout le monde coinc\u00e9 au milieu. Ne vous dites pas \u201cma jeunesse devrait \u00eatre plus longue\u201d. N&rsquo;allez pas \u00e0 l&rsquo;universit\u00e9 parce que c&rsquo;est une \u201cexp\u00e9rience\u201d. Non, c&rsquo;est l\u00e0 que vous \u00eates cens\u00e9 apprendre quelque chose\u00a0! Faites-le quand vous aurez 50 ans\u00a0!\u00a0\u00bb<\/p>\n\n\n\n<p>\u00ab\u00a0Cela peut sembler totalement irr\u00e9aliste. Mais nous avons tout ce temps \u00e0 la fin. Vous pouvez faire votre carri\u00e8re apr\u00e8s. Nous devons nous r\u00e9ajuster. Et les hommes peuvent s&rsquo;amuser apr\u00e8s avoir eu des enfants. Si tout le monde commen\u00e7ait \u00e0 avoir des enfants \u00e0 20 ans, on serait libres comme l&rsquo;air \u00e0 45 ans.\u00a0\u00bb<\/p>\n<cite><em> \u00ab&nbsp;Kirstie Allsopp urges young women to put off university and have children younger: \u2018Fertility is the one thing we can\u2019t change\u2019&nbsp;\u00bb<\/em>, The Independant, 2014<\/cite><\/blockquote>\n\n\n\n<p>Est-il besoin de pr\u00e9ciser que les conseils de Kirstie ont soulev\u00e9 une temp\u00eate de commentaires passionn\u00e9s en Grande-Bretagne&nbsp;? Plusieurs articles ont \u00e9t\u00e9 publi\u00e9s en r\u00e9ponse \u00e0 sa vision si peu consensuelle de la bonne organisation d\u2019une vie f\u00e9minine, dont celui de Nicholas Raine-Fenning, professeur de m\u00e9decine reproductive \u00e0 l\u2019universit\u00e9 de Nottingham&nbsp;:<\/p>\n\n\n\n<blockquote class=\"wp-block-quote is-layout-flow wp-block-quote-is-layout-flow\">\n<p>La f\u00e9condit\u00e9 est d\u00e9finie comme le taux de procr\u00e9ation d&rsquo;une population. Elle reste relativement stable jusqu&rsquo;\u00e0 l&rsquo;\u00e2ge de 30 ans, avec environ 400 grossesses pour 1000 femmes (40%) n&rsquo;utilisant pas de contraception pendant une ann\u00e9e civile. Elle commence ensuite \u00e0 diminuer jusqu&rsquo;\u00e0 l&rsquo;\u00e2ge de 45 ans environ, o\u00f9 seulement 100 femmes concevront pour 1000 (10%) n&rsquo;utilisant pas de contraception. Le taux de fausses couches augmente \u00e9galement de fa\u00e7on constante. Environ 10% des femmes feront une fausse couche \u00e0 l&rsquo;\u00e2ge de 20 ans, contre 90% ou plus \u00e0 45 ans ou plus. [\u2026]<\/p>\n\n\n\n<p>Lorsque nous examinons l&rsquo;\u00e2ge, nous ne devons pas seulement tenir compte de la fertilit\u00e9 et de l&rsquo;issue de la grossesse. Les risques maternels li\u00e9s \u00e0 la grossesse augmentent \u00e9galement, en particulier chez les femmes de 40 ans ou plus, o\u00f9 le risque de d\u00e9c\u00e8s est plus \u00e9lev\u00e9. L&rsquo;un des principaux facteurs de risque est la maladie hypertensive (probl\u00e8mes cardiaques dus \u00e0 une pression art\u00e9rielle \u00e9lev\u00e9e), qui est deux fois plus fr\u00e9quente chez les femmes de 40 ans ou plus que chez les femmes plus jeunes. Le risque de donner naissance \u00e0 un enfant de faible poids ou pr\u00e9matur\u00e9 est \u00e9galement plus \u00e9lev\u00e9 chez les femmes de 40 ans et environ 1&nbsp;% des b\u00e9b\u00e9s sont mort-n\u00e9s.<\/p>\n<cite> Nicholas Raine-Fenning, <em>\u00ab&nbsp;Hard Evidence: does fertility really \u2018drop off a cliff\u2019 at 35?&nbsp;\u00bb<\/em>, The Conversation, 2014<\/cite><\/blockquote>\n\n\n\n<p>\u00c0 ce stade, si j\u2019\u00e9tais une jeune femme lisant le papier du professeur, je me dirais que la science soutient totalement les bons conseils de Kirstie. Mais, curieusement, Nicholas prend un tout autre chemin&nbsp;:<\/p>\n\n\n\n<blockquote class=\"wp-block-quote is-layout-flow wp-block-quote-is-layout-flow\">\n<p>Il est probablement plus important de comprendre que la fertilit\u00e9 de chaque femme est diff\u00e9rente au m\u00eame \u00e2ge et, dans une certaine mesure, impossible \u00e0 pr\u00e9voir.<\/p>\n<\/blockquote>\n\n\n\n<p>Et alors&nbsp;? Les connaissances que nous avons en m\u00e9decine et sur quasiment n\u2019importe quel sujet scientifique ne sont-elles pas de nature statistique, tandis que les individus sont variables et pour certains tr\u00e8s \u00e9loign\u00e9s de la moyenne&nbsp;? Imagine-t-on un sp\u00e9cialiste du poumon dire&nbsp;: \u00ab&nbsp;Oui, fumer augmente le risque de cancer. Mais bon, vous savez, chacun est diff\u00e9rent et l\u2019occurrence d\u2019une tumeur chez un individu est impossible \u00e0 pr\u00e9voir, alors\u2026 Vous avez du feu&nbsp;?&nbsp;\u00bb<\/p>\n\n\n\n<p>Nicholas consacre ensuite un long passage \u00e0 vanter les progr\u00e8s de la <a href=\"https:\/\/fr.wikipedia.org\/wiki\/F%C3%A9condation_in_vitro\" target=\"_blank\" rel=\"noreferrer noopener\">f\u00e9condation <em>in vitro<\/em><\/a> (FIV) et de <a href=\"https:\/\/fr.wikipedia.org\/wiki\/Injection_intracytoplasmique_de_spermatozo%C3%AFde\" target=\"_blank\" rel=\"noreferrer noopener\">l\u2019injection intracytoplasmique de spermatozo\u00efde<\/a> (ICSI). Mais alors, que faut-il faire, docteur&nbsp;?<\/p>\n\n\n\n<blockquote class=\"wp-block-quote is-layout-flow wp-block-quote-is-layout-flow\">\n<p>Fonder une famille est une d\u00e9cision tr\u00e8s personnelle, et le choix du moment est tout aussi important. Ni l&rsquo;un ni l&rsquo;autre ne devrait \u00eatre influenc\u00e9 par l&rsquo;\u00e2ge, mais nous ne pouvons pas ignorer la biologie ou les statistiques de la FIV.<\/p>\n<\/blockquote>\n\n\n\n<p>Je ne vous suis pas bien, toubib&#8230; \u00ab&nbsp;Le choix du moment est tout aussi important&nbsp;\u00bb et \u00ab&nbsp; nous ne pouvons pas ignorer la biologie&nbsp;\u00bb mais le choix de fonder une famille \u00ab&nbsp;ne devrait [pas] \u00eatre influenc\u00e9 par l&rsquo;\u00e2ge&nbsp;\u00bb&nbsp;? S\u00e9rieusement&nbsp;? Seriez-vous trop enthousiasm\u00e9 par les technologies m\u00e9dicales que vous enseignez \u00e0 l\u2019universit\u00e9&nbsp;? Ah&#8230; Attendez&#8230; Je crois bien que je viens de comprendre. En lisant votre notice biographique je vois que vous \u00eates&nbsp;: \u00ab&nbsp;\u00e9galement le directeur m\u00e9dical de Nurture Fertility, qui fait partie de The Fertility Partnership, le plus grand fournisseur de FIV au Royaume-Uni et la clinique la plus prosp\u00e8re des Midlands.&nbsp;\u00bb Vous avez donc doublement int\u00e9r\u00eat, professionnellement et \u00e9conomiquement, \u00e0 ce que des couples en baisse de fertilit\u00e9 recourent \u00e0 la <a rel=\"noreferrer noopener\" href=\"https:\/\/fr.wikipedia.org\/wiki\/Procr%C3%A9ation_m%C3%A9dicalement_assist%C3%A9e\" target=\"_blank\">procr\u00e9ation m\u00e9dicalement assist\u00e9e<\/a>. Cela explique votre r\u00e9ticence \u00e0 dire aux femmes&nbsp;: \u00ab&nbsp;Kirstie a raison, faites des enfants t\u00f4t, \u00e7a marchera beaucoup mieux et vous n\u2019aurez probablement pas besoin de mes services.&nbsp;\u00bb Je comprends. C\u2019est normal de d\u00e9fendre son commerce.<\/p>\n\n\n\n<p>Nicholas conclut son article ainsi&nbsp;: \u00ab&nbsp;Le message \u00e0 retenir est que, oui, la fertilit\u00e9 diminue avec l&rsquo;\u00e2ge, mais qu&rsquo;il n&rsquo;y a pas de \u201cfalaise\u201d&nbsp;: la plupart des couples concevront un enfant un ou deux ans apr\u00e8s avoir essay\u00e9, m\u00eame \u00e0 40 ans.&nbsp;\u00bb Avec ou sans PMA&nbsp;? Nicholas ne le pr\u00e9cise pas. Il inclut cependant dans son article un graphique pr\u00e9sentant la baisse de la fertilit\u00e9 (en bleu) et la hausse des fausses couches (en orange) en fonction de l\u2019\u00e2ge.<\/p>\n\n\n\n<figure data-wp-context=\"{&quot;imageId&quot;:&quot;69f29c7869193&quot;}\" data-wp-interactive=\"core\/image\" data-wp-key=\"69f29c7869193\" class=\"wp-block-image size-large wp-lightbox-container\"><img loading=\"lazy\" decoding=\"async\" width=\"1024\" height=\"980\" data-wp-class--hide=\"state.isContentHidden\" data-wp-class--show=\"state.isContentVisible\" data-wp-init=\"callbacks.setButtonStyles\" data-wp-on--click=\"actions.showLightbox\" data-wp-on--load=\"callbacks.setButtonStyles\" data-wp-on-window--resize=\"callbacks.setButtonStyles\" src=\"https:\/\/leseffrontes.fr\/wp-content\/uploads\/2021\/04\/fertilite_et_fausses_couches_en_fonction_de_l_age-1024x980.jpg\" alt=\"Baisse de la fertilit\u00e9 et hausse du taux de fausses couches en fonction de l'\u00e2ge maternel\" class=\"wp-image-490\" title=\"Fertilit\u00e9 et fausses couches en fonction de l'\u00e2ge maternel\" srcset=\"https:\/\/leseffrontes.fr\/wp-content\/uploads\/2021\/04\/fertilite_et_fausses_couches_en_fonction_de_l_age-1024x980.jpg 1024w, https:\/\/leseffrontes.fr\/wp-content\/uploads\/2021\/04\/fertilite_et_fausses_couches_en_fonction_de_l_age-300x287.jpg 300w, https:\/\/leseffrontes.fr\/wp-content\/uploads\/2021\/04\/fertilite_et_fausses_couches_en_fonction_de_l_age-768x735.jpg 768w, https:\/\/leseffrontes.fr\/wp-content\/uploads\/2021\/04\/fertilite_et_fausses_couches_en_fonction_de_l_age.jpg 1200w\" sizes=\"auto, (max-width: 1024px) 100vw, 1024px\" \/><button\n\t\t\tclass=\"lightbox-trigger\"\n\t\t\ttype=\"button\"\n\t\t\taria-haspopup=\"dialog\"\n\t\t\taria-label=\"Agrandir\"\n\t\t\tdata-wp-init=\"callbacks.initTriggerButton\"\n\t\t\tdata-wp-on--click=\"actions.showLightbox\"\n\t\t\tdata-wp-style--right=\"state.imageButtonRight\"\n\t\t\tdata-wp-style--top=\"state.imageButtonTop\"\n\t\t>\n\t\t\t\n<svg xmlns=\"http:\/\/www.w3.org\/2000\/svg\" width=\"12\" height=\"12\" fill=\"none\" viewBox=\"0 0 12 12\">\n\t\t\t\t<path fill=\"#fff\" d=\"M2 0a2 2 0 0 0-2 2v2h1.5V2a.5.5 0 0 1 .5-.5h2V0H2Zm2 10.5H2a.5.5 0 0 1-.5-.5V8H0v2a2 2 0 0 0 2 2h2v-1.5ZM8 12v-1.5h2a.5.5 0 0 0 .5-.5V8H12v2a2 2 0 0 1-2 2H8Zm2-12a2 2 0 0 1 2 2v2h-1.5V2a.5.5 0 0 0-.5-.5H8V0h2Z\" \/>\n\t\t\t<\/svg>\n\t\t<\/button><\/figure>\n\n\n\n<p>Si la chute de la fertilit\u00e9 n\u2019a pas tout \u00e0 fait le profil carr\u00e9 d\u2019une falaise normande, c\u2019est tout de m\u00eame une rude descente que je ne tenterais pas sans \u00eatre encord\u00e9. De m\u00eame, le taux de fausses couches pass\u00e9 35 ans est \u00e0 r\u00e9server \u00e0 des alpinistes chevronn\u00e9s. Au vu de ce graphique, la petite phrase de Kirstie \u00ab&nbsp;la fertilit\u00e9 tombe d&rsquo;une falaise \u00e0 35 ans&nbsp;\u00bb me semble bien plus cens\u00e9e que les contorsions de Nicholas pour tenter de convaincre ses lectrices et <a href=\"https:\/\/leseffrontes.fr\/index.php\/2021\/03\/09\/faut-il-mettre-ses-oeufs-au-refrigerateur\/\">futures clientes potentielles<\/a> de ne pas se presser.<\/p>","protected":false},"excerpt":{"rendered":"<p>J\u2019entends souvent des jeunes femmes, disons\u2026 militantes&#8230; se plaindre de la \u00ab&nbsp;pression permanente&nbsp;\u00bb que la soci\u00e9t\u00e9 exerce sur elles dans le but de les amener \u00e0 procr\u00e9er. Pour ma part, je ne vois gu\u00e8re de publication dans les m\u00e9dias et sur les r\u00e9seaux sociaux discutant de la reproduction humaine. C\u2019est&hellip;<\/p>\n<p><a class=\"excerpt-readmore\" href=\"https:\/\/leseffrontes.fr\/index.php\/2021\/04\/29\/35-ans-la-falaise-de-la-fertilite\/\">Read More<\/a><\/p>","protected":false},"author":2,"featured_media":493,"comment_status":"open","ping_status":"open","sticky":false,"template":"","format":"standard","meta":{"twitterCardType":"","cardImageID":0,"cardImage":"","cardTitle":"","cardDesc":"","cardImageAlt":"","cardPlayer":"","cardPlayerWidth":0,"cardPlayerHeight":0,"cardPlayerStream":"","cardPlayerCodec":"","footnotes":""},"categories":[7],"tags":[11],"class_list":["post-489","post","type-post","status-publish","format-standard","has-post-thumbnail","hentry","category-faits","tag-procreation","odd"],"_links":{"self":[{"href":"https:\/\/leseffrontes.fr\/index.php\/wp-json\/wp\/v2\/posts\/489","targetHints":{"allow":["GET"]}}],"collection":[{"href":"https:\/\/leseffrontes.fr\/index.php\/wp-json\/wp\/v2\/posts"}],"about":[{"href":"https:\/\/leseffrontes.fr\/index.php\/wp-json\/wp\/v2\/types\/post"}],"author":[{"embeddable":true,"href":"https:\/\/leseffrontes.fr\/index.php\/wp-json\/wp\/v2\/users\/2"}],"replies":[{"embeddable":true,"href":"https:\/\/leseffrontes.fr\/index.php\/wp-json\/wp\/v2\/comments?post=489"}],"version-history":[{"count":15,"href":"https:\/\/leseffrontes.fr\/index.php\/wp-json\/wp\/v2\/posts\/489\/revisions"}],"predecessor-version":[{"id":3025,"href":"https:\/\/leseffrontes.fr\/index.php\/wp-json\/wp\/v2\/posts\/489\/revisions\/3025"}],"wp:featuredmedia":[{"embeddable":true,"href":"https:\/\/leseffrontes.fr\/index.php\/wp-json\/wp\/v2\/media\/493"}],"wp:attachment":[{"href":"https:\/\/leseffrontes.fr\/index.php\/wp-json\/wp\/v2\/media?parent=489"}],"wp:term":[{"taxonomy":"category","embeddable":true,"href":"https:\/\/leseffrontes.fr\/index.php\/wp-json\/wp\/v2\/categories?post=489"},{"taxonomy":"post_tag","embeddable":true,"href":"https:\/\/leseffrontes.fr\/index.php\/wp-json\/wp\/v2\/tags?post=489"}],"curies":[{"name":"wp","href":"https:\/\/api.w.org\/{rel}","templated":true}]}}