{"id":670,"date":"2021-08-31T22:08:05","date_gmt":"2021-08-31T20:08:05","guid":{"rendered":"https:\/\/leseffrontes.fr\/?p=670"},"modified":"2024-03-31T17:03:56","modified_gmt":"2024-03-31T15:03:56","slug":"leffrontee-du-mois-daout-2021-athenais","status":"publish","type":"post","link":"https:\/\/leseffrontes.fr\/index.php\/2021\/08\/31\/leffrontee-du-mois-daout-2021-athenais\/","title":{"rendered":"L&rsquo;Effront\u00e9e du mois d&rsquo;ao\u00fbt 2021\u00a0: Athenais"},"content":{"rendered":"\n<p>Ind\u00e9cente, ma robe&nbsp;? Mais chouchou, c\u2019est la mode cet \u00e9t\u00e9&nbsp;! La robe-moustiquaire prot\u00e8ge de la torpeur estivale et des morsures d\u2019insectes tout en pr\u00e9servant la pudeur des chevilles jusqu\u2019au cou. Tu sais comme je suis prude et comme je veux garder ma vertu jusqu\u2019\u00e0 notre mariage \u2014 c\u2019est \u00e0 dire, si tu restes mon favori jusque l\u00e0, cher fianc\u00e9&#8230; Moi aussi je suis impatiente, tu le sais, mais je ne pourrai c\u00e9l\u00e9brer notre hymen avant que mon fr\u00e8re soit revenu de la campagne qu\u2019il m\u00e8ne contre les Germains aux confins de l\u2019Empire. Ta famille appuiera-t-elle la candidature de mon p\u00e8re au S\u00e9nat&nbsp;? Je serais indigne de toi si je n\u2019\u00e9tais que la fille d\u2019un questeur&nbsp;! Et comment pourrais-je go\u00fbter notre union tant que ma m\u00e8re souffre d\u2019un <em>panaricium<\/em> \u00e0 l\u2019orteil&nbsp;? Je prie Esculape chaque jour pour sa gu\u00e9rison et l\u2019avancement de notre bonheur.<\/p>\n\n\n\n<p>Allons nous divertir \u00e0 la f\u00eate que donne <a href=\"https:\/\/leseffrontes.fr\/index.php\/2021\/07\/31\/leffrontee-du-mois-de-juillet-2021-julia\/\">Julia<\/a> demain. La villa de sa famille est sublime \u2014 comme le sera la n\u00f4tre, n\u2019est-ce pas&nbsp;? Il y aura toute la jeunesse de Rome, tous des patriciens. Et puis des c\u00e9l\u00e9brit\u00e9s&nbsp;: tu pourras parler char avec le champion Appuleius, et lutte avec le gladiateur Maximus. Mais nous ne pouvons pas arriver les mains vides&nbsp;; allons au march\u00e9, je te dirai quels cadeaux acheter \u2014 tu as si peu de sens esth\u00e9tique, mon ch\u00e9ri. Et d\u2019abord, j\u2019ai besoin d\u2019une bonne dizaine de robes comme celle-ci et de nouveaux bijoux. Si je risquais de para\u00eetre devant toi moins belle que les autres filles, je pr\u00e9f\u00e9rerais me couvrir la t\u00eate de cendres et me cacher parmi les vestales. Allons, mon promis, et n\u2019oublie pas ta bourse. Nous allons bien nous amuser&nbsp;!<\/p>\n\n\n\n<p>Illustration&nbsp;: <em>Athenais<\/em>, par John William Godward, 1908<\/p>","protected":false},"excerpt":{"rendered":"<p>Ind\u00e9cente, ma robe&nbsp;? Mais chouchou, c\u2019est la mode cet \u00e9t\u00e9&nbsp;! La robe-moustiquaire prot\u00e8ge de la torpeur estivale et des morsures d\u2019insectes tout en pr\u00e9servant la pudeur des chevilles jusqu\u2019au cou. Tu sais comme je suis prude et comme je veux garder ma vertu jusqu\u2019\u00e0 notre mariage \u2014 c\u2019est \u00e0 dire,&hellip;<\/p>\n<p><a class=\"excerpt-readmore\" href=\"https:\/\/leseffrontes.fr\/index.php\/2021\/08\/31\/leffrontee-du-mois-daout-2021-athenais\/\">Read More<\/a><\/p>","protected":false},"author":2,"featured_media":672,"comment_status":"open","ping_status":"open","sticky":false,"template":"","format":"standard","meta":{"twitterCardType":"","cardImageID":0,"cardImage":"","cardTitle":"","cardDesc":"","cardImageAlt":"","cardPlayer":"","cardPlayerWidth":0,"cardPlayerHeight":0,"cardPlayerStream":"","cardPlayerCodec":"","footnotes":""},"categories":[8],"tags":[64,54],"class_list":["post-670","post","type-post","status-publish","format-standard","has-post-thumbnail","hentry","category-effronteedumois","tag-effrontee","tag-john-william-godward","odd"],"_links":{"self":[{"href":"https:\/\/leseffrontes.fr\/index.php\/wp-json\/wp\/v2\/posts\/670","targetHints":{"allow":["GET"]}}],"collection":[{"href":"https:\/\/leseffrontes.fr\/index.php\/wp-json\/wp\/v2\/posts"}],"about":[{"href":"https:\/\/leseffrontes.fr\/index.php\/wp-json\/wp\/v2\/types\/post"}],"author":[{"embeddable":true,"href":"https:\/\/leseffrontes.fr\/index.php\/wp-json\/wp\/v2\/users\/2"}],"replies":[{"embeddable":true,"href":"https:\/\/leseffrontes.fr\/index.php\/wp-json\/wp\/v2\/comments?post=670"}],"version-history":[{"count":6,"href":"https:\/\/leseffrontes.fr\/index.php\/wp-json\/wp\/v2\/posts\/670\/revisions"}],"predecessor-version":[{"id":1993,"href":"https:\/\/leseffrontes.fr\/index.php\/wp-json\/wp\/v2\/posts\/670\/revisions\/1993"}],"wp:featuredmedia":[{"embeddable":true,"href":"https:\/\/leseffrontes.fr\/index.php\/wp-json\/wp\/v2\/media\/672"}],"wp:attachment":[{"href":"https:\/\/leseffrontes.fr\/index.php\/wp-json\/wp\/v2\/media?parent=670"}],"wp:term":[{"taxonomy":"category","embeddable":true,"href":"https:\/\/leseffrontes.fr\/index.php\/wp-json\/wp\/v2\/categories?post=670"},{"taxonomy":"post_tag","embeddable":true,"href":"https:\/\/leseffrontes.fr\/index.php\/wp-json\/wp\/v2\/tags?post=670"}],"curies":[{"name":"wp","href":"https:\/\/api.w.org\/{rel}","templated":true}]}}