{"id":727,"date":"2021-10-30T20:47:00","date_gmt":"2021-10-30T18:47:00","guid":{"rendered":"https:\/\/leseffrontes.fr\/?p=727"},"modified":"2023-10-11T13:21:00","modified_gmt":"2023-10-11T11:21:00","slug":"garcon-deconstruit-contre-homme-construit","status":"publish","type":"post","link":"https:\/\/leseffrontes.fr\/index.php\/2021\/10\/30\/garcon-deconstruit-contre-homme-construit\/","title":{"rendered":"Gar\u00e7on d\u00e9construit contre homme construit"},"content":{"rendered":"\n<p>C\u2019est l\u2019histoire poignante de Ben N\u00e9vert, un gar\u00e7on petit avec de grandes oreilles, qui a d\u00e9cid\u00e9 de d\u00e9construire la virilit\u00e9. Il a \u00e9crit un bouquin avec un titre d\u2019une rare honn\u00eatet\u00e9, <em>Je ne suis pas viril<\/em>, et des jolis dessins dedans pour expliquer. Ben a eu un d\u00e9ficit d\u2019hormone de croissance qui en faisait le plus petit de sa classe, mais aussi le plus prompt \u00e0 chialer. Les ingr\u00e9dients parfaits pour une enfance de merde, surtout pour un gar\u00e7on. Si l\u2019on en croit le graphique de croissance pris dans son carnet de sant\u00e9, Ben a \u00e9t\u00e9 trait\u00e9 \u00e0 partir de 13 ans pour compenser son d\u00e9ficit hormonal, ce qui lui a permis d\u2019atteindre le m\u00e8tre soixante-dix vers 18 ans. Ben est certes petit, mais <em>c\u2019est loin d\u2019\u00eatre un nain<\/em>. Gardez ce fait en t\u00eate, nous allons y revenir tr\u00e8s bient\u00f4t.<\/p>\n\n\n\n<p>\u00c0 l\u2019\u00e2ge o\u00f9 l\u2019on commence \u00e0 s\u2019int\u00e9resser s\u00e9rieusement aux filles, le brave Ben a connu ses premiers r\u00e2teaux&nbsp;:<\/p>\n\n\n\n<blockquote class=\"wp-block-quote is-layout-flow wp-block-quote-is-layout-flow\">\n<p>D\u00e8s que j&rsquo;ai commenc\u00e9 \u00e0 essayer de draguer des filles&nbsp;: \u00ab&nbsp;Ah mais nan, toi t&rsquo;es comme mon petit fr\u00e8re. T&rsquo;es beaucoup trop gentil. J&rsquo;peux pas sortir avec un mec plus petit que moi.&nbsp;\u00bb C&rsquo;est un syst\u00e8me o\u00f9 tout le monde joue un petit peu ce jeu l\u00e0.<\/p>\n<cite> Ben N\u00e9vert, entretien avec Konbini News<\/cite><\/blockquote>\n\n\n\n<p>On ne voit pas tr\u00e8s bien ce que la notion de syst\u00e8me vient faire l\u00e0. Les femmes pr\u00e9f\u00e8rent les hommes grands, quelle que soit leur ethnie ou culture. Il n\u2019y a rien de syst\u00e9mique l\u00e0-dedans, juste une pr\u00e9f\u00e9rence form\u00e9e par des centaines de milliers d\u2019ann\u00e9es d\u2019\u00e9volution. La vie de nos anc\u00eatres \u00e9tait un peu plus rude que la n\u00f4tre, cher Ben, et une femme avait plus de chances de survivre avec un mec grand et fort qu\u2019avec une crevette hypersensible \u00e0 grandes oreilles.<\/p>\n\n\n\n<p>Et donc, le pauvre Ben, vex\u00e9 par le destin et les filles, s\u2019est mis \u00e0 d\u00e9construire la virilit\u00e9 comme on d\u00e9construit ses Legos.<\/p>\n\n\n\n<blockquote class=\"wp-block-quote is-layout-flow wp-block-quote-is-layout-flow\">\n<p>C&rsquo;est clair que, aujourd&rsquo;hui, j&rsquo;ai d\u00e9construit beaucoup de choses de la virilit\u00e9, que j&rsquo;avais moi-m\u00eame int\u00e9rioris\u00e9. Qu&rsquo;est-ce que \u00e7a veut dire \u00eatre viril&nbsp;? C&rsquo;est une bonne question. Qu&rsquo;est-ce que \u00e7a veut dire \u00eatre f\u00e9minine&nbsp;? \u00c7a aussi c&rsquo;est une tr\u00e8s bonne question. J&rsquo;invite tout le monde \u00e0 arriver \u00e0 r\u00e9pondre \u00e0 \u00e7a. Est-ce que la virilit\u00e9 c&rsquo;est \u00eatre grand, muscl\u00e9, taire ses \u00e9motions&nbsp;? La r\u00e9ponse est non. En fait, si la virilit\u00e9, on prend la d\u00e9finition, c&rsquo;est juste&nbsp;: \u00ab&nbsp;ce qu&rsquo;on consid\u00e8re \u00eatre un homme&nbsp;\u00bb, c&rsquo;est n&rsquo;importe quoi. Pleurer, c&rsquo;est viril, rire c&rsquo;est viril, exprimer ses \u00e9motions c&rsquo;est viril. Voil\u00e0.<\/p>\n<\/blockquote>\n\n\n\n<p>Peut-\u00eatre que le manque d\u2019hormone de croissance affecte aussi le d\u00e9veloppement de la logique, car voil\u00e0 notre petit Ben parti dans un beau raisonnement en spirale jusqu\u2019\u00e0 son \u00e9crasement sur le niveau z\u00e9ro de la pens\u00e9e&nbsp;: \u00ab&nbsp;la virilit\u00e9 c\u2019est ce qu\u2019on consid\u00e8re \u00eatre un homme&nbsp;\u00bb, je suis un homme donc tout ce que je fais est viril, donc tout est viril, donc la virilit\u00e9 n\u2019existe pas. Ben, comment te dire\u2026 On ne na\u00eet pas homme, on le devient. Certes, tu es n\u00e9 avec un quart de knacki et deux petits pruneaux entre les jambes, mais cela ne fait pas de toi un homme. Tu es juste un gar\u00e7on, c\u2019est \u00e0 dire un humain qui a le <em>potentiel<\/em> de devenir un homme. Et qu\u2019est-ce qu\u2019un homme, me diras-tu en pleurnichant&nbsp;? Comme tu en as fait l\u2019exp\u00e9rience, ce sont les autres, et particuli\u00e8rement les femmes, qui te reconnaissent comme viril&#8230; ou pas. Soit tu te montres performant dans quelques compartiments du jeu viril (force, courage, intelligence, cr\u00e9ativit\u00e9), soit tu restes un petit gar\u00e7on avec de grandes oreilles jusqu\u2019\u00e0 ta mort.<\/p>\n\n\n\n<blockquote class=\"wp-block-quote is-layout-flow wp-block-quote-is-layout-flow\">\n<p>Je pense que la virilit\u00e9, la f\u00e9minit\u00e9, ce sont deux termes qui veulent pas dire grand chose aujourd&rsquo;hui, mais au del\u00e0 des termes, c&rsquo;est des choses qui nous bloquent \u00e9norm\u00e9ment dans nos comportements.<\/p>\n<\/blockquote>\n\n\n\n<p>Ce qui te bloque, c\u2019est la paresse. Tu pr\u00e9tends d\u00e9construire un truc que tu n\u2019as jamais fait l\u2019effort de construire.<\/p>\n\n\n\n<blockquote class=\"wp-block-quote is-layout-flow wp-block-quote-is-layout-flow\">\n<p>En fait, c&rsquo;est un mythe, la virilit\u00e9, tu vois&nbsp;? \u00c7a n&rsquo;a jamais exist\u00e9. Et on essaie de correspondre \u00e0 un truc qui n&rsquo;existe pas, et forc\u00e9ment, si \u00e7a n&rsquo;existe pas, on n&rsquo;est pas forc\u00e9ment nous-m\u00eame, et y a un moment o\u00f9 \u00e7a \u00e9clate.<\/p>\n<\/blockquote>\n\n\n\n<p>La pr\u00e9f\u00e9rence des femmes pour un certain type d\u2019hommes n\u2019est nullement un mythe. L\u2019homme capable de prot\u00e9ger et approvisionner les siens est un bien meilleur choix reproductif que la mauviette affligeante fascin\u00e9e par son nombril. Surtout pour une esp\u00e8ce dont l\u2019enfance est si longue et si fragile \u2014 l\u2019humanit\u00e9. Non seulement la virilit\u00e9 et la f\u00e9minit\u00e9 existent, mais elles sont les deux piliers de l\u2019esp\u00e8ce depuis son origine. Seule la minuscule parenth\u00e8se historique de confort et de s\u00e9curit\u00e9 extr\u00eames que nous vivons aujourd\u2019hui nous offre le loisir de pr\u00e9tendre cr\u00e2nement le contraire.<\/p>\n\n\n\n<p>Ben a mis des dessins dans son bouquin, pour que l\u2019on comprenne bien des trucs compliqu\u00e9s comme la hi\u00e9rarchie informelle de la cour de r\u00e9cr\u00e9ation&nbsp;:<\/p>\n\n\n\n<figure class=\"wp-block-image size-large\"><img loading=\"lazy\" decoding=\"async\" width=\"1024\" height=\"500\" src=\"https:\/\/leseffrontes.fr\/wp-content\/uploads\/2021\/11\/la_hierarchie_de_la_cour_de_recre_selon_ben-1024x500.jpg\" alt=\"La hi\u00e9rarchie de la cour de r\u00e9cr\u00e9ation d'apr\u00e8s Ben N\u00e9vert\" class=\"wp-image-728\" title=\"La hi\u00e9rarchie de la cour de r\u00e9cr\u00e9ation d'apr\u00e8s Ben N\u00e9vert\" srcset=\"https:\/\/leseffrontes.fr\/wp-content\/uploads\/2021\/11\/la_hierarchie_de_la_cour_de_recre_selon_ben-1024x500.jpg 1024w, https:\/\/leseffrontes.fr\/wp-content\/uploads\/2021\/11\/la_hierarchie_de_la_cour_de_recre_selon_ben-300x147.jpg 300w, https:\/\/leseffrontes.fr\/wp-content\/uploads\/2021\/11\/la_hierarchie_de_la_cour_de_recre_selon_ben-768x375.jpg 768w, https:\/\/leseffrontes.fr\/wp-content\/uploads\/2021\/11\/la_hierarchie_de_la_cour_de_recre_selon_ben.jpg 1474w\" sizes=\"auto, (max-width: 1024px) 100vw, 1024px\" \/><\/figure>\n\n\n\n<p>Je suis rest\u00e9 tr\u00e8s perplexe devant cette pyramide, qui ne ressemble en rien \u00e0 ce que j\u2019ai pu conna\u00eetre durant mon adolescence. Il se trouve que le G\u00e9n\u00e9ral Pazen, dans une vid\u00e9o de r\u00e9action \u00e0 l\u2019entretien de Ben, a dit les choses exactement comme je les vois&nbsp;:<\/p>\n\n\n\n<blockquote class=\"wp-block-quote is-layout-flow wp-block-quote-is-layout-flow\">\n<p>C&rsquo;est quoi cette connerie encore&nbsp;? La pyramide, l&rsquo;\u00e9chelle sociale de la cours de r\u00e9cr\u00e9&nbsp;: \u00ab&nbsp;les mecs les plus vaillants et courageux&nbsp;\u00bb, \u00ab&nbsp;les gar\u00e7ons eff\u00e9min\u00e9s&nbsp;\u00bb et les filles. C&rsquo;est pas du tout \u00e7a.<\/p>\n\n\n\n<p>Alors moi, si je vous fais la pyramide de l&rsquo;\u00e9cole, du coll\u00e8ge, qu&rsquo;est-ce que je mettrais&nbsp;? En premier je mettrais, en 1 les mecs populaires, 2 les filles populaires et g\u00e9n\u00e9ralement, vous savez, ils font un groupe, une sorte de meute, les gars et filles populaires. Le haut du panier. Le top 10 on va dire. Apr\u00e8s&nbsp;: la masse de gens normaux, qui veulent suivre la meute. Ensuite t&rsquo;auras les gens craignos, tout en bas. Genre&nbsp;: la fille gothique, le mec qui lit des mangas&#8230; Enfin c&rsquo;est moins&#8230; Avant, c&rsquo;\u00e9tait \u00e7a mon \u00e9poque, peut-\u00eatre que \u00e7a a chang\u00e9 maintenant. Enfin, vous voyez, les C\u00e9lestins et les C\u00e9lestines en bas de l&rsquo;\u00e9chelle, les gothiques en bac L \u2014 \u00e7a c&rsquo;est tout au fond du tiroir. Et tout en bas il y a vraiment les victimes.<\/p>\n\n\n\n<p>Voil\u00e0, \u00e7a c&rsquo;est une pyramide plus r\u00e9aliste. D\u00e9j\u00e0, \u00ab&nbsp;les gar\u00e7ons eff\u00e9min\u00e9s&nbsp;\u00bb, \u00e7a repr\u00e9sente la moiti\u00e9 du truc, alors qu&rsquo;en vrai il y en a quasiment pas, alors c&rsquo;est bizarre. Et les filles, en bas de l&rsquo;\u00e9chelle&nbsp;? Ouais, c&rsquo;est \u00e7a&#8230; Oh l\u00e0 l\u00e0, la connerie&nbsp;!<\/p>\n<cite> <em>Consul G\u00e9n\u00e9ral Pazen, <\/em>\u00ab&nbsp;Il veut d\u00e9construire sa virilit\u00e9 \u00e0 tout prix (mais ne se trouve pas encore assez d\u00e9construit)&nbsp;\u00bb<\/cite><\/blockquote>\n\n\n\n<p>Comme je dois avoir un bon quart de si\u00e8cle de plus que le G\u00e9n\u00e9ral Pazen, j\u2019en d\u00e9duis que la petite hi\u00e9rarchie sordide du coll\u00e8ge et du lyc\u00e9e n\u2019a pas chang\u00e9 du tout, et que Ben n\u2019a aucun sens de l\u2019observation. En plus, Ben se situe de lui-m\u00eame dans l\u2019\u00e9chelon interm\u00e9diaire de son mod\u00e8le, comme \u00ab&nbsp;gar\u00e7on eff\u00e9min\u00e9&nbsp;\u00bb, au dessus de toutes les filles. Cela me fait douter que Ben ait autant souffert qu\u2019il le pr\u00e9tend \u2014 s\u2019il avait fait partie des victimes m\u00e9pris\u00e9es par tous les autres gamins (gar\u00e7ons comme filles), il se placerait spontan\u00e9ment en bas la pyramide.<\/p>\n\n\n\n<p>Laissons Ben \u00e0 sa d\u00e9construction, car je veux vous pr\u00e9senter un homme autrement int\u00e9ressant. Jean Briss\u00e9 Saint-Macary a 73 ans au moment o\u00f9 la t\u00e9l\u00e9vision vient l\u2019enregistrer. Il mesure 1 m\u00e8tre 34. (Ben l\u2019a d\u00e9pass\u00e9 en taille d\u00e8s l\u2019\u00e2ge de 12 ans.)<\/p>\n\n\n\n<blockquote class=\"wp-block-quote is-layout-flow wp-block-quote-is-layout-flow\">\n<p>J&rsquo;\u00e9tais consid\u00e9r\u00e9 comme une sorte d&rsquo;\u00eatre anormal, de paria qui devait supporter toutes les mis\u00e8res, toutes les m\u00e9chancet\u00e9s que l&rsquo;on peut imaginer vis \u00e0 vis d&rsquo;un enfant pas comme tout le monde. Oh, \u00e7a&nbsp;! On m&rsquo;a fait des mis\u00e8res, vous savez \u2014 atroces \u2014 \u00e0 tel point que j&rsquo;ai cherch\u00e9 \u00e0 me suicider.<\/p>\n<cite> \u00ab&nbsp;Jean, 1 m\u00e8tre 34 et beaucoup de grandeur&nbsp;\u00bb, archives de l\u2019INA<\/cite><\/blockquote>\n\n\n\n<p>Et pourtant&nbsp;:<\/p>\n\n\n\n<blockquote class=\"wp-block-quote is-layout-flow wp-block-quote-is-layout-flow\">\n<p>Je m&rsquo;aper\u00e7ois que j&rsquo;ai une belle vie, que j&rsquo;ai eu une tr\u00e8s belle vie malgr\u00e9 l&rsquo;handicap de ma petite taille.<\/p>\n<\/blockquote>\n\n\n\n<figure class=\"wp-block-image size-full\"><img loading=\"lazy\" decoding=\"async\" width=\"967\" height=\"720\" src=\"https:\/\/leseffrontes.fr\/wp-content\/uploads\/2021\/11\/je_m_apercois_que_j_ai_eu_une_tres_belle_vie.jpg\" alt=\"Je m'aper\u00e7ois que j'ai eu une belle vie\" class=\"wp-image-730\" title=\"Je m'aper\u00e7ois que j'ai eu une belle vie\" srcset=\"https:\/\/leseffrontes.fr\/wp-content\/uploads\/2021\/11\/je_m_apercois_que_j_ai_eu_une_tres_belle_vie.jpg 967w, https:\/\/leseffrontes.fr\/wp-content\/uploads\/2021\/11\/je_m_apercois_que_j_ai_eu_une_tres_belle_vie-300x223.jpg 300w, https:\/\/leseffrontes.fr\/wp-content\/uploads\/2021\/11\/je_m_apercois_que_j_ai_eu_une_tres_belle_vie-768x572.jpg 768w, https:\/\/leseffrontes.fr\/wp-content\/uploads\/2021\/11\/je_m_apercois_que_j_ai_eu_une_tres_belle_vie-100x75.jpg 100w\" sizes=\"auto, (max-width: 967px) 100vw, 967px\" \/><\/figure>\n\n\n\n<p>Comment a-t-il fait&nbsp;? Et bien, en cultivant sa virilit\u00e9 selon l\u2019axe qui lui \u00e9tait physiquement possible&nbsp;: le travail, la performance intellectuelle. Jean fut \u00ab&nbsp;bachelier avec mention, docteur en droit \u00e0 26 ans avec un premier prix au concours des th\u00e8ses, conseiller au Minist\u00e8re de la justice&nbsp;\u00bb, puis il s\u2019installe comme notaire pour tenir une promesse faite \u00e0 son p\u00e8re. \u00c0 43 ans il prend femme, a des enfants puis des petits-enfants.<\/p>\n\n\n\n<p>\u00c0 propos des femmes, il partage avec Ben l\u2019exp\u00e9rience douloureuse de leur m\u00e9pris pour les hommes de petite taille&nbsp;:<\/p>\n\n\n\n<blockquote class=\"wp-block-quote is-layout-flow wp-block-quote-is-layout-flow\">\n<p>C&rsquo;est certain que ce sont des femmes, de fort belles femmes que j&rsquo;ai pu croiser dans mon existence, qui ont eu les termes de m\u00e9pris les plus blessants que j&rsquo;ai re\u00e7u dans mon existence.<\/p>\n<\/blockquote>\n\n\n\n<figure class=\"wp-block-image size-full\"><img loading=\"lazy\" decoding=\"async\" width=\"966\" height=\"720\" src=\"https:\/\/leseffrontes.fr\/wp-content\/uploads\/2021\/11\/ce_sont_les_femmes_qui_ont_eu_les_termes_de_mepris_les_plus_blessants.jpg\" alt=\"Ce sont les femmes qui ont eu les termes de m\u00e9pris les plus blessants dans mon existence\" class=\"wp-image-733\" title=\"Ce sont les femmes qui ont eu les termes de m\u00e9pris les plus blessants dans mon existence\" srcset=\"https:\/\/leseffrontes.fr\/wp-content\/uploads\/2021\/11\/ce_sont_les_femmes_qui_ont_eu_les_termes_de_mepris_les_plus_blessants.jpg 966w, https:\/\/leseffrontes.fr\/wp-content\/uploads\/2021\/11\/ce_sont_les_femmes_qui_ont_eu_les_termes_de_mepris_les_plus_blessants-300x224.jpg 300w, https:\/\/leseffrontes.fr\/wp-content\/uploads\/2021\/11\/ce_sont_les_femmes_qui_ont_eu_les_termes_de_mepris_les_plus_blessants-768x572.jpg 768w, https:\/\/leseffrontes.fr\/wp-content\/uploads\/2021\/11\/ce_sont_les_femmes_qui_ont_eu_les_termes_de_mepris_les_plus_blessants-100x75.jpg 100w\" sizes=\"auto, (max-width: 966px) 100vw, 966px\" \/><\/figure>\n\n\n\n<p>Mais Jean n\u2019y voit pas l\u2019effet d\u2019un syst\u00e8me. Il constate simplement la pr\u00e9f\u00e9rence f\u00e9minine pour les hommes grands. Jean n\u2019a certainement jamais eu l\u2019id\u00e9e de \u00ab&nbsp;d\u00e9construire la virilit\u00e9&nbsp;\u00bb, qui lui aurait parue bien saugrenue. Au lieu de cela, il s\u2019est employ\u00e9 \u00e0 <em>construire sa vie d\u2019homme<\/em>. En 1975, il a publi\u00e9 chez Julliard un texte intitul\u00e9 <em>1 m\u00e8tre 34<\/em>, que l\u2019on peut trouver sur les sites de livres d\u2019occasion. Je suis certain qu\u2019il s\u2019y trouve bien plus d\u2019inspiration virile pour un gar\u00e7on d\u00e9sireux de devenir un homme que dans toute l\u2019\u0153uvre geignarde de Ben N\u00e9vert.<\/p>","protected":false},"excerpt":{"rendered":"<p>C\u2019est l\u2019histoire poignante de Ben N\u00e9vert, un gar\u00e7on petit avec de grandes oreilles, qui a d\u00e9cid\u00e9 de d\u00e9construire la virilit\u00e9. Il a \u00e9crit un bouquin avec un titre d\u2019une rare honn\u00eatet\u00e9, Je ne suis pas viril, et des jolis dessins dedans pour expliquer. Ben a eu un d\u00e9ficit d\u2019hormone de&hellip;<\/p>\n<p><a class=\"excerpt-readmore\" href=\"https:\/\/leseffrontes.fr\/index.php\/2021\/10\/30\/garcon-deconstruit-contre-homme-construit\/\">Read More<\/a><\/p>","protected":false},"author":2,"featured_media":735,"comment_status":"open","ping_status":"open","sticky":false,"template":"","format":"standard","meta":{"twitterCardType":"","cardImageID":0,"cardImage":"","cardTitle":"","cardDesc":"","cardImageAlt":"","cardPlayer":"","cardPlayerWidth":0,"cardPlayerHeight":0,"cardPlayerStream":"","cardPlayerCodec":"","footnotes":""},"categories":[1],"tags":[50,51,16],"class_list":["post-727","post","type-post","status-publish","format-standard","has-post-thumbnail","hentry","category-opinions","tag-enfance","tag-harcelement","tag-virilite","odd"],"_links":{"self":[{"href":"https:\/\/leseffrontes.fr\/index.php\/wp-json\/wp\/v2\/posts\/727","targetHints":{"allow":["GET"]}}],"collection":[{"href":"https:\/\/leseffrontes.fr\/index.php\/wp-json\/wp\/v2\/posts"}],"about":[{"href":"https:\/\/leseffrontes.fr\/index.php\/wp-json\/wp\/v2\/types\/post"}],"author":[{"embeddable":true,"href":"https:\/\/leseffrontes.fr\/index.php\/wp-json\/wp\/v2\/users\/2"}],"replies":[{"embeddable":true,"href":"https:\/\/leseffrontes.fr\/index.php\/wp-json\/wp\/v2\/comments?post=727"}],"version-history":[{"count":9,"href":"https:\/\/leseffrontes.fr\/index.php\/wp-json\/wp\/v2\/posts\/727\/revisions"}],"predecessor-version":[{"id":1893,"href":"https:\/\/leseffrontes.fr\/index.php\/wp-json\/wp\/v2\/posts\/727\/revisions\/1893"}],"wp:featuredmedia":[{"embeddable":true,"href":"https:\/\/leseffrontes.fr\/index.php\/wp-json\/wp\/v2\/media\/735"}],"wp:attachment":[{"href":"https:\/\/leseffrontes.fr\/index.php\/wp-json\/wp\/v2\/media?parent=727"}],"wp:term":[{"taxonomy":"category","embeddable":true,"href":"https:\/\/leseffrontes.fr\/index.php\/wp-json\/wp\/v2\/categories?post=727"},{"taxonomy":"post_tag","embeddable":true,"href":"https:\/\/leseffrontes.fr\/index.php\/wp-json\/wp\/v2\/tags?post=727"}],"curies":[{"name":"wp","href":"https:\/\/api.w.org\/{rel}","templated":true}]}}