{"id":862,"date":"2022-01-31T19:49:00","date_gmt":"2022-01-31T18:49:00","guid":{"rendered":"https:\/\/leseffrontes.fr\/?p=862"},"modified":"2024-03-31T17:02:34","modified_gmt":"2024-03-31T15:02:34","slug":"leffrontee-du-mois-de-janvier-2022-callisto","status":"publish","type":"post","link":"https:\/\/leseffrontes.fr\/index.php\/2022\/01\/31\/leffrontee-du-mois-de-janvier-2022-callisto\/","title":{"rendered":"L\u2019Effront\u00e9e du mois de janvier 2022\u00a0: Callisto"},"content":{"rendered":"\n<blockquote class=\"wp-block-quote is-layout-flow wp-block-quote-is-layout-flow\">\n<p>\u2014 Callisto, regarde&nbsp;! J\u2019ai la couronne&nbsp;! J\u2019ai eu la f\u00e8ve&nbsp;!<\/p>\n\n\n\n<p>\u2014 Bravo Juju. Va t\u2019amuser avec tes amis.<\/p>\n\n\n\n<p>\u2014 Je t\u2019ai choisie pour \u00eatre ma Reine&nbsp;! Il y a une couronne pour toi aussi, et je t\u2019ai gard\u00e9 de la galette.<\/p>\n\n\n\n<p>\u2014 Alors non, la couronne pas question et la frangipane c\u2019est trop sucr\u00e9. Maintenant laisse-moi, j\u2019ai une partie de chasse ce soir. Art\u00e9mis a trouv\u00e9 un nouveau bar-\u00e0-mecs super sympa.<\/p>\n\n\n\n<p>\u2014 Mais Callisto, tu m\u2019avais dit que tu fantasmais sur les rois, les rappeurs et les milliardaires\u2026<\/p>\n\n\n\n<p>\u2014 T\u2019es trop chou Juju&nbsp;! Toi c\u2019est diff\u00e9rent, tu es en ami pour moi. Tu es troooop gentil. Mais ne t\u2019inqui\u00e8te pas&nbsp;: je suis s\u00fbre que vas trouver quelqu\u2019un qui te plaira et qui t\u2019aimeras aussi.<\/p>\n\n\n\n<p>\u2014 C\u2019est toi qui me pla\u00eet Callisto\u2026 Je vais apprendre \u00e0 rapper pour toi&nbsp;!<\/p>\n<\/blockquote>\n\n\n\n<p>Les anges&nbsp;:<\/p>\n\n\n\n<blockquote class=\"wp-block-quote is-layout-flow wp-block-quote-is-layout-flow\">\n<p>\u2014 Laisse tomber, gros&nbsp;! Tu vois bien que tu l\u2019excites pas. Aucun signe d\u2019int\u00e9r\u00eat, elle t\u2019a amifi\u00e9 mon poto. Ton probl\u00e8me, c\u2019est pas le physique, t\u2019es d\u00e9j\u00e0 pas mal gaul\u00e9. Faut pas pousser plus de poids \u00e0 la salle, sinon tu vas finir comme un tourteau, et \u00e7a c\u2019est pas optimal. Mais l\u2019attitude, fr\u00e9rot&nbsp;! L\u2019attitude \u00e7a ne va pas du tout. Faut pas la traiter en d\u00e9esse (d\u2019ailleurs elle n\u2019est qu\u2019une nymphe), sinon elle te traitera en simple mortel. C\u2019est logique. Et arr\u00eate de faire le canard romantique, bordel&nbsp;! Tiens, prend ce masque de couillu. M\u00eame si c\u2019est pas ton truc, joue lui le mauvais gar\u00e7on qu\u2019a d\u00e9j\u00e0 tout labour\u00e9 sauf son boule. Ne la met JAMAIS sur un piedestal. Elle VEUT un mec d\u2019une plus grande valeur qu\u2019elle. Si tu te mets en dessous d\u2019elle, son hypergamie va flipper et elle ira chercher de la teub ailleurs. C\u2019est facile ou pas&nbsp;?<\/p>\n<\/blockquote>\n\n\n\n<p>Les chiens&nbsp;:<\/p>\n\n\n\n<blockquote class=\"wp-block-quote is-layout-flow wp-block-quote-is-layout-flow\">\n<p>\u2014 \u0191\u2019est bien compliqu\u00e9 la \u0192exualit\u00e9 des vumains. Pour nous les \u0192iens, \u0192\u2019est beaucoup plus \u0192imple&nbsp;: quand une \u0192ienne du coin est en \u0192aleur, \u0192i t\u2019arrives \u00e0 pa\u0192\u0192er fous la cl\u00f4ture et que tu cours un peu plus vite qu\u2019elle (des \u0192ois elle t\u2019attend un peu pour voir), tu la rattrapes, elle est contente et hop&nbsp;: levrette. (\u0191\u2019est pas tr\u00e8s vari\u00e9 les povi\u0192ions, mais on \u0192\u2019en \u0192out.) \u0191i les vumains continuent de rater leurs \u0192aillies, ils vont plus arriver \u00e0 \u0192e reproduire et on va re\u0192ter \u0192euls. On \u0192era tr\u00e8s tri\u0192tes.<\/p>\n<\/blockquote>\n\n\n\n<p>Illustration\u00a0: <em>Jupiter et Callisto<\/em>, par Caesar Boetius van Everdingen, 1655<\/p>","protected":false},"excerpt":{"rendered":"<p>\u2014 Callisto, regarde&nbsp;! J\u2019ai la couronne&nbsp;! J\u2019ai eu la f\u00e8ve&nbsp;! \u2014 Bravo Juju. Va t\u2019amuser avec tes amis. \u2014 Je t\u2019ai choisie pour \u00eatre ma Reine&nbsp;! Il y a une couronne pour toi aussi, et je t\u2019ai gard\u00e9 de la galette. \u2014 Alors non, la couronne pas question et la&hellip;<\/p>\n<p><a class=\"excerpt-readmore\" href=\"https:\/\/leseffrontes.fr\/index.php\/2022\/01\/31\/leffrontee-du-mois-de-janvier-2022-callisto\/\">Read More<\/a><\/p>","protected":false},"author":2,"featured_media":865,"comment_status":"open","ping_status":"open","sticky":false,"template":"","format":"standard","meta":{"twitterCardType":"","cardImageID":0,"cardImage":"","cardTitle":"","cardDesc":"","cardImageAlt":"","cardPlayer":"","cardPlayerWidth":0,"cardPlayerHeight":0,"cardPlayerStream":"","cardPlayerCodec":"","footnotes":""},"categories":[8],"tags":[57,64],"class_list":["post-862","post","type-post","status-publish","format-standard","has-post-thumbnail","hentry","category-effronteedumois","tag-caesar-boetius-van-everdingen","tag-effrontee","odd"],"_links":{"self":[{"href":"https:\/\/leseffrontes.fr\/index.php\/wp-json\/wp\/v2\/posts\/862","targetHints":{"allow":["GET"]}}],"collection":[{"href":"https:\/\/leseffrontes.fr\/index.php\/wp-json\/wp\/v2\/posts"}],"about":[{"href":"https:\/\/leseffrontes.fr\/index.php\/wp-json\/wp\/v2\/types\/post"}],"author":[{"embeddable":true,"href":"https:\/\/leseffrontes.fr\/index.php\/wp-json\/wp\/v2\/users\/2"}],"replies":[{"embeddable":true,"href":"https:\/\/leseffrontes.fr\/index.php\/wp-json\/wp\/v2\/comments?post=862"}],"version-history":[{"count":5,"href":"https:\/\/leseffrontes.fr\/index.php\/wp-json\/wp\/v2\/posts\/862\/revisions"}],"predecessor-version":[{"id":1987,"href":"https:\/\/leseffrontes.fr\/index.php\/wp-json\/wp\/v2\/posts\/862\/revisions\/1987"}],"wp:featuredmedia":[{"embeddable":true,"href":"https:\/\/leseffrontes.fr\/index.php\/wp-json\/wp\/v2\/media\/865"}],"wp:attachment":[{"href":"https:\/\/leseffrontes.fr\/index.php\/wp-json\/wp\/v2\/media?parent=862"}],"wp:term":[{"taxonomy":"category","embeddable":true,"href":"https:\/\/leseffrontes.fr\/index.php\/wp-json\/wp\/v2\/categories?post=862"},{"taxonomy":"post_tag","embeddable":true,"href":"https:\/\/leseffrontes.fr\/index.php\/wp-json\/wp\/v2\/tags?post=862"}],"curies":[{"name":"wp","href":"https:\/\/api.w.org\/{rel}","templated":true}]}}