{"id":958,"date":"2022-04-30T16:01:00","date_gmt":"2022-04-30T14:01:00","guid":{"rendered":"https:\/\/leseffrontes.fr\/?p=958"},"modified":"2024-03-31T17:01:50","modified_gmt":"2024-03-31T15:01:50","slug":"leffrontee-du-mois-davril-2022-marieke","status":"publish","type":"post","link":"https:\/\/leseffrontes.fr\/index.php\/2022\/04\/30\/leffrontee-du-mois-davril-2022-marieke\/","title":{"rendered":"L\u2019Effront\u00e9e du mois d\u2019avril 2022\u00a0: Marieke"},"content":{"rendered":"\n<blockquote class=\"wp-block-quote is-layout-flow wp-block-quote-is-layout-flow\">\n<p>Bonsoir&nbsp;! Moi c\u2019est Marieke. Merci \u00e0 la Taverne autog\u00e9r\u00e9e des Rosi\u00e8res Enrag\u00e9es de m\u2019accueillir ce soir. Et salut \u00e0 toutes mes camarades de luth&nbsp;: Drika, Rhetta, Brechtje et Daffodil. Au sein du collectif \u00ab&nbsp;Stop \u00e0 l\u2019oppression du nichon&nbsp;\u00bb, nous luttons contre l\u2019injonction \u00e0 porter des trucs sur ou sous les mamelons. Nous sommes solidaires avec les femmes d\u2019\u00c9thiopie qui nous montrent la voie de la lib\u00e9ration de notre corps (m\u00eame si, il faut bien l\u2019avouer, le climat des Pays-Bas ne nous facilite pas la t\u00e2che). Je vais maintenant vous partager mon exp\u00e9rience, dans une chanson, en m\u2019accompagnant avec ce cistre \u00e9co-con\u00e7u en bois renouvelable.<\/p>\n\n\n\n<p>Quand j\u2019\u00e9tais encore sage<\/p>\n\n\n\n<p>Et craignant les gar\u00e7ons<\/p>\n\n\n\n<p>Je portais un corsage<\/p>\n\n\n\n<p>Qui cachait mes t\u00e9tons<\/p>\n\n\n\n<p>Toute la journ\u00e9e, ballote<\/p>\n\n\n\n<p>J\u2019\u00e9tais pas d\u00e9gourdi<\/p>\n\n\n\n<p>Le sein sous une capote<\/p>\n\n\n\n<p>Je comptais mon ennui<\/p>\n\n\n\n<p>La la la, plus d\u2019contrainte&nbsp;!<\/p>\n\n\n\n<p>J\u2019ai les t\u00e9t\u00e9s qui pointent (c\u2019est le refrain)<\/p>\n\n\n\n<p>La la la, quelle aisance&nbsp;!<\/p>\n\n\n\n<p>Les t\u00e9tines qui s\u2019balancent (il est bien, hein?)<\/p>\n\n\n\n<p>Un matin, coup de chance<\/p>\n\n\n\n<p>Mon corset a craqu\u00e9<\/p>\n\n\n\n<p>Au sortir de l\u2019enfance<\/p>\n\n\n\n<p>J\u2019avais des gros n\u00e9n\u00e9s<\/p>\n\n\n\n<p>Les hommes matent mes miches<\/p>\n\n\n\n<p>Ce sont tous des cochons<\/p>\n\n\n\n<p>S\u2019ils sont beaux je m\u2019en fiche<\/p>\n\n\n\n<p>S\u2019ils sont laids, r\u00e9torsion&nbsp;!<\/p>\n\n\n\n<p>La la la, plus d\u2019contrainte&nbsp;!<\/p>\n\n\n\n<p>J\u2019ai les lolos qui pointent (toi aussi?)<\/p>\n\n\n\n<p>La la la, quelle aisance&nbsp;!<\/p>\n\n\n\n<p>Les roploplos qui s\u2019balancent (c\u2019est dur \u00e0 chanter)<\/p>\n\n\n\n<p>Je deviens impudique<\/p>\n\n\n\n<p>Quand je croise des soldats<\/p>\n\n\n\n<p>J\u2019aime leurs regards lubriques<\/p>\n\n\n\n<p>Mort au patriarcat&nbsp;!<\/p>\n\n\n\n<p>Mort au patriarcaaaaat&nbsp;!<\/p>\n\n\n\n<p>Merci, merci&nbsp;! J\u2019esp\u00e8re que \u00e7a vous a plu. N\u2019oubliez pas le chapeau, je compte sur votre soutien. Mes seins aussi.<\/p>\n<\/blockquote>\n\n\n\n<p>Illustration&nbsp;: <em>Joueuse de cistre<\/em>, par Caesar Boetius van Everdingen, 1678<\/p>","protected":false},"excerpt":{"rendered":"<p>Bonsoir&nbsp;! Moi c\u2019est Marieke. Merci \u00e0 la Taverne autog\u00e9r\u00e9e des Rosi\u00e8res Enrag\u00e9es de m\u2019accueillir ce soir. Et salut \u00e0 toutes mes camarades de luth&nbsp;: Drika, Rhetta, Brechtje et Daffodil. Au sein du collectif \u00ab&nbsp;Stop \u00e0 l\u2019oppression du nichon&nbsp;\u00bb, nous luttons contre l\u2019injonction \u00e0 porter des trucs sur ou sous les&hellip;<\/p>\n<p><a class=\"excerpt-readmore\" href=\"https:\/\/leseffrontes.fr\/index.php\/2022\/04\/30\/leffrontee-du-mois-davril-2022-marieke\/\">Read More<\/a><\/p>","protected":false},"author":2,"featured_media":959,"comment_status":"open","ping_status":"open","sticky":false,"template":"","format":"standard","meta":{"twitterCardType":"","cardImageID":0,"cardImage":"","cardTitle":"","cardDesc":"","cardImageAlt":"","cardPlayer":"","cardPlayerWidth":0,"cardPlayerHeight":0,"cardPlayerStream":"","cardPlayerCodec":"","footnotes":""},"categories":[8],"tags":[57,64],"class_list":["post-958","post","type-post","status-publish","format-standard","has-post-thumbnail","hentry","category-effronteedumois","tag-caesar-boetius-van-everdingen","tag-effrontee","odd"],"_links":{"self":[{"href":"https:\/\/leseffrontes.fr\/index.php\/wp-json\/wp\/v2\/posts\/958","targetHints":{"allow":["GET"]}}],"collection":[{"href":"https:\/\/leseffrontes.fr\/index.php\/wp-json\/wp\/v2\/posts"}],"about":[{"href":"https:\/\/leseffrontes.fr\/index.php\/wp-json\/wp\/v2\/types\/post"}],"author":[{"embeddable":true,"href":"https:\/\/leseffrontes.fr\/index.php\/wp-json\/wp\/v2\/users\/2"}],"replies":[{"embeddable":true,"href":"https:\/\/leseffrontes.fr\/index.php\/wp-json\/wp\/v2\/comments?post=958"}],"version-history":[{"count":2,"href":"https:\/\/leseffrontes.fr\/index.php\/wp-json\/wp\/v2\/posts\/958\/revisions"}],"predecessor-version":[{"id":1983,"href":"https:\/\/leseffrontes.fr\/index.php\/wp-json\/wp\/v2\/posts\/958\/revisions\/1983"}],"wp:featuredmedia":[{"embeddable":true,"href":"https:\/\/leseffrontes.fr\/index.php\/wp-json\/wp\/v2\/media\/959"}],"wp:attachment":[{"href":"https:\/\/leseffrontes.fr\/index.php\/wp-json\/wp\/v2\/media?parent=958"}],"wp:term":[{"taxonomy":"category","embeddable":true,"href":"https:\/\/leseffrontes.fr\/index.php\/wp-json\/wp\/v2\/categories?post=958"},{"taxonomy":"post_tag","embeddable":true,"href":"https:\/\/leseffrontes.fr\/index.php\/wp-json\/wp\/v2\/tags?post=958"}],"curies":[{"name":"wp","href":"https:\/\/api.w.org\/{rel}","templated":true}]}}